{"id":873,"date":"2012-10-26T00:00:00","date_gmt":"2012-10-26T00:00:00","guid":{"rendered":"https:\/\/afzo.ch\/wp\/firmenbesichtigung-real-stein\/"},"modified":"2026-06-19T21:22:07","modified_gmt":"2026-06-19T21:22:07","slug":"firmenbesichtigung-real-stein-fr-26-oktober-2012","status":"publish","type":"post","link":"https:\/\/afzo.ch\/wp\/firmenbesichtigung-real-stein-fr-26-oktober-2012\/","title":{"rendered":"Firmenbesichtigung &#8211; Real.Stein | Fr. 26. Oktober 2012"},"content":{"rendered":"<p style=\"text-align: left;\"><a href=\"http:\/\/maps.google.ch\/maps?f=q&amp;source=s_q&amp;hl=de&amp;geocode=&amp;q=47.313908,8.916543&amp;sll=46.362093,9.036255&amp;sspn=5.481358,8.514404&amp;ie=UTF8&amp;z=13\" target=\"_blank\"> <img decoding=\"async\" src=\"..\/..\/button_lageplan.jpg\" width=\"250\"\/><\/a>&nbsp;&nbsp;&nbsp;&nbsp;&nbsp;&nbsp;<a href=\"..\/..\/images.html?http:\/\/www.afzo.ch\/baupreis\/10201210.xml\" onclick=\"window.open(this.href, 'width=100%,resizable,scrollbars,toolbar,menubar') ;return false;\"> <img decoding=\"async\" src=\"..\/..\/button_bilder.jpg\" width=\"250\"\/><\/a><\/p>\n<p style=\"text-align: left;\"><strong>afzo Event<\/strong><\/p>\n<p style=\"margin-top:0.3em\">Firmenbesichtigung Real.Stein in Gibswil ZH<\/p>\n<p><strong>Treffpunkt<\/strong><\/p>\n<p style=\"margin-top:0.3em\">Freitag, 26. Oktober 2012, 16:00 Uhr<br \/>Industrie Eschmattstrasse 7<br \/>8498 Gibswil<\/p>\n<ol style=\"list-style-type:disc;\">\n<li>16:00 Begr\u00fcssung<\/li>\n<li>Ca. 2h F\u00fchrung<\/li>\n<li>Anschliessend Ap\u00e9ro (offeriert von Real.Stein AG<\/li>\n<\/ol><\/p>\n","protected":false},"excerpt":{"rendered":"<p>&nbsp;&nbsp;&nbsp;&nbsp;&nbsp;&nbsp; afzo Event Firmenbesichtigung Real.Stein in Gibswil ZH Treffpunkt Freitag, 26. Oktober 2012, 16:00 UhrIndustrie Eschmattstrasse 78498 Gibswil 16:00 Begr\u00fcssung Ca. 2h F\u00fchrung Anschliessend Ap\u00e9ro (offeriert von Real.Stein AG<\/p>\n","protected":false},"author":1,"featured_media":2905,"comment_status":"closed","ping_status":"closed","sticky":false,"template":"","format":"standard","meta":{"om_disable_all_campaigns":false,"_monsterinsights_skip_tracking":false,"_jetpack_newsletter_access":"","_jetpack_dont_email_post_to_subs":false,"_jetpack_newsletter_tier_id":0,"_jetpack_memberships_contains_paywalled_content":false,"_jetpack_feature_clip_id":0,"_jetpack_memberships_contains_paid_content":false,"footnotes":"","jetpack_post_was_ever_published":false},"categories":[19],"tags":[],"class_list":["post-873","post","type-post","status-publish","format-standard","has-post-thumbnail","hentry","category-archiv"],"aioseo_notices":[],"aioseo_head":"\n\t\t<!-- All in One SEO 5.0.0.1 - aioseo.com -->\n\t<meta name=\"description\" content=\"afzo EventFirmenbesichtigung Real.Stein in Gibswil ZHTreffpunktFreitag, 26. Oktober 2012, 16:00 UhrIndustrie Eschmattstrasse 78498 Gibswil 16:00 Begr\u00fcssung Ca. 2h F\u00fchrung Anschliessend Ap\u00e9ro (offeriert von Real.Stein AG\" \/>\n\t<meta name=\"robots\" content=\"max-image-preview:large\" \/>\n\t<meta name=\"author\" content=\"admin\"\/>\n\t<link rel=\"canonical\" href=\"https:\/\/afzo.ch\/wp\/firmenbesichtigung-real-stein-fr-26-oktober-2012\/\" \/>\n\t<meta name=\"generator\" content=\"All in One SEO (AIOSEO) 5.0.0.1\" \/>\n\t\t<meta property=\"og:locale\" content=\"de_DE\" \/>\n\t\t<meta property=\"og:site_name\" content=\"Architekturforum Z\u00fcrcher Oberland -\" \/>\n\t\t<meta property=\"og:type\" content=\"article\" \/>\n\t\t<meta property=\"og:title\" content=\"Firmenbesichtigung \u2013 Real.Stein | Fr. 26. Oktober 2012 - Architekturforum Z\u00fcrcher Oberland\" \/>\n\t\t<meta property=\"og:description\" content=\"afzo EventFirmenbesichtigung Real.Stein in Gibswil ZHTreffpunktFreitag, 26. Oktober 2012, 16:00 UhrIndustrie Eschmattstrasse 78498 Gibswil 16:00 Begr\u00fcssung Ca. 2h F\u00fchrung Anschliessend Ap\u00e9ro (offeriert von Real.Stein AG\" \/>\n\t\t<meta property=\"og:url\" content=\"https:\/\/afzo.ch\/wp\/firmenbesichtigung-real-stein-fr-26-oktober-2012\/\" \/>\n\t\t<meta property=\"og:image\" content=\"https:\/\/i0.wp.com\/afzo.ch\/wp\/wp-content\/uploads\/2023\/09\/cropped-logo_afzo_white.png?fit=1619%2C306&#038;ssl=1\" \/>\n\t\t<meta property=\"og:image:secure_url\" content=\"https:\/\/i0.wp.com\/afzo.ch\/wp\/wp-content\/uploads\/2023\/09\/cropped-logo_afzo_white.png?fit=1619%2C306&#038;ssl=1\" \/>\n\t\t<meta property=\"article:published_time\" content=\"2012-10-26T00:00:00+00:00\" \/>\n\t\t<meta property=\"article:modified_time\" content=\"2026-06-19T21:22:07+00:00\" \/>\n\t\t<meta name=\"twitter:card\" content=\"summary_large_image\" \/>\n\t\t<meta name=\"twitter:title\" content=\"Firmenbesichtigung \u2013 Real.Stein | Fr. 26. Oktober 2012 - Architekturforum Z\u00fcrcher Oberland\" \/>\n\t\t<meta name=\"twitter:description\" content=\"afzo EventFirmenbesichtigung Real.Stein in Gibswil ZHTreffpunktFreitag, 26. Oktober 2012, 16:00 UhrIndustrie Eschmattstrasse 78498 Gibswil 16:00 Begr\u00fcssung Ca. 2h F\u00fchrung Anschliessend Ap\u00e9ro (offeriert von Real.Stein AG\" \/>\n\t\t<meta name=\"twitter:image\" content=\"https:\/\/i0.wp.com\/afzo.ch\/wp\/wp-content\/uploads\/2023\/09\/cropped-logo_afzo_white.png?fit=1619%2C306&amp;ssl=1\" \/>\n\t\t<script type=\"application\/ld+json\" class=\"aioseo-schema\">\n\t\t\t{\"@context\":\"https:\\\/\\\/schema.org\",\"@graph\":[{\"@type\":\"BlogPosting\",\"@id\":\"https:\\\/\\\/afzo.ch\\\/wp\\\/firmenbesichtigung-real-stein-fr-26-oktober-2012\\\/#blogposting\",\"name\":\"Firmenbesichtigung \\u2013 Real.Stein | Fr. 26. Oktober 2012 - Architekturforum Z\\u00fcrcher Oberland\",\"headline\":\"Firmenbesichtigung &#8211; Real.Stein | Fr. 26. Oktober 2012\",\"author\":{\"@id\":\"https:\\\/\\\/afzo.ch\\\/wp\\\/author\\\/werkteam_wt99\\\/#author\"},\"publisher\":{\"@id\":\"https:\\\/\\\/afzo.ch\\\/wp\\\/#organization\"},\"image\":{\"@type\":\"ImageObject\",\"url\":\"https:\\\/\\\/i0.wp.com\\\/afzo.ch\\\/wp\\\/wp-content\\\/uploads\\\/2026\\\/06\\\/20121026.jpg?fit=300%2C150&ssl=1\",\"width\":300,\"height\":150},\"datePublished\":\"2012-10-26T00:00:00+00:00\",\"dateModified\":\"2026-06-19T21:22:07+00:00\",\"inLanguage\":\"de-DE\",\"mainEntityOfPage\":{\"@id\":\"https:\\\/\\\/afzo.ch\\\/wp\\\/firmenbesichtigung-real-stein-fr-26-oktober-2012\\\/#webpage\"},\"isPartOf\":{\"@id\":\"https:\\\/\\\/afzo.ch\\\/wp\\\/firmenbesichtigung-real-stein-fr-26-oktober-2012\\\/#webpage\"},\"articleSection\":\"Archiv\"},{\"@type\":\"BreadcrumbList\",\"@id\":\"https:\\\/\\\/afzo.ch\\\/wp\\\/firmenbesichtigung-real-stein-fr-26-oktober-2012\\\/#breadcrumblist\",\"itemListElement\":[{\"@type\":\"ListItem\",\"@id\":\"https:\\\/\\\/afzo.ch\\\/wp#listItem\",\"position\":1,\"name\":\"Home\",\"item\":\"https:\\\/\\\/afzo.ch\\\/wp\",\"nextItem\":{\"@type\":\"ListItem\",\"@id\":\"https:\\\/\\\/afzo.ch\\\/wp\\\/category\\\/archiv\\\/#listItem\",\"name\":\"Archiv\"}},{\"@type\":\"ListItem\",\"@id\":\"https:\\\/\\\/afzo.ch\\\/wp\\\/category\\\/archiv\\\/#listItem\",\"position\":2,\"name\":\"Archiv\",\"item\":\"https:\\\/\\\/afzo.ch\\\/wp\\\/category\\\/archiv\\\/\",\"nextItem\":{\"@type\":\"ListItem\",\"@id\":\"https:\\\/\\\/afzo.ch\\\/wp\\\/firmenbesichtigung-real-stein-fr-26-oktober-2012\\\/#listItem\",\"name\":\"Firmenbesichtigung &#8211; Real.Stein | Fr. 26. Oktober 2012\"},\"previousItem\":{\"@type\":\"ListItem\",\"@id\":\"https:\\\/\\\/afzo.ch\\\/wp#listItem\",\"name\":\"Home\"}},{\"@type\":\"ListItem\",\"@id\":\"https:\\\/\\\/afzo.ch\\\/wp\\\/firmenbesichtigung-real-stein-fr-26-oktober-2012\\\/#listItem\",\"position\":3,\"name\":\"Firmenbesichtigung &#8211; Real.Stein | Fr. 26. Oktober 2012\",\"previousItem\":{\"@type\":\"ListItem\",\"@id\":\"https:\\\/\\\/afzo.ch\\\/wp\\\/category\\\/archiv\\\/#listItem\",\"name\":\"Archiv\"}}]},{\"@type\":\"Organization\",\"@id\":\"https:\\\/\\\/afzo.ch\\\/wp\\\/#organization\",\"name\":\"werkteam architekten ag\",\"url\":\"https:\\\/\\\/afzo.ch\\\/wp\\\/\",\"telephone\":\"+41449974525\",\"logo\":{\"@type\":\"ImageObject\",\"url\":\"https:\\\/\\\/i0.wp.com\\\/afzo.ch\\\/wp\\\/wp-content\\\/uploads\\\/2022\\\/12\\\/werkteam_logo.png?fit=1500%2C176&ssl=1\",\"@id\":\"https:\\\/\\\/afzo.ch\\\/wp\\\/firmenbesichtigung-real-stein-fr-26-oktober-2012\\\/#organizationLogo\",\"width\":1500,\"height\":176},\"image\":{\"@id\":\"https:\\\/\\\/afzo.ch\\\/wp\\\/firmenbesichtigung-real-stein-fr-26-oktober-2012\\\/#organizationLogo\"}},{\"@type\":\"Person\",\"@id\":\"https:\\\/\\\/afzo.ch\\\/wp\\\/author\\\/werkteam_wt99\\\/#author\",\"url\":\"https:\\\/\\\/afzo.ch\\\/wp\\\/author\\\/werkteam_wt99\\\/\",\"name\":\"admin\",\"image\":{\"@type\":\"ImageObject\",\"@id\":\"https:\\\/\\\/afzo.ch\\\/wp\\\/firmenbesichtigung-real-stein-fr-26-oktober-2012\\\/#authorImage\",\"url\":\"https:\\\/\\\/secure.gravatar.com\\\/avatar\\\/080a16143280f0b259f3a0ad237b3a3663a0de5273305a74456e42c79268cb1c?s=96&d=mm&r=g\",\"width\":96,\"height\":96,\"caption\":\"admin\"}},{\"@type\":\"WebPage\",\"@id\":\"https:\\\/\\\/afzo.ch\\\/wp\\\/firmenbesichtigung-real-stein-fr-26-oktober-2012\\\/#webpage\",\"url\":\"https:\\\/\\\/afzo.ch\\\/wp\\\/firmenbesichtigung-real-stein-fr-26-oktober-2012\\\/\",\"name\":\"Firmenbesichtigung \\u2013 Real.Stein | Fr. 26. Oktober 2012 - Architekturforum Z\\u00fcrcher Oberland\",\"description\":\"afzo EventFirmenbesichtigung Real.Stein in Gibswil ZHTreffpunktFreitag, 26. Oktober 2012, 16:00 UhrIndustrie Eschmattstrasse 78498 Gibswil 16:00 Begr\\u00fcssung Ca. 2h F\\u00fchrung Anschliessend Ap\\u00e9ro (offeriert von Real.Stein AG\",\"inLanguage\":\"de-DE\",\"isPartOf\":{\"@id\":\"https:\\\/\\\/afzo.ch\\\/wp\\\/#website\"},\"breadcrumb\":{\"@id\":\"https:\\\/\\\/afzo.ch\\\/wp\\\/firmenbesichtigung-real-stein-fr-26-oktober-2012\\\/#breadcrumblist\"},\"author\":{\"@id\":\"https:\\\/\\\/afzo.ch\\\/wp\\\/author\\\/werkteam_wt99\\\/#author\"},\"creator\":{\"@id\":\"https:\\\/\\\/afzo.ch\\\/wp\\\/author\\\/werkteam_wt99\\\/#author\"},\"image\":{\"@type\":\"ImageObject\",\"url\":\"https:\\\/\\\/i0.wp.com\\\/afzo.ch\\\/wp\\\/wp-content\\\/uploads\\\/2026\\\/06\\\/20121026.jpg?fit=300%2C150&ssl=1\",\"@id\":\"https:\\\/\\\/afzo.ch\\\/wp\\\/firmenbesichtigung-real-stein-fr-26-oktober-2012\\\/#mainImage\",\"width\":300,\"height\":150},\"primaryImageOfPage\":{\"@id\":\"https:\\\/\\\/afzo.ch\\\/wp\\\/firmenbesichtigung-real-stein-fr-26-oktober-2012\\\/#mainImage\"},\"datePublished\":\"2012-10-26T00:00:00+00:00\",\"dateModified\":\"2026-06-19T21:22:07+00:00\"},{\"@type\":\"WebSite\",\"@id\":\"https:\\\/\\\/afzo.ch\\\/wp\\\/#website\",\"url\":\"https:\\\/\\\/afzo.ch\\\/wp\\\/\",\"name\":\"werkteam architekten ag\",\"inLanguage\":\"de-DE\",\"publisher\":{\"@id\":\"https:\\\/\\\/afzo.ch\\\/wp\\\/#organization\"}}]}\n\t\t<\/script>\n\t\t<!-- All in One SEO -->\n\n","aioseo_head_json":{"title":"Firmenbesichtigung \u2013 Real.Stein | Fr. 26. Oktober 2012 - Architekturforum Z\u00fcrcher Oberland","description":"afzo EventFirmenbesichtigung Real.Stein in Gibswil ZHTreffpunktFreitag, 26. Oktober 2012, 16:00 UhrIndustrie Eschmattstrasse 78498 Gibswil 16:00 Begr\u00fcssung Ca. 2h F\u00fchrung Anschliessend Ap\u00e9ro (offeriert von Real.Stein AG","canonical_url":"https:\/\/afzo.ch\/wp\/firmenbesichtigung-real-stein-fr-26-oktober-2012\/","robots":"max-image-preview:large","keywords":"","webmasterTools":{"miscellaneous":""},"schema":{"@context":"https:\/\/schema.org","@graph":[{"@type":"BlogPosting","@id":"https:\/\/afzo.ch\/wp\/firmenbesichtigung-real-stein-fr-26-oktober-2012\/#blogposting","name":"Firmenbesichtigung \u2013 Real.Stein | Fr. 26. Oktober 2012 - Architekturforum Z\u00fcrcher Oberland","headline":"Firmenbesichtigung &#8211; Real.Stein | Fr. 26. Oktober 2012","author":{"@id":"https:\/\/afzo.ch\/wp\/author\/werkteam_wt99\/#author"},"publisher":{"@id":"https:\/\/afzo.ch\/wp\/#organization"},"image":{"@type":"ImageObject","url":"https:\/\/i0.wp.com\/afzo.ch\/wp\/wp-content\/uploads\/2026\/06\/20121026.jpg?fit=300%2C150&ssl=1","width":300,"height":150},"datePublished":"2012-10-26T00:00:00+00:00","dateModified":"2026-06-19T21:22:07+00:00","inLanguage":"de-DE","mainEntityOfPage":{"@id":"https:\/\/afzo.ch\/wp\/firmenbesichtigung-real-stein-fr-26-oktober-2012\/#webpage"},"isPartOf":{"@id":"https:\/\/afzo.ch\/wp\/firmenbesichtigung-real-stein-fr-26-oktober-2012\/#webpage"},"articleSection":"Archiv"},{"@type":"BreadcrumbList","@id":"https:\/\/afzo.ch\/wp\/firmenbesichtigung-real-stein-fr-26-oktober-2012\/#breadcrumblist","itemListElement":[{"@type":"ListItem","@id":"https:\/\/afzo.ch\/wp#listItem","position":1,"name":"Home","item":"https:\/\/afzo.ch\/wp","nextItem":{"@type":"ListItem","@id":"https:\/\/afzo.ch\/wp\/category\/archiv\/#listItem","name":"Archiv"}},{"@type":"ListItem","@id":"https:\/\/afzo.ch\/wp\/category\/archiv\/#listItem","position":2,"name":"Archiv","item":"https:\/\/afzo.ch\/wp\/category\/archiv\/","nextItem":{"@type":"ListItem","@id":"https:\/\/afzo.ch\/wp\/firmenbesichtigung-real-stein-fr-26-oktober-2012\/#listItem","name":"Firmenbesichtigung &#8211; Real.Stein | Fr. 26. Oktober 2012"},"previousItem":{"@type":"ListItem","@id":"https:\/\/afzo.ch\/wp#listItem","name":"Home"}},{"@type":"ListItem","@id":"https:\/\/afzo.ch\/wp\/firmenbesichtigung-real-stein-fr-26-oktober-2012\/#listItem","position":3,"name":"Firmenbesichtigung &#8211; Real.Stein | Fr. 26. Oktober 2012","previousItem":{"@type":"ListItem","@id":"https:\/\/afzo.ch\/wp\/category\/archiv\/#listItem","name":"Archiv"}}]},{"@type":"Organization","@id":"https:\/\/afzo.ch\/wp\/#organization","name":"werkteam architekten ag","url":"https:\/\/afzo.ch\/wp\/","telephone":"+41449974525","logo":{"@type":"ImageObject","url":"https:\/\/i0.wp.com\/afzo.ch\/wp\/wp-content\/uploads\/2022\/12\/werkteam_logo.png?fit=1500%2C176&ssl=1","@id":"https:\/\/afzo.ch\/wp\/firmenbesichtigung-real-stein-fr-26-oktober-2012\/#organizationLogo","width":1500,"height":176},"image":{"@id":"https:\/\/afzo.ch\/wp\/firmenbesichtigung-real-stein-fr-26-oktober-2012\/#organizationLogo"}},{"@type":"Person","@id":"https:\/\/afzo.ch\/wp\/author\/werkteam_wt99\/#author","url":"https:\/\/afzo.ch\/wp\/author\/werkteam_wt99\/","name":"admin","image":{"@type":"ImageObject","@id":"https:\/\/afzo.ch\/wp\/firmenbesichtigung-real-stein-fr-26-oktober-2012\/#authorImage","url":"https:\/\/secure.gravatar.com\/avatar\/080a16143280f0b259f3a0ad237b3a3663a0de5273305a74456e42c79268cb1c?s=96&d=mm&r=g","width":96,"height":96,"caption":"admin"}},{"@type":"WebPage","@id":"https:\/\/afzo.ch\/wp\/firmenbesichtigung-real-stein-fr-26-oktober-2012\/#webpage","url":"https:\/\/afzo.ch\/wp\/firmenbesichtigung-real-stein-fr-26-oktober-2012\/","name":"Firmenbesichtigung \u2013 Real.Stein | Fr. 26. Oktober 2012 - Architekturforum Z\u00fcrcher Oberland","description":"afzo EventFirmenbesichtigung Real.Stein in Gibswil ZHTreffpunktFreitag, 26. Oktober 2012, 16:00 UhrIndustrie Eschmattstrasse 78498 Gibswil 16:00 Begr\u00fcssung Ca. 2h F\u00fchrung Anschliessend Ap\u00e9ro (offeriert von Real.Stein AG","inLanguage":"de-DE","isPartOf":{"@id":"https:\/\/afzo.ch\/wp\/#website"},"breadcrumb":{"@id":"https:\/\/afzo.ch\/wp\/firmenbesichtigung-real-stein-fr-26-oktober-2012\/#breadcrumblist"},"author":{"@id":"https:\/\/afzo.ch\/wp\/author\/werkteam_wt99\/#author"},"creator":{"@id":"https:\/\/afzo.ch\/wp\/author\/werkteam_wt99\/#author"},"image":{"@type":"ImageObject","url":"https:\/\/i0.wp.com\/afzo.ch\/wp\/wp-content\/uploads\/2026\/06\/20121026.jpg?fit=300%2C150&ssl=1","@id":"https:\/\/afzo.ch\/wp\/firmenbesichtigung-real-stein-fr-26-oktober-2012\/#mainImage","width":300,"height":150},"primaryImageOfPage":{"@id":"https:\/\/afzo.ch\/wp\/firmenbesichtigung-real-stein-fr-26-oktober-2012\/#mainImage"},"datePublished":"2012-10-26T00:00:00+00:00","dateModified":"2026-06-19T21:22:07+00:00"},{"@type":"WebSite","@id":"https:\/\/afzo.ch\/wp\/#website","url":"https:\/\/afzo.ch\/wp\/","name":"werkteam architekten ag","inLanguage":"de-DE","publisher":{"@id":"https:\/\/afzo.ch\/wp\/#organization"}}]},"og:locale":"de_DE","og:site_name":"Architekturforum Z\u00fcrcher Oberland -","og:type":"article","og:title":"Firmenbesichtigung \u2013 Real.Stein | Fr. 26. Oktober 2012 - Architekturforum Z\u00fcrcher Oberland","og:description":"afzo EventFirmenbesichtigung Real.Stein in Gibswil ZHTreffpunktFreitag, 26. Oktober 2012, 16:00 UhrIndustrie Eschmattstrasse 78498 Gibswil 16:00 Begr\u00fcssung Ca. 2h F\u00fchrung Anschliessend Ap\u00e9ro (offeriert von Real.Stein AG","og:url":"https:\/\/afzo.ch\/wp\/firmenbesichtigung-real-stein-fr-26-oktober-2012\/","og:image":"https:\/\/i0.wp.com\/afzo.ch\/wp\/wp-content\/uploads\/2023\/09\/cropped-logo_afzo_white.png?fit=1619%2C306&#038;ssl=1","og:image:secure_url":"https:\/\/i0.wp.com\/afzo.ch\/wp\/wp-content\/uploads\/2023\/09\/cropped-logo_afzo_white.png?fit=1619%2C306&#038;ssl=1","article:published_time":"2012-10-26T00:00:00+00:00","article:modified_time":"2026-06-19T21:22:07+00:00","twitter:card":"summary_large_image","twitter:title":"Firmenbesichtigung \u2013 Real.Stein | Fr. 26. Oktober 2012 - Architekturforum Z\u00fcrcher Oberland","twitter:description":"afzo EventFirmenbesichtigung Real.Stein in Gibswil ZHTreffpunktFreitag, 26. Oktober 2012, 16:00 UhrIndustrie Eschmattstrasse 78498 Gibswil 16:00 Begr\u00fcssung Ca. 2h F\u00fchrung Anschliessend Ap\u00e9ro (offeriert von Real.Stein AG","twitter:image":"https:\/\/i0.wp.com\/afzo.ch\/wp\/wp-content\/uploads\/2023\/09\/cropped-logo_afzo_white.png?fit=1619%2C306&ssl=1"},"aioseo_meta_data":{"post_id":"873","title":null,"description":null,"keywords":null,"keyphrases":null,"primary_term":null,"canonical_url":null,"og_title":null,"og_description":null,"og_object_type":"default","og_image_type":"default","og_image_url":null,"og_image_width":null,"og_image_height":null,"og_image_custom_url":null,"og_image_custom_fields":null,"og_video":null,"og_custom_url":null,"og_article_section":null,"og_article_tags":null,"twitter_use_og":false,"twitter_card":"default","twitter_image_type":"default","twitter_image_url":null,"twitter_image_custom_url":null,"twitter_image_custom_fields":null,"twitter_title":null,"twitter_description":null,"schema":{"blockGraphs":[],"customGraphs":[],"default":{"data":{"Article":[],"Course":[],"Dataset":[],"FAQPage":[],"Movie":[],"Person":[],"Product":[],"ProductReview":[],"Car":[],"Recipe":[],"Service":[],"SoftwareApplication":[],"WebPage":[]},"graphName":"","isEnabled":true},"graphs":[]},"schema_type":"default","schema_type_options":null,"pillar_content":false,"robots_default":true,"robots_noindex":false,"robots_noarchive":false,"robots_nosnippet":false,"robots_nofollow":false,"robots_noimageindex":false,"robots_noodp":false,"robots_notranslate":false,"robots_max_snippet":null,"robots_max_videopreview":null,"robots_max_imagepreview":"large","priority":null,"frequency":null,"local_seo":null,"breadcrumb_settings":null,"limit_modified_date":false,"ai":null,"created":"2025-08-24 08:30:32","updated":"2026-07-02 06:08:14","focus_keyword":null,"additional_keywords":null,"truseo_locale":null,"seo_analyzer_scan_date":null},"aioseo_breadcrumb":"<div class=\"aioseo-breadcrumbs\"><span class=\"aioseo-breadcrumb\">\n\t\t\t<a href=\"https:\/\/afzo.ch\/wp\" title=\"Home\">Home<\/a>\n\t\t<\/span><span class=\"aioseo-breadcrumb-separator\">&raquo;<\/span><span class=\"aioseo-breadcrumb\">\n\t\t\t<a href=\"https:\/\/afzo.ch\/wp\/category\/archiv\/\" title=\"Archiv\">Archiv<\/a>\n\t\t<\/span><span class=\"aioseo-breadcrumb-separator\">&raquo;<\/span><span class=\"aioseo-breadcrumb\">\n\t\t\tFirmenbesichtigung \u2013 Real.Stein | Fr. 26. Oktober 2012\n\t\t<\/span><\/div>","aioseo_breadcrumb_json":[{"label":"Home","link":"https:\/\/afzo.ch\/wp"},{"label":"Archiv","link":"https:\/\/afzo.ch\/wp\/category\/archiv\/"},{"label":"Firmenbesichtigung &#8211; Real.Stein | Fr. 26. Oktober 2012","link":"https:\/\/afzo.ch\/wp\/firmenbesichtigung-real-stein-fr-26-oktober-2012\/"}],"yoast_head":"<!-- This site is optimized with the Yoast SEO plugin v28.2 - https:\/\/yoast.com\/product\/yoast-seo-wordpress\/ -->\n<title>Firmenbesichtigung - Real.Stein | Fr. 26. Oktober 2012 - Architekturforum Z\u00fcrcher Oberland<\/title>\n<meta name=\"robots\" content=\"index, follow, max-snippet:-1, max-image-preview:large, max-video-preview:-1\" \/>\n<link rel=\"canonical\" href=\"https:\/\/afzo.ch\/wp\/firmenbesichtigung-real-stein-fr-26-oktober-2012\/\" \/>\n<meta property=\"og:locale\" content=\"de_DE\" \/>\n<meta property=\"og:type\" content=\"article\" \/>\n<meta property=\"og:title\" content=\"Firmenbesichtigung - Real.Stein | Fr. 26. Oktober 2012 - Architekturforum Z\u00fcrcher Oberland\" \/>\n<meta property=\"og:description\" content=\"&nbsp;&nbsp;&nbsp;&nbsp;&nbsp;&nbsp; afzo Event Firmenbesichtigung Real.Stein in Gibswil ZH Treffpunkt Freitag, 26. Oktober 2012, 16:00 UhrIndustrie Eschmattstrasse 78498 Gibswil 16:00 Begr\u00fcssung Ca. 2h F\u00fchrung Anschliessend Ap\u00e9ro (offeriert von Real.Stein AG\" \/>\n<meta property=\"og:url\" content=\"https:\/\/afzo.ch\/wp\/firmenbesichtigung-real-stein-fr-26-oktober-2012\/\" \/>\n<meta property=\"og:site_name\" content=\"Architekturforum Z\u00fcrcher Oberland\" \/>\n<meta property=\"article:published_time\" content=\"2012-10-26T00:00:00+00:00\" \/>\n<meta property=\"article:modified_time\" content=\"2026-06-19T21:22:07+00:00\" \/>\n<meta property=\"og:image\" content=\"http:\/\/afzo.ch\/wp\/wp-content\/uploads\/2026\/06\/20121026.jpg\" \/>\n\t<meta property=\"og:image:width\" content=\"300\" \/>\n\t<meta property=\"og:image:height\" content=\"150\" \/>\n\t<meta property=\"og:image:type\" content=\"image\/jpeg\" \/>\n<meta name=\"author\" content=\"admin\" \/>\n<meta name=\"twitter:card\" content=\"summary_large_image\" \/>\n<meta name=\"twitter:label1\" content=\"Verfasst von\" \/>\n\t<meta name=\"twitter:data1\" content=\"admin\" \/>\n<script type=\"application\/ld+json\" class=\"yoast-schema-graph\">{\"@context\":\"https:\\\/\\\/schema.org\",\"@graph\":[{\"@type\":\"Article\",\"@id\":\"https:\\\/\\\/afzo.ch\\\/wp\\\/firmenbesichtigung-real-stein-fr-26-oktober-2012\\\/#article\",\"isPartOf\":{\"@id\":\"https:\\\/\\\/afzo.ch\\\/wp\\\/firmenbesichtigung-real-stein-fr-26-oktober-2012\\\/\"},\"author\":{\"name\":\"admin\",\"@id\":\"https:\\\/\\\/afzo.ch\\\/wp\\\/#\\\/schema\\\/person\\\/95e5a63362ecd7409114715476fb9e75\"},\"headline\":\"Firmenbesichtigung &#8211; Real.Stein | Fr. 26. Oktober 2012\",\"datePublished\":\"2012-10-26T00:00:00+00:00\",\"dateModified\":\"2026-06-19T21:22:07+00:00\",\"mainEntityOfPage\":{\"@id\":\"https:\\\/\\\/afzo.ch\\\/wp\\\/firmenbesichtigung-real-stein-fr-26-oktober-2012\\\/\"},\"wordCount\":40,\"publisher\":{\"@id\":\"https:\\\/\\\/afzo.ch\\\/wp\\\/#organization\"},\"image\":{\"@id\":\"https:\\\/\\\/afzo.ch\\\/wp\\\/firmenbesichtigung-real-stein-fr-26-oktober-2012\\\/#primaryimage\"},\"thumbnailUrl\":\"https:\\\/\\\/i0.wp.com\\\/afzo.ch\\\/wp\\\/wp-content\\\/uploads\\\/2026\\\/06\\\/20121026.jpg?fit=300%2C150&ssl=1\",\"articleSection\":[\"Archiv\"],\"inLanguage\":\"de\"},{\"@type\":\"WebPage\",\"@id\":\"https:\\\/\\\/afzo.ch\\\/wp\\\/firmenbesichtigung-real-stein-fr-26-oktober-2012\\\/\",\"url\":\"https:\\\/\\\/afzo.ch\\\/wp\\\/firmenbesichtigung-real-stein-fr-26-oktober-2012\\\/\",\"name\":\"Firmenbesichtigung - Real.Stein | Fr. 26. Oktober 2012 - Architekturforum Z\u00fcrcher Oberland\",\"isPartOf\":{\"@id\":\"https:\\\/\\\/afzo.ch\\\/wp\\\/#website\"},\"primaryImageOfPage\":{\"@id\":\"https:\\\/\\\/afzo.ch\\\/wp\\\/firmenbesichtigung-real-stein-fr-26-oktober-2012\\\/#primaryimage\"},\"image\":{\"@id\":\"https:\\\/\\\/afzo.ch\\\/wp\\\/firmenbesichtigung-real-stein-fr-26-oktober-2012\\\/#primaryimage\"},\"thumbnailUrl\":\"https:\\\/\\\/i0.wp.com\\\/afzo.ch\\\/wp\\\/wp-content\\\/uploads\\\/2026\\\/06\\\/20121026.jpg?fit=300%2C150&ssl=1\",\"datePublished\":\"2012-10-26T00:00:00+00:00\",\"dateModified\":\"2026-06-19T21:22:07+00:00\",\"breadcrumb\":{\"@id\":\"https:\\\/\\\/afzo.ch\\\/wp\\\/firmenbesichtigung-real-stein-fr-26-oktober-2012\\\/#breadcrumb\"},\"inLanguage\":\"de\",\"potentialAction\":[{\"@type\":\"ReadAction\",\"target\":[\"https:\\\/\\\/afzo.ch\\\/wp\\\/firmenbesichtigung-real-stein-fr-26-oktober-2012\\\/\"]}]},{\"@type\":\"ImageObject\",\"inLanguage\":\"de\",\"@id\":\"https:\\\/\\\/afzo.ch\\\/wp\\\/firmenbesichtigung-real-stein-fr-26-oktober-2012\\\/#primaryimage\",\"url\":\"https:\\\/\\\/i0.wp.com\\\/afzo.ch\\\/wp\\\/wp-content\\\/uploads\\\/2026\\\/06\\\/20121026.jpg?fit=300%2C150&ssl=1\",\"contentUrl\":\"https:\\\/\\\/i0.wp.com\\\/afzo.ch\\\/wp\\\/wp-content\\\/uploads\\\/2026\\\/06\\\/20121026.jpg?fit=300%2C150&ssl=1\",\"width\":300,\"height\":150},{\"@type\":\"BreadcrumbList\",\"@id\":\"https:\\\/\\\/afzo.ch\\\/wp\\\/firmenbesichtigung-real-stein-fr-26-oktober-2012\\\/#breadcrumb\",\"itemListElement\":[{\"@type\":\"ListItem\",\"position\":1,\"name\":\"Startseite\",\"item\":\"https:\\\/\\\/afzo.ch\\\/wp\\\/\"},{\"@type\":\"ListItem\",\"position\":2,\"name\":\"Firmenbesichtigung &#8211; Real.Stein | Fr. 26. Oktober 2012\"}]},{\"@type\":\"WebSite\",\"@id\":\"https:\\\/\\\/afzo.ch\\\/wp\\\/#website\",\"url\":\"https:\\\/\\\/afzo.ch\\\/wp\\\/\",\"name\":\"Architekturforum Z\u00fcrcher Oberland\",\"description\":\"\",\"publisher\":{\"@id\":\"https:\\\/\\\/afzo.ch\\\/wp\\\/#organization\"},\"potentialAction\":[{\"@type\":\"SearchAction\",\"target\":{\"@type\":\"EntryPoint\",\"urlTemplate\":\"https:\\\/\\\/afzo.ch\\\/wp\\\/?s={search_term_string}\"},\"query-input\":{\"@type\":\"PropertyValueSpecification\",\"valueRequired\":true,\"valueName\":\"search_term_string\"}}],\"inLanguage\":\"de\"},{\"@type\":\"Organization\",\"@id\":\"https:\\\/\\\/afzo.ch\\\/wp\\\/#organization\",\"name\":\"Architekturforum Z\u00fcrcher Oberland\",\"url\":\"https:\\\/\\\/afzo.ch\\\/wp\\\/\",\"logo\":{\"@type\":\"ImageObject\",\"inLanguage\":\"de\",\"@id\":\"https:\\\/\\\/afzo.ch\\\/wp\\\/#\\\/schema\\\/logo\\\/image\\\/\",\"url\":\"https:\\\/\\\/i0.wp.com\\\/afzo.ch\\\/wp\\\/wp-content\\\/uploads\\\/2023\\\/09\\\/cropped-logo_afzo_white.png?fit=1619%2C306&ssl=1\",\"contentUrl\":\"https:\\\/\\\/i0.wp.com\\\/afzo.ch\\\/wp\\\/wp-content\\\/uploads\\\/2023\\\/09\\\/cropped-logo_afzo_white.png?fit=1619%2C306&ssl=1\",\"width\":1619,\"height\":306,\"caption\":\"Architekturforum Z\u00fcrcher Oberland\"},\"image\":{\"@id\":\"https:\\\/\\\/afzo.ch\\\/wp\\\/#\\\/schema\\\/logo\\\/image\\\/\"}},{\"@type\":\"Person\",\"@id\":\"https:\\\/\\\/afzo.ch\\\/wp\\\/#\\\/schema\\\/person\\\/95e5a63362ecd7409114715476fb9e75\",\"name\":\"admin\",\"image\":{\"@type\":\"ImageObject\",\"inLanguage\":\"de\",\"@id\":\"https:\\\/\\\/secure.gravatar.com\\\/avatar\\\/080a16143280f0b259f3a0ad237b3a3663a0de5273305a74456e42c79268cb1c?s=96&d=mm&r=g\",\"url\":\"https:\\\/\\\/secure.gravatar.com\\\/avatar\\\/080a16143280f0b259f3a0ad237b3a3663a0de5273305a74456e42c79268cb1c?s=96&d=mm&r=g\",\"contentUrl\":\"https:\\\/\\\/secure.gravatar.com\\\/avatar\\\/080a16143280f0b259f3a0ad237b3a3663a0de5273305a74456e42c79268cb1c?s=96&d=mm&r=g\",\"caption\":\"admin\"},\"sameAs\":[\"http:\\\/\\\/afzo.ch\\\/wp\"],\"url\":\"https:\\\/\\\/afzo.ch\\\/wp\\\/author\\\/werkteam_wt99\\\/\"}]}<\/script>\n<!-- \/ Yoast SEO plugin. -->","yoast_head_json":{"title":"Firmenbesichtigung - Real.Stein | Fr. 26. Oktober 2012 - Architekturforum Z\u00fcrcher Oberland","robots":{"index":"index","follow":"follow","max-snippet":"max-snippet:-1","max-image-preview":"max-image-preview:large","max-video-preview":"max-video-preview:-1"},"canonical":"https:\/\/afzo.ch\/wp\/firmenbesichtigung-real-stein-fr-26-oktober-2012\/","og_locale":"de_DE","og_type":"article","og_title":"Firmenbesichtigung - Real.Stein | Fr. 26. Oktober 2012 - Architekturforum Z\u00fcrcher Oberland","og_description":"&nbsp;&nbsp;&nbsp;&nbsp;&nbsp;&nbsp; afzo Event Firmenbesichtigung Real.Stein in Gibswil ZH Treffpunkt Freitag, 26. Oktober 2012, 16:00 UhrIndustrie Eschmattstrasse 78498 Gibswil 16:00 Begr\u00fcssung Ca. 2h F\u00fchrung Anschliessend Ap\u00e9ro (offeriert von Real.Stein AG","og_url":"https:\/\/afzo.ch\/wp\/firmenbesichtigung-real-stein-fr-26-oktober-2012\/","og_site_name":"Architekturforum Z\u00fcrcher Oberland","article_published_time":"2012-10-26T00:00:00+00:00","article_modified_time":"2026-06-19T21:22:07+00:00","og_image":[{"width":300,"height":150,"url":"http:\/\/afzo.ch\/wp\/wp-content\/uploads\/2026\/06\/20121026.jpg","type":"image\/jpeg"}],"author":"admin","twitter_card":"summary_large_image","twitter_misc":{"Verfasst von":"admin"},"schema":{"@context":"https:\/\/schema.org","@graph":[{"@type":"Article","@id":"https:\/\/afzo.ch\/wp\/firmenbesichtigung-real-stein-fr-26-oktober-2012\/#article","isPartOf":{"@id":"https:\/\/afzo.ch\/wp\/firmenbesichtigung-real-stein-fr-26-oktober-2012\/"},"author":{"name":"admin","@id":"https:\/\/afzo.ch\/wp\/#\/schema\/person\/95e5a63362ecd7409114715476fb9e75"},"headline":"Firmenbesichtigung &#8211; Real.Stein | Fr. 26. Oktober 2012","datePublished":"2012-10-26T00:00:00+00:00","dateModified":"2026-06-19T21:22:07+00:00","mainEntityOfPage":{"@id":"https:\/\/afzo.ch\/wp\/firmenbesichtigung-real-stein-fr-26-oktober-2012\/"},"wordCount":40,"publisher":{"@id":"https:\/\/afzo.ch\/wp\/#organization"},"image":{"@id":"https:\/\/afzo.ch\/wp\/firmenbesichtigung-real-stein-fr-26-oktober-2012\/#primaryimage"},"thumbnailUrl":"https:\/\/i0.wp.com\/afzo.ch\/wp\/wp-content\/uploads\/2026\/06\/20121026.jpg?fit=300%2C150&ssl=1","articleSection":["Archiv"],"inLanguage":"de"},{"@type":"WebPage","@id":"https:\/\/afzo.ch\/wp\/firmenbesichtigung-real-stein-fr-26-oktober-2012\/","url":"https:\/\/afzo.ch\/wp\/firmenbesichtigung-real-stein-fr-26-oktober-2012\/","name":"Firmenbesichtigung - Real.Stein | Fr. 26. Oktober 2012 - Architekturforum Z\u00fcrcher Oberland","isPartOf":{"@id":"https:\/\/afzo.ch\/wp\/#website"},"primaryImageOfPage":{"@id":"https:\/\/afzo.ch\/wp\/firmenbesichtigung-real-stein-fr-26-oktober-2012\/#primaryimage"},"image":{"@id":"https:\/\/afzo.ch\/wp\/firmenbesichtigung-real-stein-fr-26-oktober-2012\/#primaryimage"},"thumbnailUrl":"https:\/\/i0.wp.com\/afzo.ch\/wp\/wp-content\/uploads\/2026\/06\/20121026.jpg?fit=300%2C150&ssl=1","datePublished":"2012-10-26T00:00:00+00:00","dateModified":"2026-06-19T21:22:07+00:00","breadcrumb":{"@id":"https:\/\/afzo.ch\/wp\/firmenbesichtigung-real-stein-fr-26-oktober-2012\/#breadcrumb"},"inLanguage":"de","potentialAction":[{"@type":"ReadAction","target":["https:\/\/afzo.ch\/wp\/firmenbesichtigung-real-stein-fr-26-oktober-2012\/"]}]},{"@type":"ImageObject","inLanguage":"de","@id":"https:\/\/afzo.ch\/wp\/firmenbesichtigung-real-stein-fr-26-oktober-2012\/#primaryimage","url":"https:\/\/i0.wp.com\/afzo.ch\/wp\/wp-content\/uploads\/2026\/06\/20121026.jpg?fit=300%2C150&ssl=1","contentUrl":"https:\/\/i0.wp.com\/afzo.ch\/wp\/wp-content\/uploads\/2026\/06\/20121026.jpg?fit=300%2C150&ssl=1","width":300,"height":150},{"@type":"BreadcrumbList","@id":"https:\/\/afzo.ch\/wp\/firmenbesichtigung-real-stein-fr-26-oktober-2012\/#breadcrumb","itemListElement":[{"@type":"ListItem","position":1,"name":"Startseite","item":"https:\/\/afzo.ch\/wp\/"},{"@type":"ListItem","position":2,"name":"Firmenbesichtigung &#8211; Real.Stein | Fr. 26. Oktober 2012"}]},{"@type":"WebSite","@id":"https:\/\/afzo.ch\/wp\/#website","url":"https:\/\/afzo.ch\/wp\/","name":"Architekturforum Z\u00fcrcher Oberland","description":"","publisher":{"@id":"https:\/\/afzo.ch\/wp\/#organization"},"potentialAction":[{"@type":"SearchAction","target":{"@type":"EntryPoint","urlTemplate":"https:\/\/afzo.ch\/wp\/?s={search_term_string}"},"query-input":{"@type":"PropertyValueSpecification","valueRequired":true,"valueName":"search_term_string"}}],"inLanguage":"de"},{"@type":"Organization","@id":"https:\/\/afzo.ch\/wp\/#organization","name":"Architekturforum Z\u00fcrcher Oberland","url":"https:\/\/afzo.ch\/wp\/","logo":{"@type":"ImageObject","inLanguage":"de","@id":"https:\/\/afzo.ch\/wp\/#\/schema\/logo\/image\/","url":"https:\/\/i0.wp.com\/afzo.ch\/wp\/wp-content\/uploads\/2023\/09\/cropped-logo_afzo_white.png?fit=1619%2C306&ssl=1","contentUrl":"https:\/\/i0.wp.com\/afzo.ch\/wp\/wp-content\/uploads\/2023\/09\/cropped-logo_afzo_white.png?fit=1619%2C306&ssl=1","width":1619,"height":306,"caption":"Architekturforum Z\u00fcrcher Oberland"},"image":{"@id":"https:\/\/afzo.ch\/wp\/#\/schema\/logo\/image\/"}},{"@type":"Person","@id":"https:\/\/afzo.ch\/wp\/#\/schema\/person\/95e5a63362ecd7409114715476fb9e75","name":"admin","image":{"@type":"ImageObject","inLanguage":"de","@id":"https:\/\/secure.gravatar.com\/avatar\/080a16143280f0b259f3a0ad237b3a3663a0de5273305a74456e42c79268cb1c?s=96&d=mm&r=g","url":"https:\/\/secure.gravatar.com\/avatar\/080a16143280f0b259f3a0ad237b3a3663a0de5273305a74456e42c79268cb1c?s=96&d=mm&r=g","contentUrl":"https:\/\/secure.gravatar.com\/avatar\/080a16143280f0b259f3a0ad237b3a3663a0de5273305a74456e42c79268cb1c?s=96&d=mm&r=g","caption":"admin"},"sameAs":["http:\/\/afzo.ch\/wp"],"url":"https:\/\/afzo.ch\/wp\/author\/werkteam_wt99\/"}]}},"jetpack_sharing_enabled":true,"jetpack-related-posts":[{"id":887,"url":"https:\/\/afzo.ch\/wp\/firmenbesichtigung-fontana-fontana-27-oktober-2011\/","url_meta":{"origin":873,"position":0},"title":"Firmenbesichtigung &#8211; Fontana Fontana | 27. Oktober 2011","author":"admin","date":"Oktober 27, 2011","format":false,"excerpt":"\u00a0\u00a0\u00a0\u00a0\u00a0\u00a0 afzo EventFirmenbesichtigung Fontana & Fontana in Jona SGTreffpunktDonnerstag, 27. Oktober 2011, 18:00 bis 20:00 UhrBuechstrasse 48645 Jona Deckorationsmalerei Restaurierung und Konservierung Lackiertechnik Farbgestaltung und Flachmalerei Vergoldung Kirchenmalerei und vieles mehr! FlyerDetailliertere Informationen und den aktuellen Flyer k\u00f6nnen Sie hier einsehen","rel":"","context":"In &quot;Archiv&quot;","block_context":{"text":"Archiv","link":"https:\/\/afzo.ch\/wp\/category\/archiv\/"},"img":{"alt_text":"","src":"","width":0,"height":0},"classes":[]},{"id":782,"url":"https:\/\/afzo.ch\/wp\/afzo-filmabend-26-oktober-2023\/","url_meta":{"origin":873,"position":1},"title":"AFZO Filmabend | 26. Oktober 2023","author":"admin","date":"Oktober 26, 2023","format":false,"excerpt":"\u00a0\u00a0\u00a0\u00a0\u00a0\u00a0 Programm Einlass ab 18:00 Uhr Kurzfilm ab 18:30 Uhr Essen ab 19:00 Uhr Hauptfilm ab 20:00 Uhr Kurzfilm: Barbican, 1969 Hauptfilm: Barbicania Anmeldung erw\u00fcnschtAnmeldungen bis am 20. Oktober an : m.weber@bwarchitekten.ch FlyerDetailliertere Informationen und den aktuellen Flyer k\u00f6nnen Sie hier sehen","rel":"","context":"In &quot;Archiv&quot;","block_context":{"text":"Archiv","link":"https:\/\/afzo.ch\/wp\/category\/archiv\/"},"img":{"alt_text":"","src":"https:\/\/i0.wp.com\/afzo.ch\/wp\/wp-content\/uploads\/2025\/08\/20231026.jpg?fit=600%2C300&ssl=1&resize=350%2C200","width":350,"height":200,"srcset":"https:\/\/i0.wp.com\/afzo.ch\/wp\/wp-content\/uploads\/2025\/08\/20231026.jpg?fit=600%2C300&ssl=1&resize=350%2C200 1x, https:\/\/i0.wp.com\/afzo.ch\/wp\/wp-content\/uploads\/2025\/08\/20231026.jpg?fit=600%2C300&ssl=1&resize=525%2C300 1.5x"},"classes":[]},{"id":858,"url":"https:\/\/afzo.ch\/wp\/umweltarena-25-oktober-2014\/","url_meta":{"origin":873,"position":2},"title":"Umweltarena | 25. Oktober 2014","author":"admin","date":"Oktober 25, 2014","format":false,"excerpt":"\u00a0\u00a0\u00a0\u00a0\u00a0\u00a0 Programm 10:00 UhrTreffpunkt: Umwelt Arena SpreitenbachT\u00fcrliackerstrasse 48957 SpreitenbachVortrag und F\u00fchrung durch den Architekten Ren\u00e9 Schmid 12:00 UhrMittagessen im \"Restaurant Klima\" 14:00 UhrFreie Besichtigung der Umwelt Arena KostenEintritt: CHF 10.00 p.P.Mittagessen: CHF 33.00 p.P. AnmeldungWir bitten um Anmeldung bis am 3. Oktober 2014 an Mike Weber: m.weber@bwarchitekten.ch FlyerDetailliertere Informationen und\u2026","rel":"","context":"In &quot;Archiv&quot;","block_context":{"text":"Archiv","link":"https:\/\/afzo.ch\/wp\/category\/archiv\/"},"img":{"alt_text":"","src":"https:\/\/i0.wp.com\/afzo.ch\/wp\/wp-content\/uploads\/2026\/06\/20141025.jpg?fit=600%2C300&ssl=1&resize=350%2C200","width":350,"height":200,"srcset":"https:\/\/i0.wp.com\/afzo.ch\/wp\/wp-content\/uploads\/2026\/06\/20141025.jpg?fit=600%2C300&ssl=1&resize=350%2C200 1x, https:\/\/i0.wp.com\/afzo.ch\/wp\/wp-content\/uploads\/2026\/06\/20141025.jpg?fit=600%2C300&ssl=1&resize=525%2C300 1.5x"},"classes":[]},{"id":810,"url":"https:\/\/afzo.ch\/wp\/circle-hinter-den-kulissen-19-november-2020\/","url_meta":{"origin":873,"position":3},"title":"Circle: Hinter den Kulissen | 19. November 2020","author":"admin","date":"November 19, 2022","format":false,"excerpt":"\u00a0\u00a0\u00a0\u00a0\u00a0\u00a0 Programm 15:45 Uhr: Treffpunkt auf dem Hauptplatz 16:00 Uhr: F\u00fchrung Circle 17:45 Uhr: Ap\u00e9ro im gr\u00f6ssten Rooftop 19:00 Uhr: Nachtessen im Restaurant Sablier AnmeldungAnmeldungen bis am 20. Oktober an : y.hohermuth@nuesch-arch.ch FlyerDetailliertere Informationen und den aktuellen Flyer k\u00f6nnen Sie hier sehen","rel":"","context":"In &quot;Archiv&quot;","block_context":{"text":"Archiv","link":"https:\/\/afzo.ch\/wp\/category\/archiv\/"},"img":{"alt_text":"","src":"https:\/\/i0.wp.com\/afzo.ch\/wp\/wp-content\/uploads\/2025\/08\/20201119.jpg?fit=600%2C300&ssl=1&resize=350%2C200","width":350,"height":200,"srcset":"https:\/\/i0.wp.com\/afzo.ch\/wp\/wp-content\/uploads\/2025\/08\/20201119.jpg?fit=600%2C300&ssl=1&resize=350%2C200 1x, https:\/\/i0.wp.com\/afzo.ch\/wp\/wp-content\/uploads\/2025\/08\/20201119.jpg?fit=600%2C300&ssl=1&resize=525%2C300 1.5x"},"classes":[]},{"id":881,"url":"https:\/\/afzo.ch\/wp\/generalversammlung-2012-13-maerz-2012-1700-uhr\/","url_meta":{"origin":873,"position":4},"title":"Generalversammlung 2012 | 13. M\u00e4rz 2012  |  17:00 Uhr","author":"admin","date":"M\u00e4rz 13, 2012","format":false,"excerpt":"\u00a0\u00a0\u00a0\u00a0\u00a0\u00a0 Treffpunkt17:00 Uhr, Blickpunkt ForsanoseWeiherweg 88604 Volketswil Ablauf 17:00 UhrAperoHaupteingang Forsanose \/ Volketswil 17:15 UhrBegr\u00fcssung: Beat Odinga AGReferat: Burkhalter Sumi ArchitektenF\u00fchrung: Bereuter AGReferat: Ruggero Tropeano 19:00 UhrAFZO Generalversammlung 20:15 UhrAbendessen und gem\u00fctliches Zusammensitzen FlyerDetailliertere Informationen und den aktuellen Flyer k\u00f6nnen Sie hier einsehen","rel":"","context":"In &quot;Archiv&quot;","block_context":{"text":"Archiv","link":"https:\/\/afzo.ch\/wp\/category\/archiv\/"},"img":{"alt_text":"","src":"","width":0,"height":0},"classes":[]},{"id":774,"url":"https:\/\/afzo.ch\/wp\/afzo-filmabend-31-oktober-2024\/","url_meta":{"origin":873,"position":5},"title":"AFZO Filmabend | 31. Oktober 2024","author":"admin","date":"Oktober 31, 2024","format":false,"excerpt":"\u00a0\u00a0\u00a0\u00a0\u00a0\u00a0 Programm Einlass ab 18:00 Uhr Kurzfilm ab 18:30 Uhr Essen ab 19:00 Uhr Hauptfilm ab 20:00 Uhr Kurzfilm: Le Couvent de la Tourette Hauptfilm: My Architect Anmeldung erw\u00fcnschtAnmeldungen bis am 25. Oktober an : m.weber@bwarchitekten.ch FlyerDetailliertere Informationen und den aktuellen Flyer k\u00f6nnen Sie hier sehen","rel":"","context":"In &quot;Archiv&quot;","block_context":{"text":"Archiv","link":"https:\/\/afzo.ch\/wp\/category\/archiv\/"},"img":{"alt_text":"","src":"https:\/\/i0.wp.com\/afzo.ch\/wp\/wp-content\/uploads\/2025\/08\/20241024.jpg?fit=600%2C300&ssl=1&resize=350%2C200","width":350,"height":200,"srcset":"https:\/\/i0.wp.com\/afzo.ch\/wp\/wp-content\/uploads\/2025\/08\/20241024.jpg?fit=600%2C300&ssl=1&resize=350%2C200 1x, https:\/\/i0.wp.com\/afzo.ch\/wp\/wp-content\/uploads\/2025\/08\/20241024.jpg?fit=600%2C300&ssl=1&resize=525%2C300 1.5x"},"classes":[]}],"jetpack_featured_media_url":"https:\/\/i0.wp.com\/afzo.ch\/wp\/wp-content\/uploads\/2026\/06\/20121026.jpg?fit=300%2C150&ssl=1","_links":{"self":[{"href":"https:\/\/afzo.ch\/wp\/wp-json\/wp\/v2\/posts\/873","targetHints":{"allow":["GET"]}}],"collection":[{"href":"https:\/\/afzo.ch\/wp\/wp-json\/wp\/v2\/posts"}],"about":[{"href":"https:\/\/afzo.ch\/wp\/wp-json\/wp\/v2\/types\/post"}],"author":[{"embeddable":true,"href":"https:\/\/afzo.ch\/wp\/wp-json\/wp\/v2\/users\/1"}],"replies":[{"embeddable":true,"href":"https:\/\/afzo.ch\/wp\/wp-json\/wp\/v2\/comments?post=873"}],"version-history":[{"count":11,"href":"https:\/\/afzo.ch\/wp\/wp-json\/wp\/v2\/posts\/873\/revisions"}],"predecessor-version":[{"id":2795,"href":"https:\/\/afzo.ch\/wp\/wp-json\/wp\/v2\/posts\/873\/revisions\/2795"}],"wp:featuredmedia":[{"embeddable":true,"href":"https:\/\/afzo.ch\/wp\/wp-json\/wp\/v2\/media\/2905"}],"wp:attachment":[{"href":"https:\/\/afzo.ch\/wp\/wp-json\/wp\/v2\/media?parent=873"}],"wp:term":[{"taxonomy":"category","embeddable":true,"href":"https:\/\/afzo.ch\/wp\/wp-json\/wp\/v2\/categories?post=873"},{"taxonomy":"post_tag","embeddable":true,"href":"https:\/\/afzo.ch\/wp\/wp-json\/wp\/v2\/tags?post=873"}],"curies":[{"name":"wp","href":"https:\/\/api.w.org\/{rel}","templated":true}]}}