{"id":850,"date":"2016-03-10T00:00:00","date_gmt":"2016-03-10T00:00:00","guid":{"rendered":"https:\/\/afzo.ch\/wp\/afzo-gv-2016\/"},"modified":"2026-06-19T21:22:06","modified_gmt":"2026-06-19T21:22:06","slug":"afzo-gv-2016-10-maerz-2016","status":"publish","type":"post","link":"https:\/\/afzo.ch\/wp\/afzo-gv-2016-10-maerz-2016\/","title":{"rendered":"AFZO GV 2016 | 10. M\u00e4rz 2016"},"content":{"rendered":"<p style=\"text-align: left;\"><a href=\"http:\/\/maps.google.ch\/maps?f=q&amp;source=s_q&amp;hl=de&amp;geocode=&amp;q=47.346228,8.706145&amp;sll=46.362093,9.036255&amp;sspn=5.481358,8.514404&amp;ie=UTF8&amp;z=13\" target=\"_blank\"> <img decoding=\"async\" src=\"..\/..\/button_lageplan.jpg\" width=\"250\"\/><\/a>&nbsp;&nbsp;&nbsp;&nbsp;&nbsp;&nbsp;<a href=\"..\/..\/images.html?http:\/\/www.afzo.ch\/baupreis\/10201603.xml\" onclick=\"window.open(this.href, 'width=100%,resizable,scrollbars,toolbar,menubar') ;return false;\"> <img decoding=\"async\" src=\"..\/..\/button_bilder.jpg\" width=\"250\"\/><\/a><\/p>\n<p style=\"text-align: left;\"><strong>Treffpunkt<\/strong><\/p>\n<p style=\"margin-top:0.3em\">17:20 Uhr, Hesta Immobilien <br \/>Weiherallee 11a<br \/>8610 Uster<\/p>\n<p>Tel. 044 405 75 75<\/p>\n<p>\t\t\t\t<strong>Ablauf<\/strong><\/p>\n<ol style=\"list-style-type:disc;\">\n<li>17:30 Uhr<br \/>F\u00fchrung Zellweger-Park<\/li>\n<li>18:30 Uhr<br \/>Apero<\/li>\n<li>19:00 Uhr<br \/>Abendessen<\/li>\n<li>20:00 Uhr<br \/>AFZO Generalversammlung<\/li>\n<li>21:00 Uhr<br \/>Dessert<\/li>\n<\/ol>\n<p>\n\t\t\t\t<strong>Anmeldung<\/strong><\/p>\n<p style=\"margin-top:0.3em\">Wir bitten um schriftliche An- oder Abmeldung an:<a href=\"mailto:dan.cajoeri@werkteam.ch\" style=\"color:black; text-decoration:underline\"> dan.cajoeri@werkteam.ch<\/a> &#8211; danke im Voraus<\/p>\n<p>\t\t\t\t<strong>Flyer<\/strong><\/p>\n<p style=\"margin-top:0.3em\"><a href=\"http:\/\/www.afzo.ch\/event\/gv2016.pdf\" style=\"color:black; text-decoration:none\">Detailliertere Informationen und den aktuellen Flyer k\u00f6nnen Sie hier sehen<\/a><\/p><\/p>\n","protected":false},"excerpt":{"rendered":"<p>&nbsp;&nbsp;&nbsp;&nbsp;&nbsp;&nbsp; Treffpunkt 17:20 Uhr, Hesta Immobilien Weiherallee 11a8610 Uster Tel. 044 405 75 75 Ablauf 17:30 UhrF\u00fchrung Zellweger-Park 18:30 UhrApero 19:00 UhrAbendessen 20:00 UhrAFZO Generalversammlung 21:00 UhrDessert Anmeldung Wir bitten um schriftliche An- oder Abmeldung an: dan.cajoeri@werkteam.ch &#8211; danke im Voraus Flyer Detailliertere Informationen und den aktuellen Flyer k\u00f6nnen Sie hier sehen<\/p>\n","protected":false},"author":1,"featured_media":2895,"comment_status":"closed","ping_status":"closed","sticky":false,"template":"","format":"standard","meta":{"om_disable_all_campaigns":false,"_monsterinsights_skip_tracking":false,"_jetpack_newsletter_access":"","_jetpack_dont_email_post_to_subs":false,"_jetpack_newsletter_tier_id":0,"_jetpack_memberships_contains_paywalled_content":false,"_jetpack_feature_clip_id":0,"_jetpack_memberships_contains_paid_content":false,"footnotes":"","jetpack_post_was_ever_published":false},"categories":[19],"tags":[],"class_list":["post-850","post","type-post","status-publish","format-standard","has-post-thumbnail","hentry","category-archiv"],"aioseo_notices":[],"aioseo_head":"\n\t\t<!-- All in One SEO 5.0.0.1 - aioseo.com -->\n\t<meta name=\"description\" content=\"Treffpunkt17:20 Uhr, Hesta Immobilien Weiherallee 11a8610 UsterTel. 044 405 75 75 Ablauf 17:30 UhrF\u00fchrung Zellweger-Park 18:30 UhrApero 19:00 UhrAbendessen 20:00 UhrAFZO Generalversammlung 21:00 UhrDessert AnmeldungWir bitten um schriftliche An- oder Abmeldung an: dan.cajoeri@werkteam.ch - danke im Voraus FlyerDetailliertere Informationen und den aktuellen Flyer k\u00f6nnen Sie hier sehen\" \/>\n\t<meta name=\"robots\" content=\"max-image-preview:large\" \/>\n\t<meta name=\"author\" content=\"admin\"\/>\n\t<link rel=\"canonical\" href=\"https:\/\/afzo.ch\/wp\/afzo-gv-2016-10-maerz-2016\/\" \/>\n\t<meta name=\"generator\" content=\"All in One SEO (AIOSEO) 5.0.0.1\" \/>\n\t\t<meta property=\"og:locale\" content=\"de_DE\" \/>\n\t\t<meta property=\"og:site_name\" content=\"Architekturforum Z\u00fcrcher Oberland -\" \/>\n\t\t<meta property=\"og:type\" content=\"article\" \/>\n\t\t<meta property=\"og:title\" content=\"AFZO GV 2016 | 10. M\u00e4rz 2016 - Architekturforum Z\u00fcrcher Oberland\" \/>\n\t\t<meta property=\"og:description\" content=\"Treffpunkt17:20 Uhr, Hesta Immobilien Weiherallee 11a8610 UsterTel. 044 405 75 75 Ablauf 17:30 UhrF\u00fchrung Zellweger-Park 18:30 UhrApero 19:00 UhrAbendessen 20:00 UhrAFZO Generalversammlung 21:00 UhrDessert AnmeldungWir bitten um schriftliche An- oder Abmeldung an: dan.cajoeri@werkteam.ch - danke im Voraus FlyerDetailliertere Informationen und den aktuellen Flyer k\u00f6nnen Sie hier sehen\" \/>\n\t\t<meta property=\"og:url\" content=\"https:\/\/afzo.ch\/wp\/afzo-gv-2016-10-maerz-2016\/\" \/>\n\t\t<meta property=\"og:image\" content=\"https:\/\/i0.wp.com\/afzo.ch\/wp\/wp-content\/uploads\/2023\/09\/cropped-logo_afzo_white.png?fit=1619%2C306&#038;ssl=1\" \/>\n\t\t<meta property=\"og:image:secure_url\" content=\"https:\/\/i0.wp.com\/afzo.ch\/wp\/wp-content\/uploads\/2023\/09\/cropped-logo_afzo_white.png?fit=1619%2C306&#038;ssl=1\" \/>\n\t\t<meta property=\"article:published_time\" content=\"2016-03-10T00:00:00+00:00\" \/>\n\t\t<meta property=\"article:modified_time\" content=\"2026-06-19T21:22:06+00:00\" \/>\n\t\t<meta name=\"twitter:card\" content=\"summary_large_image\" \/>\n\t\t<meta name=\"twitter:title\" content=\"AFZO GV 2016 | 10. M\u00e4rz 2016 - Architekturforum Z\u00fcrcher Oberland\" \/>\n\t\t<meta name=\"twitter:description\" content=\"Treffpunkt17:20 Uhr, Hesta Immobilien Weiherallee 11a8610 UsterTel. 044 405 75 75 Ablauf 17:30 UhrF\u00fchrung Zellweger-Park 18:30 UhrApero 19:00 UhrAbendessen 20:00 UhrAFZO Generalversammlung 21:00 UhrDessert AnmeldungWir bitten um schriftliche An- oder Abmeldung an: dan.cajoeri@werkteam.ch - danke im Voraus FlyerDetailliertere Informationen und den aktuellen Flyer k\u00f6nnen Sie hier sehen\" \/>\n\t\t<meta name=\"twitter:image\" content=\"https:\/\/i0.wp.com\/afzo.ch\/wp\/wp-content\/uploads\/2023\/09\/cropped-logo_afzo_white.png?fit=1619%2C306&amp;ssl=1\" \/>\n\t\t<script type=\"application\/ld+json\" class=\"aioseo-schema\">\n\t\t\t{\"@context\":\"https:\\\/\\\/schema.org\",\"@graph\":[{\"@type\":\"BlogPosting\",\"@id\":\"https:\\\/\\\/afzo.ch\\\/wp\\\/afzo-gv-2016-10-maerz-2016\\\/#blogposting\",\"name\":\"AFZO GV 2016 | 10. M\\u00e4rz 2016 - Architekturforum Z\\u00fcrcher Oberland\",\"headline\":\"AFZO GV 2016 | 10. M\\u00e4rz 2016\",\"author\":{\"@id\":\"https:\\\/\\\/afzo.ch\\\/wp\\\/author\\\/werkteam_wt99\\\/#author\"},\"publisher\":{\"@id\":\"https:\\\/\\\/afzo.ch\\\/wp\\\/#organization\"},\"image\":{\"@type\":\"ImageObject\",\"url\":\"https:\\\/\\\/i0.wp.com\\\/afzo.ch\\\/wp\\\/wp-content\\\/uploads\\\/2026\\\/06\\\/00000002.jpg?fit=600%2C300&ssl=1\",\"width\":600,\"height\":300},\"datePublished\":\"2016-03-10T00:00:00+00:00\",\"dateModified\":\"2026-06-19T21:22:06+00:00\",\"inLanguage\":\"de-DE\",\"mainEntityOfPage\":{\"@id\":\"https:\\\/\\\/afzo.ch\\\/wp\\\/afzo-gv-2016-10-maerz-2016\\\/#webpage\"},\"isPartOf\":{\"@id\":\"https:\\\/\\\/afzo.ch\\\/wp\\\/afzo-gv-2016-10-maerz-2016\\\/#webpage\"},\"articleSection\":\"Archiv\"},{\"@type\":\"BreadcrumbList\",\"@id\":\"https:\\\/\\\/afzo.ch\\\/wp\\\/afzo-gv-2016-10-maerz-2016\\\/#breadcrumblist\",\"itemListElement\":[{\"@type\":\"ListItem\",\"@id\":\"https:\\\/\\\/afzo.ch\\\/wp#listItem\",\"position\":1,\"name\":\"Home\",\"item\":\"https:\\\/\\\/afzo.ch\\\/wp\",\"nextItem\":{\"@type\":\"ListItem\",\"@id\":\"https:\\\/\\\/afzo.ch\\\/wp\\\/category\\\/archiv\\\/#listItem\",\"name\":\"Archiv\"}},{\"@type\":\"ListItem\",\"@id\":\"https:\\\/\\\/afzo.ch\\\/wp\\\/category\\\/archiv\\\/#listItem\",\"position\":2,\"name\":\"Archiv\",\"item\":\"https:\\\/\\\/afzo.ch\\\/wp\\\/category\\\/archiv\\\/\",\"nextItem\":{\"@type\":\"ListItem\",\"@id\":\"https:\\\/\\\/afzo.ch\\\/wp\\\/afzo-gv-2016-10-maerz-2016\\\/#listItem\",\"name\":\"AFZO GV 2016 | 10. M\\u00e4rz 2016\"},\"previousItem\":{\"@type\":\"ListItem\",\"@id\":\"https:\\\/\\\/afzo.ch\\\/wp#listItem\",\"name\":\"Home\"}},{\"@type\":\"ListItem\",\"@id\":\"https:\\\/\\\/afzo.ch\\\/wp\\\/afzo-gv-2016-10-maerz-2016\\\/#listItem\",\"position\":3,\"name\":\"AFZO GV 2016 | 10. M\\u00e4rz 2016\",\"previousItem\":{\"@type\":\"ListItem\",\"@id\":\"https:\\\/\\\/afzo.ch\\\/wp\\\/category\\\/archiv\\\/#listItem\",\"name\":\"Archiv\"}}]},{\"@type\":\"Organization\",\"@id\":\"https:\\\/\\\/afzo.ch\\\/wp\\\/#organization\",\"name\":\"werkteam architekten ag\",\"url\":\"https:\\\/\\\/afzo.ch\\\/wp\\\/\",\"telephone\":\"+41449974525\",\"logo\":{\"@type\":\"ImageObject\",\"url\":\"https:\\\/\\\/i0.wp.com\\\/afzo.ch\\\/wp\\\/wp-content\\\/uploads\\\/2022\\\/12\\\/werkteam_logo.png?fit=1500%2C176&ssl=1\",\"@id\":\"https:\\\/\\\/afzo.ch\\\/wp\\\/afzo-gv-2016-10-maerz-2016\\\/#organizationLogo\",\"width\":1500,\"height\":176},\"image\":{\"@id\":\"https:\\\/\\\/afzo.ch\\\/wp\\\/afzo-gv-2016-10-maerz-2016\\\/#organizationLogo\"}},{\"@type\":\"Person\",\"@id\":\"https:\\\/\\\/afzo.ch\\\/wp\\\/author\\\/werkteam_wt99\\\/#author\",\"url\":\"https:\\\/\\\/afzo.ch\\\/wp\\\/author\\\/werkteam_wt99\\\/\",\"name\":\"admin\",\"image\":{\"@type\":\"ImageObject\",\"@id\":\"https:\\\/\\\/afzo.ch\\\/wp\\\/afzo-gv-2016-10-maerz-2016\\\/#authorImage\",\"url\":\"https:\\\/\\\/secure.gravatar.com\\\/avatar\\\/080a16143280f0b259f3a0ad237b3a3663a0de5273305a74456e42c79268cb1c?s=96&d=mm&r=g\",\"width\":96,\"height\":96,\"caption\":\"admin\"}},{\"@type\":\"WebPage\",\"@id\":\"https:\\\/\\\/afzo.ch\\\/wp\\\/afzo-gv-2016-10-maerz-2016\\\/#webpage\",\"url\":\"https:\\\/\\\/afzo.ch\\\/wp\\\/afzo-gv-2016-10-maerz-2016\\\/\",\"name\":\"AFZO GV 2016 | 10. M\\u00e4rz 2016 - Architekturforum Z\\u00fcrcher Oberland\",\"description\":\"Treffpunkt17:20 Uhr, Hesta Immobilien Weiherallee 11a8610 UsterTel. 044 405 75 75 Ablauf 17:30 UhrF\\u00fchrung Zellweger-Park 18:30 UhrApero 19:00 UhrAbendessen 20:00 UhrAFZO Generalversammlung 21:00 UhrDessert AnmeldungWir bitten um schriftliche An- oder Abmeldung an: dan.cajoeri@werkteam.ch - danke im Voraus FlyerDetailliertere Informationen und den aktuellen Flyer k\\u00f6nnen Sie hier sehen\",\"inLanguage\":\"de-DE\",\"isPartOf\":{\"@id\":\"https:\\\/\\\/afzo.ch\\\/wp\\\/#website\"},\"breadcrumb\":{\"@id\":\"https:\\\/\\\/afzo.ch\\\/wp\\\/afzo-gv-2016-10-maerz-2016\\\/#breadcrumblist\"},\"author\":{\"@id\":\"https:\\\/\\\/afzo.ch\\\/wp\\\/author\\\/werkteam_wt99\\\/#author\"},\"creator\":{\"@id\":\"https:\\\/\\\/afzo.ch\\\/wp\\\/author\\\/werkteam_wt99\\\/#author\"},\"image\":{\"@type\":\"ImageObject\",\"url\":\"https:\\\/\\\/i0.wp.com\\\/afzo.ch\\\/wp\\\/wp-content\\\/uploads\\\/2026\\\/06\\\/00000002.jpg?fit=600%2C300&ssl=1\",\"@id\":\"https:\\\/\\\/afzo.ch\\\/wp\\\/afzo-gv-2016-10-maerz-2016\\\/#mainImage\",\"width\":600,\"height\":300},\"primaryImageOfPage\":{\"@id\":\"https:\\\/\\\/afzo.ch\\\/wp\\\/afzo-gv-2016-10-maerz-2016\\\/#mainImage\"},\"datePublished\":\"2016-03-10T00:00:00+00:00\",\"dateModified\":\"2026-06-19T21:22:06+00:00\"},{\"@type\":\"WebSite\",\"@id\":\"https:\\\/\\\/afzo.ch\\\/wp\\\/#website\",\"url\":\"https:\\\/\\\/afzo.ch\\\/wp\\\/\",\"name\":\"werkteam architekten ag\",\"inLanguage\":\"de-DE\",\"publisher\":{\"@id\":\"https:\\\/\\\/afzo.ch\\\/wp\\\/#organization\"}}]}\n\t\t<\/script>\n\t\t<!-- All in One SEO -->\n\n","aioseo_head_json":{"title":"AFZO GV 2016 | 10. M\u00e4rz 2016 - Architekturforum Z\u00fcrcher Oberland","description":"Treffpunkt17:20 Uhr, Hesta Immobilien Weiherallee 11a8610 UsterTel. 044 405 75 75 Ablauf 17:30 UhrF\u00fchrung Zellweger-Park 18:30 UhrApero 19:00 UhrAbendessen 20:00 UhrAFZO Generalversammlung 21:00 UhrDessert AnmeldungWir bitten um schriftliche An- oder Abmeldung an: dan.cajoeri@werkteam.ch - danke im Voraus FlyerDetailliertere Informationen und den aktuellen Flyer k\u00f6nnen Sie hier sehen","canonical_url":"https:\/\/afzo.ch\/wp\/afzo-gv-2016-10-maerz-2016\/","robots":"max-image-preview:large","keywords":"","webmasterTools":{"miscellaneous":""},"schema":{"@context":"https:\/\/schema.org","@graph":[{"@type":"BlogPosting","@id":"https:\/\/afzo.ch\/wp\/afzo-gv-2016-10-maerz-2016\/#blogposting","name":"AFZO GV 2016 | 10. M\u00e4rz 2016 - Architekturforum Z\u00fcrcher Oberland","headline":"AFZO GV 2016 | 10. M\u00e4rz 2016","author":{"@id":"https:\/\/afzo.ch\/wp\/author\/werkteam_wt99\/#author"},"publisher":{"@id":"https:\/\/afzo.ch\/wp\/#organization"},"image":{"@type":"ImageObject","url":"https:\/\/i0.wp.com\/afzo.ch\/wp\/wp-content\/uploads\/2026\/06\/00000002.jpg?fit=600%2C300&ssl=1","width":600,"height":300},"datePublished":"2016-03-10T00:00:00+00:00","dateModified":"2026-06-19T21:22:06+00:00","inLanguage":"de-DE","mainEntityOfPage":{"@id":"https:\/\/afzo.ch\/wp\/afzo-gv-2016-10-maerz-2016\/#webpage"},"isPartOf":{"@id":"https:\/\/afzo.ch\/wp\/afzo-gv-2016-10-maerz-2016\/#webpage"},"articleSection":"Archiv"},{"@type":"BreadcrumbList","@id":"https:\/\/afzo.ch\/wp\/afzo-gv-2016-10-maerz-2016\/#breadcrumblist","itemListElement":[{"@type":"ListItem","@id":"https:\/\/afzo.ch\/wp#listItem","position":1,"name":"Home","item":"https:\/\/afzo.ch\/wp","nextItem":{"@type":"ListItem","@id":"https:\/\/afzo.ch\/wp\/category\/archiv\/#listItem","name":"Archiv"}},{"@type":"ListItem","@id":"https:\/\/afzo.ch\/wp\/category\/archiv\/#listItem","position":2,"name":"Archiv","item":"https:\/\/afzo.ch\/wp\/category\/archiv\/","nextItem":{"@type":"ListItem","@id":"https:\/\/afzo.ch\/wp\/afzo-gv-2016-10-maerz-2016\/#listItem","name":"AFZO GV 2016 | 10. M\u00e4rz 2016"},"previousItem":{"@type":"ListItem","@id":"https:\/\/afzo.ch\/wp#listItem","name":"Home"}},{"@type":"ListItem","@id":"https:\/\/afzo.ch\/wp\/afzo-gv-2016-10-maerz-2016\/#listItem","position":3,"name":"AFZO GV 2016 | 10. M\u00e4rz 2016","previousItem":{"@type":"ListItem","@id":"https:\/\/afzo.ch\/wp\/category\/archiv\/#listItem","name":"Archiv"}}]},{"@type":"Organization","@id":"https:\/\/afzo.ch\/wp\/#organization","name":"werkteam architekten ag","url":"https:\/\/afzo.ch\/wp\/","telephone":"+41449974525","logo":{"@type":"ImageObject","url":"https:\/\/i0.wp.com\/afzo.ch\/wp\/wp-content\/uploads\/2022\/12\/werkteam_logo.png?fit=1500%2C176&ssl=1","@id":"https:\/\/afzo.ch\/wp\/afzo-gv-2016-10-maerz-2016\/#organizationLogo","width":1500,"height":176},"image":{"@id":"https:\/\/afzo.ch\/wp\/afzo-gv-2016-10-maerz-2016\/#organizationLogo"}},{"@type":"Person","@id":"https:\/\/afzo.ch\/wp\/author\/werkteam_wt99\/#author","url":"https:\/\/afzo.ch\/wp\/author\/werkteam_wt99\/","name":"admin","image":{"@type":"ImageObject","@id":"https:\/\/afzo.ch\/wp\/afzo-gv-2016-10-maerz-2016\/#authorImage","url":"https:\/\/secure.gravatar.com\/avatar\/080a16143280f0b259f3a0ad237b3a3663a0de5273305a74456e42c79268cb1c?s=96&d=mm&r=g","width":96,"height":96,"caption":"admin"}},{"@type":"WebPage","@id":"https:\/\/afzo.ch\/wp\/afzo-gv-2016-10-maerz-2016\/#webpage","url":"https:\/\/afzo.ch\/wp\/afzo-gv-2016-10-maerz-2016\/","name":"AFZO GV 2016 | 10. M\u00e4rz 2016 - Architekturforum Z\u00fcrcher Oberland","description":"Treffpunkt17:20 Uhr, Hesta Immobilien Weiherallee 11a8610 UsterTel. 044 405 75 75 Ablauf 17:30 UhrF\u00fchrung Zellweger-Park 18:30 UhrApero 19:00 UhrAbendessen 20:00 UhrAFZO Generalversammlung 21:00 UhrDessert AnmeldungWir bitten um schriftliche An- oder Abmeldung an: dan.cajoeri@werkteam.ch - danke im Voraus FlyerDetailliertere Informationen und den aktuellen Flyer k\u00f6nnen Sie hier sehen","inLanguage":"de-DE","isPartOf":{"@id":"https:\/\/afzo.ch\/wp\/#website"},"breadcrumb":{"@id":"https:\/\/afzo.ch\/wp\/afzo-gv-2016-10-maerz-2016\/#breadcrumblist"},"author":{"@id":"https:\/\/afzo.ch\/wp\/author\/werkteam_wt99\/#author"},"creator":{"@id":"https:\/\/afzo.ch\/wp\/author\/werkteam_wt99\/#author"},"image":{"@type":"ImageObject","url":"https:\/\/i0.wp.com\/afzo.ch\/wp\/wp-content\/uploads\/2026\/06\/00000002.jpg?fit=600%2C300&ssl=1","@id":"https:\/\/afzo.ch\/wp\/afzo-gv-2016-10-maerz-2016\/#mainImage","width":600,"height":300},"primaryImageOfPage":{"@id":"https:\/\/afzo.ch\/wp\/afzo-gv-2016-10-maerz-2016\/#mainImage"},"datePublished":"2016-03-10T00:00:00+00:00","dateModified":"2026-06-19T21:22:06+00:00"},{"@type":"WebSite","@id":"https:\/\/afzo.ch\/wp\/#website","url":"https:\/\/afzo.ch\/wp\/","name":"werkteam architekten ag","inLanguage":"de-DE","publisher":{"@id":"https:\/\/afzo.ch\/wp\/#organization"}}]},"og:locale":"de_DE","og:site_name":"Architekturforum Z\u00fcrcher Oberland -","og:type":"article","og:title":"AFZO GV 2016 | 10. M\u00e4rz 2016 - Architekturforum Z\u00fcrcher Oberland","og:description":"Treffpunkt17:20 Uhr, Hesta Immobilien Weiherallee 11a8610 UsterTel. 044 405 75 75 Ablauf 17:30 UhrF\u00fchrung Zellweger-Park 18:30 UhrApero 19:00 UhrAbendessen 20:00 UhrAFZO Generalversammlung 21:00 UhrDessert AnmeldungWir bitten um schriftliche An- oder Abmeldung an: dan.cajoeri@werkteam.ch - danke im Voraus FlyerDetailliertere Informationen und den aktuellen Flyer k\u00f6nnen Sie hier sehen","og:url":"https:\/\/afzo.ch\/wp\/afzo-gv-2016-10-maerz-2016\/","og:image":"https:\/\/i0.wp.com\/afzo.ch\/wp\/wp-content\/uploads\/2023\/09\/cropped-logo_afzo_white.png?fit=1619%2C306&#038;ssl=1","og:image:secure_url":"https:\/\/i0.wp.com\/afzo.ch\/wp\/wp-content\/uploads\/2023\/09\/cropped-logo_afzo_white.png?fit=1619%2C306&#038;ssl=1","article:published_time":"2016-03-10T00:00:00+00:00","article:modified_time":"2026-06-19T21:22:06+00:00","twitter:card":"summary_large_image","twitter:title":"AFZO GV 2016 | 10. M\u00e4rz 2016 - Architekturforum Z\u00fcrcher Oberland","twitter:description":"Treffpunkt17:20 Uhr, Hesta Immobilien Weiherallee 11a8610 UsterTel. 044 405 75 75 Ablauf 17:30 UhrF\u00fchrung Zellweger-Park 18:30 UhrApero 19:00 UhrAbendessen 20:00 UhrAFZO Generalversammlung 21:00 UhrDessert AnmeldungWir bitten um schriftliche An- oder Abmeldung an: dan.cajoeri@werkteam.ch - danke im Voraus FlyerDetailliertere Informationen und den aktuellen Flyer k\u00f6nnen Sie hier sehen","twitter:image":"https:\/\/i0.wp.com\/afzo.ch\/wp\/wp-content\/uploads\/2023\/09\/cropped-logo_afzo_white.png?fit=1619%2C306&ssl=1"},"aioseo_meta_data":{"post_id":"850","title":null,"description":null,"keywords":null,"keyphrases":null,"primary_term":null,"canonical_url":null,"og_title":null,"og_description":null,"og_object_type":"default","og_image_type":"default","og_image_url":null,"og_image_width":null,"og_image_height":null,"og_image_custom_url":null,"og_image_custom_fields":null,"og_video":null,"og_custom_url":null,"og_article_section":null,"og_article_tags":null,"twitter_use_og":false,"twitter_card":"default","twitter_image_type":"default","twitter_image_url":null,"twitter_image_custom_url":null,"twitter_image_custom_fields":null,"twitter_title":null,"twitter_description":null,"schema":{"blockGraphs":[],"customGraphs":[],"default":{"data":{"Article":[],"Course":[],"Dataset":[],"FAQPage":[],"Movie":[],"Person":[],"Product":[],"ProductReview":[],"Car":[],"Recipe":[],"Service":[],"SoftwareApplication":[],"WebPage":[]},"graphName":"","isEnabled":true},"graphs":[]},"schema_type":"default","schema_type_options":null,"pillar_content":false,"robots_default":true,"robots_noindex":false,"robots_noarchive":false,"robots_nosnippet":false,"robots_nofollow":false,"robots_noimageindex":false,"robots_noodp":false,"robots_notranslate":false,"robots_max_snippet":null,"robots_max_videopreview":null,"robots_max_imagepreview":"large","priority":null,"frequency":null,"local_seo":null,"breadcrumb_settings":null,"limit_modified_date":false,"ai":null,"created":"2025-08-24 08:29:31","updated":"2026-07-02 06:03:13","focus_keyword":null,"additional_keywords":null,"truseo_locale":null,"seo_analyzer_scan_date":null},"aioseo_breadcrumb":"<div class=\"aioseo-breadcrumbs\"><span class=\"aioseo-breadcrumb\">\n\t\t\t<a href=\"https:\/\/afzo.ch\/wp\" title=\"Home\">Home<\/a>\n\t\t<\/span><span class=\"aioseo-breadcrumb-separator\">&raquo;<\/span><span class=\"aioseo-breadcrumb\">\n\t\t\t<a href=\"https:\/\/afzo.ch\/wp\/category\/archiv\/\" title=\"Archiv\">Archiv<\/a>\n\t\t<\/span><span class=\"aioseo-breadcrumb-separator\">&raquo;<\/span><span class=\"aioseo-breadcrumb\">\n\t\t\tAFZO GV 2016 | 10. M\u00e4rz 2016\n\t\t<\/span><\/div>","aioseo_breadcrumb_json":[{"label":"Home","link":"https:\/\/afzo.ch\/wp"},{"label":"Archiv","link":"https:\/\/afzo.ch\/wp\/category\/archiv\/"},{"label":"AFZO GV 2016 | 10. M\u00e4rz 2016","link":"https:\/\/afzo.ch\/wp\/afzo-gv-2016-10-maerz-2016\/"}],"yoast_head":"<!-- This site is optimized with the Yoast SEO plugin v28.2 - https:\/\/yoast.com\/product\/yoast-seo-wordpress\/ -->\n<title>AFZO GV 2016 | 10. M\u00e4rz 2016 - Architekturforum Z\u00fcrcher Oberland<\/title>\n<meta name=\"robots\" content=\"index, follow, max-snippet:-1, max-image-preview:large, max-video-preview:-1\" \/>\n<link rel=\"canonical\" href=\"https:\/\/afzo.ch\/wp\/afzo-gv-2016-10-maerz-2016\/\" \/>\n<meta property=\"og:locale\" content=\"de_DE\" \/>\n<meta property=\"og:type\" content=\"article\" \/>\n<meta property=\"og:title\" content=\"AFZO GV 2016 | 10. M\u00e4rz 2016 - Architekturforum Z\u00fcrcher Oberland\" \/>\n<meta property=\"og:description\" content=\"&nbsp;&nbsp;&nbsp;&nbsp;&nbsp;&nbsp; Treffpunkt 17:20 Uhr, Hesta Immobilien Weiherallee 11a8610 Uster Tel. 044 405 75 75 Ablauf 17:30 UhrF\u00fchrung Zellweger-Park 18:30 UhrApero 19:00 UhrAbendessen 20:00 UhrAFZO Generalversammlung 21:00 UhrDessert Anmeldung Wir bitten um schriftliche An- oder Abmeldung an: dan.cajoeri@werkteam.ch &#8211; danke im Voraus Flyer Detailliertere Informationen und den aktuellen Flyer k\u00f6nnen Sie hier sehen\" \/>\n<meta property=\"og:url\" content=\"https:\/\/afzo.ch\/wp\/afzo-gv-2016-10-maerz-2016\/\" \/>\n<meta property=\"og:site_name\" content=\"Architekturforum Z\u00fcrcher Oberland\" \/>\n<meta property=\"article:published_time\" content=\"2016-03-10T00:00:00+00:00\" \/>\n<meta property=\"article:modified_time\" content=\"2026-06-19T21:22:06+00:00\" \/>\n<meta property=\"og:image\" content=\"http:\/\/afzo.ch\/wp\/wp-content\/uploads\/2026\/06\/00000002.jpg\" \/>\n\t<meta property=\"og:image:width\" content=\"600\" \/>\n\t<meta property=\"og:image:height\" content=\"300\" \/>\n\t<meta property=\"og:image:type\" content=\"image\/jpeg\" \/>\n<meta name=\"author\" content=\"admin\" \/>\n<meta name=\"twitter:card\" content=\"summary_large_image\" \/>\n<meta name=\"twitter:label1\" content=\"Verfasst von\" \/>\n\t<meta name=\"twitter:data1\" content=\"admin\" \/>\n<script type=\"application\/ld+json\" class=\"yoast-schema-graph\">{\"@context\":\"https:\\\/\\\/schema.org\",\"@graph\":[{\"@type\":\"Article\",\"@id\":\"https:\\\/\\\/afzo.ch\\\/wp\\\/afzo-gv-2016-10-maerz-2016\\\/#article\",\"isPartOf\":{\"@id\":\"https:\\\/\\\/afzo.ch\\\/wp\\\/afzo-gv-2016-10-maerz-2016\\\/\"},\"author\":{\"name\":\"admin\",\"@id\":\"https:\\\/\\\/afzo.ch\\\/wp\\\/#\\\/schema\\\/person\\\/95e5a63362ecd7409114715476fb9e75\"},\"headline\":\"AFZO GV 2016 | 10. M\u00e4rz 2016\",\"datePublished\":\"2016-03-10T00:00:00+00:00\",\"dateModified\":\"2026-06-19T21:22:06+00:00\",\"mainEntityOfPage\":{\"@id\":\"https:\\\/\\\/afzo.ch\\\/wp\\\/afzo-gv-2016-10-maerz-2016\\\/\"},\"wordCount\":56,\"publisher\":{\"@id\":\"https:\\\/\\\/afzo.ch\\\/wp\\\/#organization\"},\"image\":{\"@id\":\"https:\\\/\\\/afzo.ch\\\/wp\\\/afzo-gv-2016-10-maerz-2016\\\/#primaryimage\"},\"thumbnailUrl\":\"https:\\\/\\\/i0.wp.com\\\/afzo.ch\\\/wp\\\/wp-content\\\/uploads\\\/2026\\\/06\\\/00000002.jpg?fit=600%2C300&ssl=1\",\"articleSection\":[\"Archiv\"],\"inLanguage\":\"de\"},{\"@type\":\"WebPage\",\"@id\":\"https:\\\/\\\/afzo.ch\\\/wp\\\/afzo-gv-2016-10-maerz-2016\\\/\",\"url\":\"https:\\\/\\\/afzo.ch\\\/wp\\\/afzo-gv-2016-10-maerz-2016\\\/\",\"name\":\"AFZO GV 2016 | 10. M\u00e4rz 2016 - Architekturforum Z\u00fcrcher Oberland\",\"isPartOf\":{\"@id\":\"https:\\\/\\\/afzo.ch\\\/wp\\\/#website\"},\"primaryImageOfPage\":{\"@id\":\"https:\\\/\\\/afzo.ch\\\/wp\\\/afzo-gv-2016-10-maerz-2016\\\/#primaryimage\"},\"image\":{\"@id\":\"https:\\\/\\\/afzo.ch\\\/wp\\\/afzo-gv-2016-10-maerz-2016\\\/#primaryimage\"},\"thumbnailUrl\":\"https:\\\/\\\/i0.wp.com\\\/afzo.ch\\\/wp\\\/wp-content\\\/uploads\\\/2026\\\/06\\\/00000002.jpg?fit=600%2C300&ssl=1\",\"datePublished\":\"2016-03-10T00:00:00+00:00\",\"dateModified\":\"2026-06-19T21:22:06+00:00\",\"breadcrumb\":{\"@id\":\"https:\\\/\\\/afzo.ch\\\/wp\\\/afzo-gv-2016-10-maerz-2016\\\/#breadcrumb\"},\"inLanguage\":\"de\",\"potentialAction\":[{\"@type\":\"ReadAction\",\"target\":[\"https:\\\/\\\/afzo.ch\\\/wp\\\/afzo-gv-2016-10-maerz-2016\\\/\"]}]},{\"@type\":\"ImageObject\",\"inLanguage\":\"de\",\"@id\":\"https:\\\/\\\/afzo.ch\\\/wp\\\/afzo-gv-2016-10-maerz-2016\\\/#primaryimage\",\"url\":\"https:\\\/\\\/i0.wp.com\\\/afzo.ch\\\/wp\\\/wp-content\\\/uploads\\\/2026\\\/06\\\/00000002.jpg?fit=600%2C300&ssl=1\",\"contentUrl\":\"https:\\\/\\\/i0.wp.com\\\/afzo.ch\\\/wp\\\/wp-content\\\/uploads\\\/2026\\\/06\\\/00000002.jpg?fit=600%2C300&ssl=1\",\"width\":600,\"height\":300},{\"@type\":\"BreadcrumbList\",\"@id\":\"https:\\\/\\\/afzo.ch\\\/wp\\\/afzo-gv-2016-10-maerz-2016\\\/#breadcrumb\",\"itemListElement\":[{\"@type\":\"ListItem\",\"position\":1,\"name\":\"Startseite\",\"item\":\"https:\\\/\\\/afzo.ch\\\/wp\\\/\"},{\"@type\":\"ListItem\",\"position\":2,\"name\":\"AFZO GV 2016 | 10. M\u00e4rz 2016\"}]},{\"@type\":\"WebSite\",\"@id\":\"https:\\\/\\\/afzo.ch\\\/wp\\\/#website\",\"url\":\"https:\\\/\\\/afzo.ch\\\/wp\\\/\",\"name\":\"Architekturforum Z\u00fcrcher Oberland\",\"description\":\"\",\"publisher\":{\"@id\":\"https:\\\/\\\/afzo.ch\\\/wp\\\/#organization\"},\"potentialAction\":[{\"@type\":\"SearchAction\",\"target\":{\"@type\":\"EntryPoint\",\"urlTemplate\":\"https:\\\/\\\/afzo.ch\\\/wp\\\/?s={search_term_string}\"},\"query-input\":{\"@type\":\"PropertyValueSpecification\",\"valueRequired\":true,\"valueName\":\"search_term_string\"}}],\"inLanguage\":\"de\"},{\"@type\":\"Organization\",\"@id\":\"https:\\\/\\\/afzo.ch\\\/wp\\\/#organization\",\"name\":\"Architekturforum Z\u00fcrcher Oberland\",\"url\":\"https:\\\/\\\/afzo.ch\\\/wp\\\/\",\"logo\":{\"@type\":\"ImageObject\",\"inLanguage\":\"de\",\"@id\":\"https:\\\/\\\/afzo.ch\\\/wp\\\/#\\\/schema\\\/logo\\\/image\\\/\",\"url\":\"https:\\\/\\\/i0.wp.com\\\/afzo.ch\\\/wp\\\/wp-content\\\/uploads\\\/2023\\\/09\\\/cropped-logo_afzo_white.png?fit=1619%2C306&ssl=1\",\"contentUrl\":\"https:\\\/\\\/i0.wp.com\\\/afzo.ch\\\/wp\\\/wp-content\\\/uploads\\\/2023\\\/09\\\/cropped-logo_afzo_white.png?fit=1619%2C306&ssl=1\",\"width\":1619,\"height\":306,\"caption\":\"Architekturforum Z\u00fcrcher Oberland\"},\"image\":{\"@id\":\"https:\\\/\\\/afzo.ch\\\/wp\\\/#\\\/schema\\\/logo\\\/image\\\/\"}},{\"@type\":\"Person\",\"@id\":\"https:\\\/\\\/afzo.ch\\\/wp\\\/#\\\/schema\\\/person\\\/95e5a63362ecd7409114715476fb9e75\",\"name\":\"admin\",\"image\":{\"@type\":\"ImageObject\",\"inLanguage\":\"de\",\"@id\":\"https:\\\/\\\/secure.gravatar.com\\\/avatar\\\/080a16143280f0b259f3a0ad237b3a3663a0de5273305a74456e42c79268cb1c?s=96&d=mm&r=g\",\"url\":\"https:\\\/\\\/secure.gravatar.com\\\/avatar\\\/080a16143280f0b259f3a0ad237b3a3663a0de5273305a74456e42c79268cb1c?s=96&d=mm&r=g\",\"contentUrl\":\"https:\\\/\\\/secure.gravatar.com\\\/avatar\\\/080a16143280f0b259f3a0ad237b3a3663a0de5273305a74456e42c79268cb1c?s=96&d=mm&r=g\",\"caption\":\"admin\"},\"sameAs\":[\"http:\\\/\\\/afzo.ch\\\/wp\"],\"url\":\"https:\\\/\\\/afzo.ch\\\/wp\\\/author\\\/werkteam_wt99\\\/\"}]}<\/script>\n<!-- \/ Yoast SEO plugin. -->","yoast_head_json":{"title":"AFZO GV 2016 | 10. M\u00e4rz 2016 - Architekturforum Z\u00fcrcher Oberland","robots":{"index":"index","follow":"follow","max-snippet":"max-snippet:-1","max-image-preview":"max-image-preview:large","max-video-preview":"max-video-preview:-1"},"canonical":"https:\/\/afzo.ch\/wp\/afzo-gv-2016-10-maerz-2016\/","og_locale":"de_DE","og_type":"article","og_title":"AFZO GV 2016 | 10. M\u00e4rz 2016 - Architekturforum Z\u00fcrcher Oberland","og_description":"&nbsp;&nbsp;&nbsp;&nbsp;&nbsp;&nbsp; Treffpunkt 17:20 Uhr, Hesta Immobilien Weiherallee 11a8610 Uster Tel. 044 405 75 75 Ablauf 17:30 UhrF\u00fchrung Zellweger-Park 18:30 UhrApero 19:00 UhrAbendessen 20:00 UhrAFZO Generalversammlung 21:00 UhrDessert Anmeldung Wir bitten um schriftliche An- oder Abmeldung an: dan.cajoeri@werkteam.ch &#8211; danke im Voraus Flyer Detailliertere Informationen und den aktuellen Flyer k\u00f6nnen Sie hier sehen","og_url":"https:\/\/afzo.ch\/wp\/afzo-gv-2016-10-maerz-2016\/","og_site_name":"Architekturforum Z\u00fcrcher Oberland","article_published_time":"2016-03-10T00:00:00+00:00","article_modified_time":"2026-06-19T21:22:06+00:00","og_image":[{"width":600,"height":300,"url":"http:\/\/afzo.ch\/wp\/wp-content\/uploads\/2026\/06\/00000002.jpg","type":"image\/jpeg"}],"author":"admin","twitter_card":"summary_large_image","twitter_misc":{"Verfasst von":"admin"},"schema":{"@context":"https:\/\/schema.org","@graph":[{"@type":"Article","@id":"https:\/\/afzo.ch\/wp\/afzo-gv-2016-10-maerz-2016\/#article","isPartOf":{"@id":"https:\/\/afzo.ch\/wp\/afzo-gv-2016-10-maerz-2016\/"},"author":{"name":"admin","@id":"https:\/\/afzo.ch\/wp\/#\/schema\/person\/95e5a63362ecd7409114715476fb9e75"},"headline":"AFZO GV 2016 | 10. M\u00e4rz 2016","datePublished":"2016-03-10T00:00:00+00:00","dateModified":"2026-06-19T21:22:06+00:00","mainEntityOfPage":{"@id":"https:\/\/afzo.ch\/wp\/afzo-gv-2016-10-maerz-2016\/"},"wordCount":56,"publisher":{"@id":"https:\/\/afzo.ch\/wp\/#organization"},"image":{"@id":"https:\/\/afzo.ch\/wp\/afzo-gv-2016-10-maerz-2016\/#primaryimage"},"thumbnailUrl":"https:\/\/i0.wp.com\/afzo.ch\/wp\/wp-content\/uploads\/2026\/06\/00000002.jpg?fit=600%2C300&ssl=1","articleSection":["Archiv"],"inLanguage":"de"},{"@type":"WebPage","@id":"https:\/\/afzo.ch\/wp\/afzo-gv-2016-10-maerz-2016\/","url":"https:\/\/afzo.ch\/wp\/afzo-gv-2016-10-maerz-2016\/","name":"AFZO GV 2016 | 10. M\u00e4rz 2016 - Architekturforum Z\u00fcrcher Oberland","isPartOf":{"@id":"https:\/\/afzo.ch\/wp\/#website"},"primaryImageOfPage":{"@id":"https:\/\/afzo.ch\/wp\/afzo-gv-2016-10-maerz-2016\/#primaryimage"},"image":{"@id":"https:\/\/afzo.ch\/wp\/afzo-gv-2016-10-maerz-2016\/#primaryimage"},"thumbnailUrl":"https:\/\/i0.wp.com\/afzo.ch\/wp\/wp-content\/uploads\/2026\/06\/00000002.jpg?fit=600%2C300&ssl=1","datePublished":"2016-03-10T00:00:00+00:00","dateModified":"2026-06-19T21:22:06+00:00","breadcrumb":{"@id":"https:\/\/afzo.ch\/wp\/afzo-gv-2016-10-maerz-2016\/#breadcrumb"},"inLanguage":"de","potentialAction":[{"@type":"ReadAction","target":["https:\/\/afzo.ch\/wp\/afzo-gv-2016-10-maerz-2016\/"]}]},{"@type":"ImageObject","inLanguage":"de","@id":"https:\/\/afzo.ch\/wp\/afzo-gv-2016-10-maerz-2016\/#primaryimage","url":"https:\/\/i0.wp.com\/afzo.ch\/wp\/wp-content\/uploads\/2026\/06\/00000002.jpg?fit=600%2C300&ssl=1","contentUrl":"https:\/\/i0.wp.com\/afzo.ch\/wp\/wp-content\/uploads\/2026\/06\/00000002.jpg?fit=600%2C300&ssl=1","width":600,"height":300},{"@type":"BreadcrumbList","@id":"https:\/\/afzo.ch\/wp\/afzo-gv-2016-10-maerz-2016\/#breadcrumb","itemListElement":[{"@type":"ListItem","position":1,"name":"Startseite","item":"https:\/\/afzo.ch\/wp\/"},{"@type":"ListItem","position":2,"name":"AFZO GV 2016 | 10. M\u00e4rz 2016"}]},{"@type":"WebSite","@id":"https:\/\/afzo.ch\/wp\/#website","url":"https:\/\/afzo.ch\/wp\/","name":"Architekturforum Z\u00fcrcher Oberland","description":"","publisher":{"@id":"https:\/\/afzo.ch\/wp\/#organization"},"potentialAction":[{"@type":"SearchAction","target":{"@type":"EntryPoint","urlTemplate":"https:\/\/afzo.ch\/wp\/?s={search_term_string}"},"query-input":{"@type":"PropertyValueSpecification","valueRequired":true,"valueName":"search_term_string"}}],"inLanguage":"de"},{"@type":"Organization","@id":"https:\/\/afzo.ch\/wp\/#organization","name":"Architekturforum Z\u00fcrcher Oberland","url":"https:\/\/afzo.ch\/wp\/","logo":{"@type":"ImageObject","inLanguage":"de","@id":"https:\/\/afzo.ch\/wp\/#\/schema\/logo\/image\/","url":"https:\/\/i0.wp.com\/afzo.ch\/wp\/wp-content\/uploads\/2023\/09\/cropped-logo_afzo_white.png?fit=1619%2C306&ssl=1","contentUrl":"https:\/\/i0.wp.com\/afzo.ch\/wp\/wp-content\/uploads\/2023\/09\/cropped-logo_afzo_white.png?fit=1619%2C306&ssl=1","width":1619,"height":306,"caption":"Architekturforum Z\u00fcrcher Oberland"},"image":{"@id":"https:\/\/afzo.ch\/wp\/#\/schema\/logo\/image\/"}},{"@type":"Person","@id":"https:\/\/afzo.ch\/wp\/#\/schema\/person\/95e5a63362ecd7409114715476fb9e75","name":"admin","image":{"@type":"ImageObject","inLanguage":"de","@id":"https:\/\/secure.gravatar.com\/avatar\/080a16143280f0b259f3a0ad237b3a3663a0de5273305a74456e42c79268cb1c?s=96&d=mm&r=g","url":"https:\/\/secure.gravatar.com\/avatar\/080a16143280f0b259f3a0ad237b3a3663a0de5273305a74456e42c79268cb1c?s=96&d=mm&r=g","contentUrl":"https:\/\/secure.gravatar.com\/avatar\/080a16143280f0b259f3a0ad237b3a3663a0de5273305a74456e42c79268cb1c?s=96&d=mm&r=g","caption":"admin"},"sameAs":["http:\/\/afzo.ch\/wp"],"url":"https:\/\/afzo.ch\/wp\/author\/werkteam_wt99\/"}]}},"jetpack_sharing_enabled":true,"jetpack-related-posts":[{"id":895,"url":"https:\/\/afzo.ch\/wp\/generalversammlung-2011-3-februar-2011-1730-uhr\/","url_meta":{"origin":850,"position":0},"title":"Generalversammlung 2011 | 3. Februar 2011  |  17:30 Uhr","author":"admin","date":"Februar 3, 2011","format":false,"excerpt":"\u00a0\u00a0\u00a0\u00a0\u00a0\u00a0 Treffpunkt17:30 Uhr, Kunst(Zeug)HausSch\u00f6nbodenstrasse 18640 RapperswilTel. 055 220 20 80 Ablauf 17:30 UhrAperoHaupteingang Kunstzeughaus \/ Rapperswil-Jona 18:00 UhrF\u00fchrung KunstzeughausGruss AFO & AF-SchwyzNetzerk (R\u00fcck- und Ausblick afzo-Baupreis 2010) 19:00 UhrAFZO Generalversammlung 20:30 UhrAbendessen und gem\u00fctliches Zusammensitzen FlyerDetailliertere Informationen und den aktuellen Flyer k\u00f6nnen Sie hier einsehen","rel":"","context":"In &quot;Archiv&quot;","block_context":{"text":"Archiv","link":"https:\/\/afzo.ch\/wp\/category\/archiv\/"},"img":{"alt_text":"","src":"https:\/\/i0.wp.com\/afzo.ch\/wp\/wp-content\/uploads\/2026\/06\/20110203.jpg?fit=600%2C300&ssl=1&resize=350%2C200","width":350,"height":200,"srcset":"https:\/\/i0.wp.com\/afzo.ch\/wp\/wp-content\/uploads\/2026\/06\/20110203.jpg?fit=600%2C300&ssl=1&resize=350%2C200 1x, https:\/\/i0.wp.com\/afzo.ch\/wp\/wp-content\/uploads\/2026\/06\/20110203.jpg?fit=600%2C300&ssl=1&resize=525%2C300 1.5x"},"classes":[]},{"id":782,"url":"https:\/\/afzo.ch\/wp\/afzo-filmabend-26-oktober-2023\/","url_meta":{"origin":850,"position":1},"title":"AFZO Filmabend | 26. Oktober 2023","author":"admin","date":"Oktober 26, 2023","format":false,"excerpt":"\u00a0\u00a0\u00a0\u00a0\u00a0\u00a0 Programm Einlass ab 18:00 Uhr Kurzfilm ab 18:30 Uhr Essen ab 19:00 Uhr Hauptfilm ab 20:00 Uhr Kurzfilm: Barbican, 1969 Hauptfilm: Barbicania Anmeldung erw\u00fcnschtAnmeldungen bis am 20. Oktober an : m.weber@bwarchitekten.ch FlyerDetailliertere Informationen und den aktuellen Flyer k\u00f6nnen Sie hier sehen","rel":"","context":"In &quot;Archiv&quot;","block_context":{"text":"Archiv","link":"https:\/\/afzo.ch\/wp\/category\/archiv\/"},"img":{"alt_text":"","src":"https:\/\/i0.wp.com\/afzo.ch\/wp\/wp-content\/uploads\/2025\/08\/20231026.jpg?fit=600%2C300&ssl=1&resize=350%2C200","width":350,"height":200,"srcset":"https:\/\/i0.wp.com\/afzo.ch\/wp\/wp-content\/uploads\/2025\/08\/20231026.jpg?fit=600%2C300&ssl=1&resize=350%2C200 1x, https:\/\/i0.wp.com\/afzo.ch\/wp\/wp-content\/uploads\/2025\/08\/20231026.jpg?fit=600%2C300&ssl=1&resize=525%2C300 1.5x"},"classes":[]},{"id":2817,"url":"https:\/\/afzo.ch\/wp\/afzo-filmabend-24-oktober-2025\/","url_meta":{"origin":850,"position":2},"title":"AFZO Filmabend | 24. Oktober 2025","author":"admin","date":"Oktober 24, 2025","format":false,"excerpt":"\u00a0\u00a0\u00a0\u00a0\u00a0\u00a0 Programm Einlass ab 18:00 Uhr Kurzfilm ab 18:30 Uhr Essen ab 19:00 Uhr Hauptfilm ab 20:00 Uhr FlyerDetailliertere Informationen und den aktuellen Flyer k\u00f6nnen Sie hier sehen","rel":"","context":"In &quot;Archiv&quot;","block_context":{"text":"Archiv","link":"https:\/\/afzo.ch\/wp\/category\/archiv\/"},"img":{"alt_text":"","src":"https:\/\/i0.wp.com\/afzo.ch\/wp\/wp-content\/uploads\/2025\/10\/20251024.jpg?fit=1200%2C600&ssl=1&resize=350%2C200","width":350,"height":200,"srcset":"https:\/\/i0.wp.com\/afzo.ch\/wp\/wp-content\/uploads\/2025\/10\/20251024.jpg?fit=1200%2C600&ssl=1&resize=350%2C200 1x, https:\/\/i0.wp.com\/afzo.ch\/wp\/wp-content\/uploads\/2025\/10\/20251024.jpg?fit=1200%2C600&ssl=1&resize=525%2C300 1.5x, https:\/\/i0.wp.com\/afzo.ch\/wp\/wp-content\/uploads\/2025\/10\/20251024.jpg?fit=1200%2C600&ssl=1&resize=700%2C400 2x, https:\/\/i0.wp.com\/afzo.ch\/wp\/wp-content\/uploads\/2025\/10\/20251024.jpg?fit=1200%2C600&ssl=1&resize=1050%2C600 3x"},"classes":[]},{"id":773,"url":"https:\/\/afzo.ch\/wp\/afzo-generalversammlung-02-april-2025\/","url_meta":{"origin":850,"position":3},"title":"AFZO Generalversammlung | 02. April 2025","author":"admin","date":"April 2, 2025","format":false,"excerpt":"\u00a0\u00a0\u00a0\u00a0\u00a0\u00a0 Programm 16:00 Uhr |\u00a0Treffpunkt und Start F\u00fchrung 18:00 Uhr |\u00a0Ap\u00e9ro 18:30 Uhr | GV 2025 20:00 Uhr | Abendessen An- \/ AbmeldungAnmeldungen bis am 20.03.2025 an : dan.cajoeri@werkteam.ch FlyerDetailliertere Informationen und den aktuellen Flyer k\u00f6nnen Sie hier sehen","rel":"","context":"In &quot;Archiv&quot;","block_context":{"text":"Archiv","link":"https:\/\/afzo.ch\/wp\/category\/archiv\/"},"img":{"alt_text":"","src":"https:\/\/i0.wp.com\/afzo.ch\/wp\/wp-content\/uploads\/2025\/04\/20250402.jpg?fit=600%2C300&ssl=1&resize=350%2C200","width":350,"height":200,"srcset":"https:\/\/i0.wp.com\/afzo.ch\/wp\/wp-content\/uploads\/2025\/04\/20250402.jpg?fit=600%2C300&ssl=1&resize=350%2C200 1x, https:\/\/i0.wp.com\/afzo.ch\/wp\/wp-content\/uploads\/2025\/04\/20250402.jpg?fit=600%2C300&ssl=1&resize=525%2C300 1.5x"},"classes":[]},{"id":780,"url":"https:\/\/afzo.ch\/wp\/afzo-gv-2024-18-april-2024\/","url_meta":{"origin":850,"position":4},"title":"AFZO GV 2024 | 18. April 2024","author":"admin","date":"April 18, 2024","format":false,"excerpt":"\u00a0\u00a0\u00a0\u00a0\u00a0\u00a0 Programm 17:00 Uhr |\u00a0Treffpunkt und Start F\u00fchrung 18:30 Uhr |\u00a0Ap\u00e9ro 19:00 Uhr | GV 2024 20:30 Uhr | Abendessen An- \/ AbmeldungAnmeldungen bis am 02.04.2024 an : dan.cajoeri@werkteam.ch FlyerDetailliertere Informationen und den aktuellen Flyer k\u00f6nnen Sie hier sehen","rel":"","context":"In &quot;Archiv&quot;","block_context":{"text":"Archiv","link":"https:\/\/afzo.ch\/wp\/category\/archiv\/"},"img":{"alt_text":"","src":"https:\/\/i0.wp.com\/afzo.ch\/wp\/wp-content\/uploads\/2025\/08\/20240418.jpg?fit=600%2C300&ssl=1&resize=350%2C200","width":350,"height":200,"srcset":"https:\/\/i0.wp.com\/afzo.ch\/wp\/wp-content\/uploads\/2025\/08\/20240418.jpg?fit=600%2C300&ssl=1&resize=350%2C200 1x, https:\/\/i0.wp.com\/afzo.ch\/wp\/wp-content\/uploads\/2025\/08\/20240418.jpg?fit=600%2C300&ssl=1&resize=525%2C300 1.5x"},"classes":[]},{"id":897,"url":"https:\/\/afzo.ch\/wp\/afzo-grimseltour-10-11-september-2010\/","url_meta":{"origin":850,"position":5},"title":"AFZO &#8211; Grimseltour | 10. \/ 11. September 2010","author":"admin","date":"September 11, 2010","format":false,"excerpt":"\u00a0\u00a0\u00a0\u00a0\u00a0\u00a0 Treffpunkt13:30 Uhr, Besammlung in Bubikon, Park+Ride Ablauf Freitag 10.09.2010 14:00 UhrAbfahrt nach Grimsel HospizInfo \u00fcber die Sustenstrasse durch Stefan Nil 17:00 UhrAnkunft Grimsel HospizCheck-In, Abendessen, \u00dcbernachtung Ablauf Samstag 11.09.2010 Fahrt zur Staumauer R\u00e4trichsbodenBesuch des Innern der Staumauer Gelmerbahnfahrt zum Gelmersee Mittagessen im Hotel Handeck Kraftwerk Grimsel 2 Kristallkluft 17:00\u2026","rel":"","context":"In &quot;Archiv&quot;","block_context":{"text":"Archiv","link":"https:\/\/afzo.ch\/wp\/category\/archiv\/"},"img":{"alt_text":"","src":"","width":0,"height":0},"classes":[]}],"jetpack_featured_media_url":"https:\/\/i0.wp.com\/afzo.ch\/wp\/wp-content\/uploads\/2026\/06\/00000002.jpg?fit=600%2C300&ssl=1","_links":{"self":[{"href":"https:\/\/afzo.ch\/wp\/wp-json\/wp\/v2\/posts\/850","targetHints":{"allow":["GET"]}}],"collection":[{"href":"https:\/\/afzo.ch\/wp\/wp-json\/wp\/v2\/posts"}],"about":[{"href":"https:\/\/afzo.ch\/wp\/wp-json\/wp\/v2\/types\/post"}],"author":[{"embeddable":true,"href":"https:\/\/afzo.ch\/wp\/wp-json\/wp\/v2\/users\/1"}],"replies":[{"embeddable":true,"href":"https:\/\/afzo.ch\/wp\/wp-json\/wp\/v2\/comments?post=850"}],"version-history":[{"count":11,"href":"https:\/\/afzo.ch\/wp\/wp-json\/wp\/v2\/posts\/850\/revisions"}],"predecessor-version":[{"id":2780,"href":"https:\/\/afzo.ch\/wp\/wp-json\/wp\/v2\/posts\/850\/revisions\/2780"}],"wp:featuredmedia":[{"embeddable":true,"href":"https:\/\/afzo.ch\/wp\/wp-json\/wp\/v2\/media\/2895"}],"wp:attachment":[{"href":"https:\/\/afzo.ch\/wp\/wp-json\/wp\/v2\/media?parent=850"}],"wp:term":[{"taxonomy":"category","embeddable":true,"href":"https:\/\/afzo.ch\/wp\/wp-json\/wp\/v2\/categories?post=850"},{"taxonomy":"post_tag","embeddable":true,"href":"https:\/\/afzo.ch\/wp\/wp-json\/wp\/v2\/tags?post=850"}],"curies":[{"name":"wp","href":"https:\/\/api.w.org\/{rel}","templated":true}]}}