{"id":802,"date":"2021-10-23T00:00:00","date_gmt":"2021-10-23T00:00:00","guid":{"rendered":"https:\/\/afzo.ch\/wp\/siedlung-hornbach-seefeld\/"},"modified":"2026-06-19T21:22:05","modified_gmt":"2026-06-19T21:22:05","slug":"siedlung-hornbach-seefeld-23-oktober-2021-von-1000-1200-uhr","status":"publish","type":"post","link":"https:\/\/afzo.ch\/wp\/siedlung-hornbach-seefeld-23-oktober-2021-von-1000-1200-uhr\/","title":{"rendered":"Siedlung Hornbach &#8211; Seefeld | 23. Oktober 2021 von 10:00 &#8211; 12:00 Uhr"},"content":{"rendered":"<p style=\"text-align: left;\"><a href=\"http:\/\/maps.google.ch\/maps?f=q&amp;source=s_q&amp;hl=de&amp;geocode=&amp;q=47.354521,8.553215&amp;sll=46.362093,9.036255&amp;sspn=5.481358,8.514404&amp;ie=UTF8&amp;z=13\" target=\"_blank\"> <img decoding=\"async\" src=\"..\/..\/button_lageplan.jpg\" width=\"250\"\/><\/a>&nbsp;&nbsp;&nbsp;&nbsp;&nbsp;&nbsp;<a href=\"..\/..\/images.html?http:\/\/www.afzo.ch\/baupreis\/10211023.xml\" onclick=\"window.open(this.href, 'width=100%,resizable,scrollbars,toolbar,menubar') ;return false;\"> <img decoding=\"async\" src=\"..\/..\/button_bilder.jpg\" width=\"250\"\/><\/a><\/p>\n<p style=\"text-align: left;\">\n<p style=\"margin-top:0.3em\">Mit den Architekten Kaschka Knapkiewicz und Axel Fickert<\/p>\n<p>\t\t\t\t<strong>Anmeldung<\/strong><\/p>\n<p style=\"margin-top:0.3em\">Anmeldungen bis am 15. Oktober an :<a href=\"mailto:m.weber@bwarchitekten.ch\" style=\"color:black; text-decoration:underline\"> m.weber@bwarchitekten.ch <\/a><\/p>\n<p>\n\t\t\t\t<strong>Flyer<\/strong><\/p>\n<p style=\"margin-top:0.3em\"><a href=\"http:\/\/www.afzo.ch\/event\/AFZO_hornbach.pdf\" style=\"color:black; text-decoration:none\">Detailliertere Informationen und den aktuellen Flyer k\u00f6nnen Sie hier sehen<\/a><\/p><\/p>\n","protected":false},"excerpt":{"rendered":"<p>&nbsp;&nbsp;&nbsp;&nbsp;&nbsp;&nbsp; Mit den Architekten Kaschka Knapkiewicz und Axel Fickert Anmeldung Anmeldungen bis am 15. Oktober an : m.weber@bwarchitekten.ch Flyer Detailliertere Informationen und den aktuellen Flyer k\u00f6nnen Sie hier sehen<\/p>\n","protected":false},"author":1,"featured_media":803,"comment_status":"closed","ping_status":"closed","sticky":false,"template":"","format":"standard","meta":{"om_disable_all_campaigns":false,"_monsterinsights_skip_tracking":false,"_jetpack_newsletter_access":"","_jetpack_dont_email_post_to_subs":false,"_jetpack_newsletter_tier_id":0,"_jetpack_memberships_contains_paywalled_content":false,"_jetpack_feature_clip_id":0,"_jetpack_memberships_contains_paid_content":false,"footnotes":"","jetpack_post_was_ever_published":false},"categories":[19],"tags":[],"class_list":["post-802","post","type-post","status-publish","format-standard","has-post-thumbnail","hentry","category-archiv"],"aioseo_notices":[],"aioseo_head":"\n\t\t<!-- All in One SEO 5.0.0.1 - aioseo.com -->\n\t<meta name=\"description\" content=\"Mit den Architekten Kaschka Knapkiewicz und Axel Fickert AnmeldungAnmeldungen bis am 15. Oktober an : m.weber@bwarchitekten.ch FlyerDetailliertere Informationen und den aktuellen Flyer k\u00f6nnen Sie hier sehen\" \/>\n\t<meta name=\"robots\" content=\"max-image-preview:large\" \/>\n\t<meta name=\"author\" content=\"admin\"\/>\n\t<link rel=\"canonical\" href=\"https:\/\/afzo.ch\/wp\/siedlung-hornbach-seefeld-23-oktober-2021-von-1000-1200-uhr\/\" \/>\n\t<meta name=\"generator\" content=\"All in One SEO (AIOSEO) 5.0.0.1\" \/>\n\t\t<meta property=\"og:locale\" content=\"de_DE\" \/>\n\t\t<meta property=\"og:site_name\" content=\"Architekturforum Z\u00fcrcher Oberland -\" \/>\n\t\t<meta property=\"og:type\" content=\"article\" \/>\n\t\t<meta property=\"og:title\" content=\"Siedlung Hornbach \u2013 Seefeld | 23. Oktober 2021 von 10:00 \u2013 12:00 Uhr - Architekturforum Z\u00fcrcher Oberland\" \/>\n\t\t<meta property=\"og:description\" content=\"Mit den Architekten Kaschka Knapkiewicz und Axel Fickert AnmeldungAnmeldungen bis am 15. Oktober an : m.weber@bwarchitekten.ch FlyerDetailliertere Informationen und den aktuellen Flyer k\u00f6nnen Sie hier sehen\" \/>\n\t\t<meta property=\"og:url\" content=\"https:\/\/afzo.ch\/wp\/siedlung-hornbach-seefeld-23-oktober-2021-von-1000-1200-uhr\/\" \/>\n\t\t<meta property=\"og:image\" content=\"https:\/\/i0.wp.com\/afzo.ch\/wp\/wp-content\/uploads\/2023\/09\/cropped-logo_afzo_white.png?fit=1619%2C306&#038;ssl=1\" \/>\n\t\t<meta property=\"og:image:secure_url\" content=\"https:\/\/i0.wp.com\/afzo.ch\/wp\/wp-content\/uploads\/2023\/09\/cropped-logo_afzo_white.png?fit=1619%2C306&#038;ssl=1\" \/>\n\t\t<meta property=\"article:published_time\" content=\"2021-10-23T00:00:00+00:00\" \/>\n\t\t<meta property=\"article:modified_time\" content=\"2026-06-19T21:22:05+00:00\" \/>\n\t\t<meta name=\"twitter:card\" content=\"summary_large_image\" \/>\n\t\t<meta name=\"twitter:title\" content=\"Siedlung Hornbach \u2013 Seefeld | 23. Oktober 2021 von 10:00 \u2013 12:00 Uhr - Architekturforum Z\u00fcrcher Oberland\" \/>\n\t\t<meta name=\"twitter:description\" content=\"Mit den Architekten Kaschka Knapkiewicz und Axel Fickert AnmeldungAnmeldungen bis am 15. Oktober an : m.weber@bwarchitekten.ch FlyerDetailliertere Informationen und den aktuellen Flyer k\u00f6nnen Sie hier sehen\" \/>\n\t\t<meta name=\"twitter:image\" content=\"https:\/\/i0.wp.com\/afzo.ch\/wp\/wp-content\/uploads\/2023\/09\/cropped-logo_afzo_white.png?fit=1619%2C306&amp;ssl=1\" \/>\n\t\t<script type=\"application\/ld+json\" class=\"aioseo-schema\">\n\t\t\t{\"@context\":\"https:\\\/\\\/schema.org\",\"@graph\":[{\"@type\":\"BlogPosting\",\"@id\":\"https:\\\/\\\/afzo.ch\\\/wp\\\/siedlung-hornbach-seefeld-23-oktober-2021-von-1000-1200-uhr\\\/#blogposting\",\"name\":\"Siedlung Hornbach \\u2013 Seefeld | 23. Oktober 2021 von 10:00 \\u2013 12:00 Uhr - Architekturforum Z\\u00fcrcher Oberland\",\"headline\":\"Siedlung Hornbach &#8211; Seefeld | 23. Oktober 2021 von 10:00 &#8211; 12:00 Uhr\",\"author\":{\"@id\":\"https:\\\/\\\/afzo.ch\\\/wp\\\/author\\\/werkteam_wt99\\\/#author\"},\"publisher\":{\"@id\":\"https:\\\/\\\/afzo.ch\\\/wp\\\/#organization\"},\"image\":{\"@type\":\"ImageObject\",\"url\":\"https:\\\/\\\/i0.wp.com\\\/afzo.ch\\\/wp\\\/wp-content\\\/uploads\\\/2025\\\/08\\\/20211023.jpg?fit=600%2C300&ssl=1\",\"width\":600,\"height\":300},\"datePublished\":\"2021-10-23T00:00:00+00:00\",\"dateModified\":\"2026-06-19T21:22:05+00:00\",\"inLanguage\":\"de-DE\",\"mainEntityOfPage\":{\"@id\":\"https:\\\/\\\/afzo.ch\\\/wp\\\/siedlung-hornbach-seefeld-23-oktober-2021-von-1000-1200-uhr\\\/#webpage\"},\"isPartOf\":{\"@id\":\"https:\\\/\\\/afzo.ch\\\/wp\\\/siedlung-hornbach-seefeld-23-oktober-2021-von-1000-1200-uhr\\\/#webpage\"},\"articleSection\":\"Archiv\"},{\"@type\":\"BreadcrumbList\",\"@id\":\"https:\\\/\\\/afzo.ch\\\/wp\\\/siedlung-hornbach-seefeld-23-oktober-2021-von-1000-1200-uhr\\\/#breadcrumblist\",\"itemListElement\":[{\"@type\":\"ListItem\",\"@id\":\"https:\\\/\\\/afzo.ch\\\/wp#listItem\",\"position\":1,\"name\":\"Home\",\"item\":\"https:\\\/\\\/afzo.ch\\\/wp\",\"nextItem\":{\"@type\":\"ListItem\",\"@id\":\"https:\\\/\\\/afzo.ch\\\/wp\\\/category\\\/archiv\\\/#listItem\",\"name\":\"Archiv\"}},{\"@type\":\"ListItem\",\"@id\":\"https:\\\/\\\/afzo.ch\\\/wp\\\/category\\\/archiv\\\/#listItem\",\"position\":2,\"name\":\"Archiv\",\"item\":\"https:\\\/\\\/afzo.ch\\\/wp\\\/category\\\/archiv\\\/\",\"nextItem\":{\"@type\":\"ListItem\",\"@id\":\"https:\\\/\\\/afzo.ch\\\/wp\\\/siedlung-hornbach-seefeld-23-oktober-2021-von-1000-1200-uhr\\\/#listItem\",\"name\":\"Siedlung Hornbach &#8211; Seefeld | 23. Oktober 2021 von 10:00 &#8211; 12:00 Uhr\"},\"previousItem\":{\"@type\":\"ListItem\",\"@id\":\"https:\\\/\\\/afzo.ch\\\/wp#listItem\",\"name\":\"Home\"}},{\"@type\":\"ListItem\",\"@id\":\"https:\\\/\\\/afzo.ch\\\/wp\\\/siedlung-hornbach-seefeld-23-oktober-2021-von-1000-1200-uhr\\\/#listItem\",\"position\":3,\"name\":\"Siedlung Hornbach &#8211; Seefeld | 23. Oktober 2021 von 10:00 &#8211; 12:00 Uhr\",\"previousItem\":{\"@type\":\"ListItem\",\"@id\":\"https:\\\/\\\/afzo.ch\\\/wp\\\/category\\\/archiv\\\/#listItem\",\"name\":\"Archiv\"}}]},{\"@type\":\"Organization\",\"@id\":\"https:\\\/\\\/afzo.ch\\\/wp\\\/#organization\",\"name\":\"werkteam architekten ag\",\"url\":\"https:\\\/\\\/afzo.ch\\\/wp\\\/\",\"telephone\":\"+41449974525\",\"logo\":{\"@type\":\"ImageObject\",\"url\":\"https:\\\/\\\/i0.wp.com\\\/afzo.ch\\\/wp\\\/wp-content\\\/uploads\\\/2022\\\/12\\\/werkteam_logo.png?fit=1500%2C176&ssl=1\",\"@id\":\"https:\\\/\\\/afzo.ch\\\/wp\\\/siedlung-hornbach-seefeld-23-oktober-2021-von-1000-1200-uhr\\\/#organizationLogo\",\"width\":1500,\"height\":176},\"image\":{\"@id\":\"https:\\\/\\\/afzo.ch\\\/wp\\\/siedlung-hornbach-seefeld-23-oktober-2021-von-1000-1200-uhr\\\/#organizationLogo\"}},{\"@type\":\"Person\",\"@id\":\"https:\\\/\\\/afzo.ch\\\/wp\\\/author\\\/werkteam_wt99\\\/#author\",\"url\":\"https:\\\/\\\/afzo.ch\\\/wp\\\/author\\\/werkteam_wt99\\\/\",\"name\":\"admin\",\"image\":{\"@type\":\"ImageObject\",\"@id\":\"https:\\\/\\\/afzo.ch\\\/wp\\\/siedlung-hornbach-seefeld-23-oktober-2021-von-1000-1200-uhr\\\/#authorImage\",\"url\":\"https:\\\/\\\/secure.gravatar.com\\\/avatar\\\/080a16143280f0b259f3a0ad237b3a3663a0de5273305a74456e42c79268cb1c?s=96&d=mm&r=g\",\"width\":96,\"height\":96,\"caption\":\"admin\"}},{\"@type\":\"WebPage\",\"@id\":\"https:\\\/\\\/afzo.ch\\\/wp\\\/siedlung-hornbach-seefeld-23-oktober-2021-von-1000-1200-uhr\\\/#webpage\",\"url\":\"https:\\\/\\\/afzo.ch\\\/wp\\\/siedlung-hornbach-seefeld-23-oktober-2021-von-1000-1200-uhr\\\/\",\"name\":\"Siedlung Hornbach \\u2013 Seefeld | 23. Oktober 2021 von 10:00 \\u2013 12:00 Uhr - Architekturforum Z\\u00fcrcher Oberland\",\"description\":\"Mit den Architekten Kaschka Knapkiewicz und Axel Fickert AnmeldungAnmeldungen bis am 15. Oktober an : m.weber@bwarchitekten.ch FlyerDetailliertere Informationen und den aktuellen Flyer k\\u00f6nnen Sie hier sehen\",\"inLanguage\":\"de-DE\",\"isPartOf\":{\"@id\":\"https:\\\/\\\/afzo.ch\\\/wp\\\/#website\"},\"breadcrumb\":{\"@id\":\"https:\\\/\\\/afzo.ch\\\/wp\\\/siedlung-hornbach-seefeld-23-oktober-2021-von-1000-1200-uhr\\\/#breadcrumblist\"},\"author\":{\"@id\":\"https:\\\/\\\/afzo.ch\\\/wp\\\/author\\\/werkteam_wt99\\\/#author\"},\"creator\":{\"@id\":\"https:\\\/\\\/afzo.ch\\\/wp\\\/author\\\/werkteam_wt99\\\/#author\"},\"image\":{\"@type\":\"ImageObject\",\"url\":\"https:\\\/\\\/i0.wp.com\\\/afzo.ch\\\/wp\\\/wp-content\\\/uploads\\\/2025\\\/08\\\/20211023.jpg?fit=600%2C300&ssl=1\",\"@id\":\"https:\\\/\\\/afzo.ch\\\/wp\\\/siedlung-hornbach-seefeld-23-oktober-2021-von-1000-1200-uhr\\\/#mainImage\",\"width\":600,\"height\":300},\"primaryImageOfPage\":{\"@id\":\"https:\\\/\\\/afzo.ch\\\/wp\\\/siedlung-hornbach-seefeld-23-oktober-2021-von-1000-1200-uhr\\\/#mainImage\"},\"datePublished\":\"2021-10-23T00:00:00+00:00\",\"dateModified\":\"2026-06-19T21:22:05+00:00\"},{\"@type\":\"WebSite\",\"@id\":\"https:\\\/\\\/afzo.ch\\\/wp\\\/#website\",\"url\":\"https:\\\/\\\/afzo.ch\\\/wp\\\/\",\"name\":\"werkteam architekten ag\",\"inLanguage\":\"de-DE\",\"publisher\":{\"@id\":\"https:\\\/\\\/afzo.ch\\\/wp\\\/#organization\"}}]}\n\t\t<\/script>\n\t\t<!-- All in One SEO -->\n\n","aioseo_head_json":{"title":"Siedlung Hornbach \u2013 Seefeld | 23. Oktober 2021 von 10:00 \u2013 12:00 Uhr - Architekturforum Z\u00fcrcher Oberland","description":"Mit den Architekten Kaschka Knapkiewicz und Axel Fickert AnmeldungAnmeldungen bis am 15. Oktober an : m.weber@bwarchitekten.ch FlyerDetailliertere Informationen und den aktuellen Flyer k\u00f6nnen Sie hier sehen","canonical_url":"https:\/\/afzo.ch\/wp\/siedlung-hornbach-seefeld-23-oktober-2021-von-1000-1200-uhr\/","robots":"max-image-preview:large","keywords":"","webmasterTools":{"miscellaneous":""},"schema":{"@context":"https:\/\/schema.org","@graph":[{"@type":"BlogPosting","@id":"https:\/\/afzo.ch\/wp\/siedlung-hornbach-seefeld-23-oktober-2021-von-1000-1200-uhr\/#blogposting","name":"Siedlung Hornbach \u2013 Seefeld | 23. Oktober 2021 von 10:00 \u2013 12:00 Uhr - Architekturforum Z\u00fcrcher Oberland","headline":"Siedlung Hornbach &#8211; Seefeld | 23. Oktober 2021 von 10:00 &#8211; 12:00 Uhr","author":{"@id":"https:\/\/afzo.ch\/wp\/author\/werkteam_wt99\/#author"},"publisher":{"@id":"https:\/\/afzo.ch\/wp\/#organization"},"image":{"@type":"ImageObject","url":"https:\/\/i0.wp.com\/afzo.ch\/wp\/wp-content\/uploads\/2025\/08\/20211023.jpg?fit=600%2C300&ssl=1","width":600,"height":300},"datePublished":"2021-10-23T00:00:00+00:00","dateModified":"2026-06-19T21:22:05+00:00","inLanguage":"de-DE","mainEntityOfPage":{"@id":"https:\/\/afzo.ch\/wp\/siedlung-hornbach-seefeld-23-oktober-2021-von-1000-1200-uhr\/#webpage"},"isPartOf":{"@id":"https:\/\/afzo.ch\/wp\/siedlung-hornbach-seefeld-23-oktober-2021-von-1000-1200-uhr\/#webpage"},"articleSection":"Archiv"},{"@type":"BreadcrumbList","@id":"https:\/\/afzo.ch\/wp\/siedlung-hornbach-seefeld-23-oktober-2021-von-1000-1200-uhr\/#breadcrumblist","itemListElement":[{"@type":"ListItem","@id":"https:\/\/afzo.ch\/wp#listItem","position":1,"name":"Home","item":"https:\/\/afzo.ch\/wp","nextItem":{"@type":"ListItem","@id":"https:\/\/afzo.ch\/wp\/category\/archiv\/#listItem","name":"Archiv"}},{"@type":"ListItem","@id":"https:\/\/afzo.ch\/wp\/category\/archiv\/#listItem","position":2,"name":"Archiv","item":"https:\/\/afzo.ch\/wp\/category\/archiv\/","nextItem":{"@type":"ListItem","@id":"https:\/\/afzo.ch\/wp\/siedlung-hornbach-seefeld-23-oktober-2021-von-1000-1200-uhr\/#listItem","name":"Siedlung Hornbach &#8211; Seefeld | 23. Oktober 2021 von 10:00 &#8211; 12:00 Uhr"},"previousItem":{"@type":"ListItem","@id":"https:\/\/afzo.ch\/wp#listItem","name":"Home"}},{"@type":"ListItem","@id":"https:\/\/afzo.ch\/wp\/siedlung-hornbach-seefeld-23-oktober-2021-von-1000-1200-uhr\/#listItem","position":3,"name":"Siedlung Hornbach &#8211; Seefeld | 23. Oktober 2021 von 10:00 &#8211; 12:00 Uhr","previousItem":{"@type":"ListItem","@id":"https:\/\/afzo.ch\/wp\/category\/archiv\/#listItem","name":"Archiv"}}]},{"@type":"Organization","@id":"https:\/\/afzo.ch\/wp\/#organization","name":"werkteam architekten ag","url":"https:\/\/afzo.ch\/wp\/","telephone":"+41449974525","logo":{"@type":"ImageObject","url":"https:\/\/i0.wp.com\/afzo.ch\/wp\/wp-content\/uploads\/2022\/12\/werkteam_logo.png?fit=1500%2C176&ssl=1","@id":"https:\/\/afzo.ch\/wp\/siedlung-hornbach-seefeld-23-oktober-2021-von-1000-1200-uhr\/#organizationLogo","width":1500,"height":176},"image":{"@id":"https:\/\/afzo.ch\/wp\/siedlung-hornbach-seefeld-23-oktober-2021-von-1000-1200-uhr\/#organizationLogo"}},{"@type":"Person","@id":"https:\/\/afzo.ch\/wp\/author\/werkteam_wt99\/#author","url":"https:\/\/afzo.ch\/wp\/author\/werkteam_wt99\/","name":"admin","image":{"@type":"ImageObject","@id":"https:\/\/afzo.ch\/wp\/siedlung-hornbach-seefeld-23-oktober-2021-von-1000-1200-uhr\/#authorImage","url":"https:\/\/secure.gravatar.com\/avatar\/080a16143280f0b259f3a0ad237b3a3663a0de5273305a74456e42c79268cb1c?s=96&d=mm&r=g","width":96,"height":96,"caption":"admin"}},{"@type":"WebPage","@id":"https:\/\/afzo.ch\/wp\/siedlung-hornbach-seefeld-23-oktober-2021-von-1000-1200-uhr\/#webpage","url":"https:\/\/afzo.ch\/wp\/siedlung-hornbach-seefeld-23-oktober-2021-von-1000-1200-uhr\/","name":"Siedlung Hornbach \u2013 Seefeld | 23. Oktober 2021 von 10:00 \u2013 12:00 Uhr - Architekturforum Z\u00fcrcher Oberland","description":"Mit den Architekten Kaschka Knapkiewicz und Axel Fickert AnmeldungAnmeldungen bis am 15. Oktober an : m.weber@bwarchitekten.ch FlyerDetailliertere Informationen und den aktuellen Flyer k\u00f6nnen Sie hier sehen","inLanguage":"de-DE","isPartOf":{"@id":"https:\/\/afzo.ch\/wp\/#website"},"breadcrumb":{"@id":"https:\/\/afzo.ch\/wp\/siedlung-hornbach-seefeld-23-oktober-2021-von-1000-1200-uhr\/#breadcrumblist"},"author":{"@id":"https:\/\/afzo.ch\/wp\/author\/werkteam_wt99\/#author"},"creator":{"@id":"https:\/\/afzo.ch\/wp\/author\/werkteam_wt99\/#author"},"image":{"@type":"ImageObject","url":"https:\/\/i0.wp.com\/afzo.ch\/wp\/wp-content\/uploads\/2025\/08\/20211023.jpg?fit=600%2C300&ssl=1","@id":"https:\/\/afzo.ch\/wp\/siedlung-hornbach-seefeld-23-oktober-2021-von-1000-1200-uhr\/#mainImage","width":600,"height":300},"primaryImageOfPage":{"@id":"https:\/\/afzo.ch\/wp\/siedlung-hornbach-seefeld-23-oktober-2021-von-1000-1200-uhr\/#mainImage"},"datePublished":"2021-10-23T00:00:00+00:00","dateModified":"2026-06-19T21:22:05+00:00"},{"@type":"WebSite","@id":"https:\/\/afzo.ch\/wp\/#website","url":"https:\/\/afzo.ch\/wp\/","name":"werkteam architekten ag","inLanguage":"de-DE","publisher":{"@id":"https:\/\/afzo.ch\/wp\/#organization"}}]},"og:locale":"de_DE","og:site_name":"Architekturforum Z\u00fcrcher Oberland -","og:type":"article","og:title":"Siedlung Hornbach \u2013 Seefeld | 23. Oktober 2021 von 10:00 \u2013 12:00 Uhr - Architekturforum Z\u00fcrcher Oberland","og:description":"Mit den Architekten Kaschka Knapkiewicz und Axel Fickert AnmeldungAnmeldungen bis am 15. Oktober an : m.weber@bwarchitekten.ch FlyerDetailliertere Informationen und den aktuellen Flyer k\u00f6nnen Sie hier sehen","og:url":"https:\/\/afzo.ch\/wp\/siedlung-hornbach-seefeld-23-oktober-2021-von-1000-1200-uhr\/","og:image":"https:\/\/i0.wp.com\/afzo.ch\/wp\/wp-content\/uploads\/2023\/09\/cropped-logo_afzo_white.png?fit=1619%2C306&#038;ssl=1","og:image:secure_url":"https:\/\/i0.wp.com\/afzo.ch\/wp\/wp-content\/uploads\/2023\/09\/cropped-logo_afzo_white.png?fit=1619%2C306&#038;ssl=1","article:published_time":"2021-10-23T00:00:00+00:00","article:modified_time":"2026-06-19T21:22:05+00:00","twitter:card":"summary_large_image","twitter:title":"Siedlung Hornbach \u2013 Seefeld | 23. Oktober 2021 von 10:00 \u2013 12:00 Uhr - Architekturforum Z\u00fcrcher Oberland","twitter:description":"Mit den Architekten Kaschka Knapkiewicz und Axel Fickert AnmeldungAnmeldungen bis am 15. Oktober an : m.weber@bwarchitekten.ch FlyerDetailliertere Informationen und den aktuellen Flyer k\u00f6nnen Sie hier sehen","twitter:image":"https:\/\/i0.wp.com\/afzo.ch\/wp\/wp-content\/uploads\/2023\/09\/cropped-logo_afzo_white.png?fit=1619%2C306&ssl=1"},"aioseo_meta_data":{"post_id":"802","title":null,"description":null,"keywords":null,"keyphrases":null,"primary_term":null,"canonical_url":null,"og_title":null,"og_description":null,"og_object_type":"default","og_image_type":"default","og_image_url":null,"og_image_width":null,"og_image_height":null,"og_image_custom_url":null,"og_image_custom_fields":null,"og_video":null,"og_custom_url":null,"og_article_section":null,"og_article_tags":null,"twitter_use_og":false,"twitter_card":"default","twitter_image_type":"default","twitter_image_url":null,"twitter_image_custom_url":null,"twitter_image_custom_fields":null,"twitter_title":null,"twitter_description":null,"schema":{"blockGraphs":[],"customGraphs":[],"default":{"data":{"Article":[],"Course":[],"Dataset":[],"FAQPage":[],"Movie":[],"Person":[],"Product":[],"ProductReview":[],"Car":[],"Recipe":[],"Service":[],"SoftwareApplication":[],"WebPage":[]},"graphName":"","isEnabled":true},"graphs":[]},"schema_type":"default","schema_type_options":null,"pillar_content":false,"robots_default":true,"robots_noindex":false,"robots_noarchive":false,"robots_nosnippet":false,"robots_nofollow":false,"robots_noimageindex":false,"robots_noodp":false,"robots_notranslate":false,"robots_max_snippet":null,"robots_max_videopreview":null,"robots_max_imagepreview":"large","priority":null,"frequency":null,"local_seo":null,"breadcrumb_settings":null,"limit_modified_date":false,"ai":null,"created":"2025-08-24 08:27:07","updated":"2026-07-02 05:58:13","focus_keyword":null,"additional_keywords":null,"truseo_locale":null,"seo_analyzer_scan_date":null},"aioseo_breadcrumb":"<div class=\"aioseo-breadcrumbs\"><span class=\"aioseo-breadcrumb\">\n\t\t\t<a href=\"https:\/\/afzo.ch\/wp\" title=\"Home\">Home<\/a>\n\t\t<\/span><span class=\"aioseo-breadcrumb-separator\">&raquo;<\/span><span class=\"aioseo-breadcrumb\">\n\t\t\t<a href=\"https:\/\/afzo.ch\/wp\/category\/archiv\/\" title=\"Archiv\">Archiv<\/a>\n\t\t<\/span><span class=\"aioseo-breadcrumb-separator\">&raquo;<\/span><span class=\"aioseo-breadcrumb\">\n\t\t\tSiedlung Hornbach \u2013 Seefeld | 23. Oktober 2021 von 10:00 \u2013 12:00 Uhr\n\t\t<\/span><\/div>","aioseo_breadcrumb_json":[{"label":"Home","link":"https:\/\/afzo.ch\/wp"},{"label":"Archiv","link":"https:\/\/afzo.ch\/wp\/category\/archiv\/"},{"label":"Siedlung Hornbach &#8211; Seefeld | 23. Oktober 2021 von 10:00 &#8211; 12:00 Uhr","link":"https:\/\/afzo.ch\/wp\/siedlung-hornbach-seefeld-23-oktober-2021-von-1000-1200-uhr\/"}],"yoast_head":"<!-- This site is optimized with the Yoast SEO plugin v28.2 - https:\/\/yoast.com\/product\/yoast-seo-wordpress\/ -->\n<title>Siedlung Hornbach - Seefeld | 23. Oktober 2021 von 10:00 - 12:00 Uhr - Architekturforum Z\u00fcrcher Oberland<\/title>\n<meta name=\"robots\" content=\"index, follow, max-snippet:-1, max-image-preview:large, max-video-preview:-1\" \/>\n<link rel=\"canonical\" href=\"https:\/\/afzo.ch\/wp\/siedlung-hornbach-seefeld-23-oktober-2021-von-1000-1200-uhr\/\" \/>\n<meta property=\"og:locale\" content=\"de_DE\" \/>\n<meta property=\"og:type\" content=\"article\" \/>\n<meta property=\"og:title\" content=\"Siedlung Hornbach - Seefeld | 23. Oktober 2021 von 10:00 - 12:00 Uhr - Architekturforum Z\u00fcrcher Oberland\" \/>\n<meta property=\"og:description\" content=\"&nbsp;&nbsp;&nbsp;&nbsp;&nbsp;&nbsp; Mit den Architekten Kaschka Knapkiewicz und Axel Fickert Anmeldung Anmeldungen bis am 15. Oktober an : m.weber@bwarchitekten.ch Flyer Detailliertere Informationen und den aktuellen Flyer k\u00f6nnen Sie hier sehen\" \/>\n<meta property=\"og:url\" content=\"https:\/\/afzo.ch\/wp\/siedlung-hornbach-seefeld-23-oktober-2021-von-1000-1200-uhr\/\" \/>\n<meta property=\"og:site_name\" content=\"Architekturforum Z\u00fcrcher Oberland\" \/>\n<meta property=\"article:published_time\" content=\"2021-10-23T00:00:00+00:00\" \/>\n<meta property=\"article:modified_time\" content=\"2026-06-19T21:22:05+00:00\" \/>\n<meta property=\"og:image\" content=\"http:\/\/afzo.ch\/wp\/wp-content\/uploads\/2025\/08\/20211023.jpg\" \/>\n\t<meta property=\"og:image:width\" content=\"600\" \/>\n\t<meta property=\"og:image:height\" content=\"300\" \/>\n\t<meta property=\"og:image:type\" content=\"image\/jpeg\" \/>\n<meta name=\"author\" content=\"admin\" \/>\n<meta name=\"twitter:card\" content=\"summary_large_image\" \/>\n<meta name=\"twitter:label1\" content=\"Verfasst von\" \/>\n\t<meta name=\"twitter:data1\" content=\"admin\" \/>\n<script type=\"application\/ld+json\" class=\"yoast-schema-graph\">{\"@context\":\"https:\\\/\\\/schema.org\",\"@graph\":[{\"@type\":\"Article\",\"@id\":\"https:\\\/\\\/afzo.ch\\\/wp\\\/siedlung-hornbach-seefeld-23-oktober-2021-von-1000-1200-uhr\\\/#article\",\"isPartOf\":{\"@id\":\"https:\\\/\\\/afzo.ch\\\/wp\\\/siedlung-hornbach-seefeld-23-oktober-2021-von-1000-1200-uhr\\\/\"},\"author\":{\"name\":\"admin\",\"@id\":\"https:\\\/\\\/afzo.ch\\\/wp\\\/#\\\/schema\\\/person\\\/95e5a63362ecd7409114715476fb9e75\"},\"headline\":\"Siedlung Hornbach &#8211; Seefeld | 23. Oktober 2021 von 10:00 &#8211; 12:00 Uhr\",\"datePublished\":\"2021-10-23T00:00:00+00:00\",\"dateModified\":\"2026-06-19T21:22:05+00:00\",\"mainEntityOfPage\":{\"@id\":\"https:\\\/\\\/afzo.ch\\\/wp\\\/siedlung-hornbach-seefeld-23-oktober-2021-von-1000-1200-uhr\\\/\"},\"wordCount\":44,\"publisher\":{\"@id\":\"https:\\\/\\\/afzo.ch\\\/wp\\\/#organization\"},\"image\":{\"@id\":\"https:\\\/\\\/afzo.ch\\\/wp\\\/siedlung-hornbach-seefeld-23-oktober-2021-von-1000-1200-uhr\\\/#primaryimage\"},\"thumbnailUrl\":\"https:\\\/\\\/i0.wp.com\\\/afzo.ch\\\/wp\\\/wp-content\\\/uploads\\\/2025\\\/08\\\/20211023.jpg?fit=600%2C300&ssl=1\",\"articleSection\":[\"Archiv\"],\"inLanguage\":\"de\"},{\"@type\":\"WebPage\",\"@id\":\"https:\\\/\\\/afzo.ch\\\/wp\\\/siedlung-hornbach-seefeld-23-oktober-2021-von-1000-1200-uhr\\\/\",\"url\":\"https:\\\/\\\/afzo.ch\\\/wp\\\/siedlung-hornbach-seefeld-23-oktober-2021-von-1000-1200-uhr\\\/\",\"name\":\"Siedlung Hornbach - Seefeld | 23. Oktober 2021 von 10:00 - 12:00 Uhr - Architekturforum Z\u00fcrcher Oberland\",\"isPartOf\":{\"@id\":\"https:\\\/\\\/afzo.ch\\\/wp\\\/#website\"},\"primaryImageOfPage\":{\"@id\":\"https:\\\/\\\/afzo.ch\\\/wp\\\/siedlung-hornbach-seefeld-23-oktober-2021-von-1000-1200-uhr\\\/#primaryimage\"},\"image\":{\"@id\":\"https:\\\/\\\/afzo.ch\\\/wp\\\/siedlung-hornbach-seefeld-23-oktober-2021-von-1000-1200-uhr\\\/#primaryimage\"},\"thumbnailUrl\":\"https:\\\/\\\/i0.wp.com\\\/afzo.ch\\\/wp\\\/wp-content\\\/uploads\\\/2025\\\/08\\\/20211023.jpg?fit=600%2C300&ssl=1\",\"datePublished\":\"2021-10-23T00:00:00+00:00\",\"dateModified\":\"2026-06-19T21:22:05+00:00\",\"breadcrumb\":{\"@id\":\"https:\\\/\\\/afzo.ch\\\/wp\\\/siedlung-hornbach-seefeld-23-oktober-2021-von-1000-1200-uhr\\\/#breadcrumb\"},\"inLanguage\":\"de\",\"potentialAction\":[{\"@type\":\"ReadAction\",\"target\":[\"https:\\\/\\\/afzo.ch\\\/wp\\\/siedlung-hornbach-seefeld-23-oktober-2021-von-1000-1200-uhr\\\/\"]}]},{\"@type\":\"ImageObject\",\"inLanguage\":\"de\",\"@id\":\"https:\\\/\\\/afzo.ch\\\/wp\\\/siedlung-hornbach-seefeld-23-oktober-2021-von-1000-1200-uhr\\\/#primaryimage\",\"url\":\"https:\\\/\\\/i0.wp.com\\\/afzo.ch\\\/wp\\\/wp-content\\\/uploads\\\/2025\\\/08\\\/20211023.jpg?fit=600%2C300&ssl=1\",\"contentUrl\":\"https:\\\/\\\/i0.wp.com\\\/afzo.ch\\\/wp\\\/wp-content\\\/uploads\\\/2025\\\/08\\\/20211023.jpg?fit=600%2C300&ssl=1\",\"width\":600,\"height\":300},{\"@type\":\"BreadcrumbList\",\"@id\":\"https:\\\/\\\/afzo.ch\\\/wp\\\/siedlung-hornbach-seefeld-23-oktober-2021-von-1000-1200-uhr\\\/#breadcrumb\",\"itemListElement\":[{\"@type\":\"ListItem\",\"position\":1,\"name\":\"Startseite\",\"item\":\"https:\\\/\\\/afzo.ch\\\/wp\\\/\"},{\"@type\":\"ListItem\",\"position\":2,\"name\":\"Siedlung Hornbach &#8211; Seefeld | 23. Oktober 2021 von 10:00 &#8211; 12:00 Uhr\"}]},{\"@type\":\"WebSite\",\"@id\":\"https:\\\/\\\/afzo.ch\\\/wp\\\/#website\",\"url\":\"https:\\\/\\\/afzo.ch\\\/wp\\\/\",\"name\":\"Architekturforum Z\u00fcrcher Oberland\",\"description\":\"\",\"publisher\":{\"@id\":\"https:\\\/\\\/afzo.ch\\\/wp\\\/#organization\"},\"potentialAction\":[{\"@type\":\"SearchAction\",\"target\":{\"@type\":\"EntryPoint\",\"urlTemplate\":\"https:\\\/\\\/afzo.ch\\\/wp\\\/?s={search_term_string}\"},\"query-input\":{\"@type\":\"PropertyValueSpecification\",\"valueRequired\":true,\"valueName\":\"search_term_string\"}}],\"inLanguage\":\"de\"},{\"@type\":\"Organization\",\"@id\":\"https:\\\/\\\/afzo.ch\\\/wp\\\/#organization\",\"name\":\"Architekturforum Z\u00fcrcher Oberland\",\"url\":\"https:\\\/\\\/afzo.ch\\\/wp\\\/\",\"logo\":{\"@type\":\"ImageObject\",\"inLanguage\":\"de\",\"@id\":\"https:\\\/\\\/afzo.ch\\\/wp\\\/#\\\/schema\\\/logo\\\/image\\\/\",\"url\":\"https:\\\/\\\/i0.wp.com\\\/afzo.ch\\\/wp\\\/wp-content\\\/uploads\\\/2023\\\/09\\\/cropped-logo_afzo_white.png?fit=1619%2C306&ssl=1\",\"contentUrl\":\"https:\\\/\\\/i0.wp.com\\\/afzo.ch\\\/wp\\\/wp-content\\\/uploads\\\/2023\\\/09\\\/cropped-logo_afzo_white.png?fit=1619%2C306&ssl=1\",\"width\":1619,\"height\":306,\"caption\":\"Architekturforum Z\u00fcrcher Oberland\"},\"image\":{\"@id\":\"https:\\\/\\\/afzo.ch\\\/wp\\\/#\\\/schema\\\/logo\\\/image\\\/\"}},{\"@type\":\"Person\",\"@id\":\"https:\\\/\\\/afzo.ch\\\/wp\\\/#\\\/schema\\\/person\\\/95e5a63362ecd7409114715476fb9e75\",\"name\":\"admin\",\"image\":{\"@type\":\"ImageObject\",\"inLanguage\":\"de\",\"@id\":\"https:\\\/\\\/secure.gravatar.com\\\/avatar\\\/080a16143280f0b259f3a0ad237b3a3663a0de5273305a74456e42c79268cb1c?s=96&d=mm&r=g\",\"url\":\"https:\\\/\\\/secure.gravatar.com\\\/avatar\\\/080a16143280f0b259f3a0ad237b3a3663a0de5273305a74456e42c79268cb1c?s=96&d=mm&r=g\",\"contentUrl\":\"https:\\\/\\\/secure.gravatar.com\\\/avatar\\\/080a16143280f0b259f3a0ad237b3a3663a0de5273305a74456e42c79268cb1c?s=96&d=mm&r=g\",\"caption\":\"admin\"},\"sameAs\":[\"http:\\\/\\\/afzo.ch\\\/wp\"],\"url\":\"https:\\\/\\\/afzo.ch\\\/wp\\\/author\\\/werkteam_wt99\\\/\"}]}<\/script>\n<!-- \/ Yoast SEO plugin. -->","yoast_head_json":{"title":"Siedlung Hornbach - Seefeld | 23. Oktober 2021 von 10:00 - 12:00 Uhr - Architekturforum Z\u00fcrcher Oberland","robots":{"index":"index","follow":"follow","max-snippet":"max-snippet:-1","max-image-preview":"max-image-preview:large","max-video-preview":"max-video-preview:-1"},"canonical":"https:\/\/afzo.ch\/wp\/siedlung-hornbach-seefeld-23-oktober-2021-von-1000-1200-uhr\/","og_locale":"de_DE","og_type":"article","og_title":"Siedlung Hornbach - Seefeld | 23. Oktober 2021 von 10:00 - 12:00 Uhr - Architekturforum Z\u00fcrcher Oberland","og_description":"&nbsp;&nbsp;&nbsp;&nbsp;&nbsp;&nbsp; Mit den Architekten Kaschka Knapkiewicz und Axel Fickert Anmeldung Anmeldungen bis am 15. Oktober an : m.weber@bwarchitekten.ch Flyer Detailliertere Informationen und den aktuellen Flyer k\u00f6nnen Sie hier sehen","og_url":"https:\/\/afzo.ch\/wp\/siedlung-hornbach-seefeld-23-oktober-2021-von-1000-1200-uhr\/","og_site_name":"Architekturforum Z\u00fcrcher Oberland","article_published_time":"2021-10-23T00:00:00+00:00","article_modified_time":"2026-06-19T21:22:05+00:00","og_image":[{"width":600,"height":300,"url":"http:\/\/afzo.ch\/wp\/wp-content\/uploads\/2025\/08\/20211023.jpg","type":"image\/jpeg"}],"author":"admin","twitter_card":"summary_large_image","twitter_misc":{"Verfasst von":"admin"},"schema":{"@context":"https:\/\/schema.org","@graph":[{"@type":"Article","@id":"https:\/\/afzo.ch\/wp\/siedlung-hornbach-seefeld-23-oktober-2021-von-1000-1200-uhr\/#article","isPartOf":{"@id":"https:\/\/afzo.ch\/wp\/siedlung-hornbach-seefeld-23-oktober-2021-von-1000-1200-uhr\/"},"author":{"name":"admin","@id":"https:\/\/afzo.ch\/wp\/#\/schema\/person\/95e5a63362ecd7409114715476fb9e75"},"headline":"Siedlung Hornbach &#8211; Seefeld | 23. Oktober 2021 von 10:00 &#8211; 12:00 Uhr","datePublished":"2021-10-23T00:00:00+00:00","dateModified":"2026-06-19T21:22:05+00:00","mainEntityOfPage":{"@id":"https:\/\/afzo.ch\/wp\/siedlung-hornbach-seefeld-23-oktober-2021-von-1000-1200-uhr\/"},"wordCount":44,"publisher":{"@id":"https:\/\/afzo.ch\/wp\/#organization"},"image":{"@id":"https:\/\/afzo.ch\/wp\/siedlung-hornbach-seefeld-23-oktober-2021-von-1000-1200-uhr\/#primaryimage"},"thumbnailUrl":"https:\/\/i0.wp.com\/afzo.ch\/wp\/wp-content\/uploads\/2025\/08\/20211023.jpg?fit=600%2C300&ssl=1","articleSection":["Archiv"],"inLanguage":"de"},{"@type":"WebPage","@id":"https:\/\/afzo.ch\/wp\/siedlung-hornbach-seefeld-23-oktober-2021-von-1000-1200-uhr\/","url":"https:\/\/afzo.ch\/wp\/siedlung-hornbach-seefeld-23-oktober-2021-von-1000-1200-uhr\/","name":"Siedlung Hornbach - Seefeld | 23. Oktober 2021 von 10:00 - 12:00 Uhr - Architekturforum Z\u00fcrcher Oberland","isPartOf":{"@id":"https:\/\/afzo.ch\/wp\/#website"},"primaryImageOfPage":{"@id":"https:\/\/afzo.ch\/wp\/siedlung-hornbach-seefeld-23-oktober-2021-von-1000-1200-uhr\/#primaryimage"},"image":{"@id":"https:\/\/afzo.ch\/wp\/siedlung-hornbach-seefeld-23-oktober-2021-von-1000-1200-uhr\/#primaryimage"},"thumbnailUrl":"https:\/\/i0.wp.com\/afzo.ch\/wp\/wp-content\/uploads\/2025\/08\/20211023.jpg?fit=600%2C300&ssl=1","datePublished":"2021-10-23T00:00:00+00:00","dateModified":"2026-06-19T21:22:05+00:00","breadcrumb":{"@id":"https:\/\/afzo.ch\/wp\/siedlung-hornbach-seefeld-23-oktober-2021-von-1000-1200-uhr\/#breadcrumb"},"inLanguage":"de","potentialAction":[{"@type":"ReadAction","target":["https:\/\/afzo.ch\/wp\/siedlung-hornbach-seefeld-23-oktober-2021-von-1000-1200-uhr\/"]}]},{"@type":"ImageObject","inLanguage":"de","@id":"https:\/\/afzo.ch\/wp\/siedlung-hornbach-seefeld-23-oktober-2021-von-1000-1200-uhr\/#primaryimage","url":"https:\/\/i0.wp.com\/afzo.ch\/wp\/wp-content\/uploads\/2025\/08\/20211023.jpg?fit=600%2C300&ssl=1","contentUrl":"https:\/\/i0.wp.com\/afzo.ch\/wp\/wp-content\/uploads\/2025\/08\/20211023.jpg?fit=600%2C300&ssl=1","width":600,"height":300},{"@type":"BreadcrumbList","@id":"https:\/\/afzo.ch\/wp\/siedlung-hornbach-seefeld-23-oktober-2021-von-1000-1200-uhr\/#breadcrumb","itemListElement":[{"@type":"ListItem","position":1,"name":"Startseite","item":"https:\/\/afzo.ch\/wp\/"},{"@type":"ListItem","position":2,"name":"Siedlung Hornbach &#8211; Seefeld | 23. Oktober 2021 von 10:00 &#8211; 12:00 Uhr"}]},{"@type":"WebSite","@id":"https:\/\/afzo.ch\/wp\/#website","url":"https:\/\/afzo.ch\/wp\/","name":"Architekturforum Z\u00fcrcher Oberland","description":"","publisher":{"@id":"https:\/\/afzo.ch\/wp\/#organization"},"potentialAction":[{"@type":"SearchAction","target":{"@type":"EntryPoint","urlTemplate":"https:\/\/afzo.ch\/wp\/?s={search_term_string}"},"query-input":{"@type":"PropertyValueSpecification","valueRequired":true,"valueName":"search_term_string"}}],"inLanguage":"de"},{"@type":"Organization","@id":"https:\/\/afzo.ch\/wp\/#organization","name":"Architekturforum Z\u00fcrcher Oberland","url":"https:\/\/afzo.ch\/wp\/","logo":{"@type":"ImageObject","inLanguage":"de","@id":"https:\/\/afzo.ch\/wp\/#\/schema\/logo\/image\/","url":"https:\/\/i0.wp.com\/afzo.ch\/wp\/wp-content\/uploads\/2023\/09\/cropped-logo_afzo_white.png?fit=1619%2C306&ssl=1","contentUrl":"https:\/\/i0.wp.com\/afzo.ch\/wp\/wp-content\/uploads\/2023\/09\/cropped-logo_afzo_white.png?fit=1619%2C306&ssl=1","width":1619,"height":306,"caption":"Architekturforum Z\u00fcrcher Oberland"},"image":{"@id":"https:\/\/afzo.ch\/wp\/#\/schema\/logo\/image\/"}},{"@type":"Person","@id":"https:\/\/afzo.ch\/wp\/#\/schema\/person\/95e5a63362ecd7409114715476fb9e75","name":"admin","image":{"@type":"ImageObject","inLanguage":"de","@id":"https:\/\/secure.gravatar.com\/avatar\/080a16143280f0b259f3a0ad237b3a3663a0de5273305a74456e42c79268cb1c?s=96&d=mm&r=g","url":"https:\/\/secure.gravatar.com\/avatar\/080a16143280f0b259f3a0ad237b3a3663a0de5273305a74456e42c79268cb1c?s=96&d=mm&r=g","contentUrl":"https:\/\/secure.gravatar.com\/avatar\/080a16143280f0b259f3a0ad237b3a3663a0de5273305a74456e42c79268cb1c?s=96&d=mm&r=g","caption":"admin"},"sameAs":["http:\/\/afzo.ch\/wp"],"url":"https:\/\/afzo.ch\/wp\/author\/werkteam_wt99\/"}]}},"jetpack_sharing_enabled":true,"jetpack-related-posts":[{"id":782,"url":"https:\/\/afzo.ch\/wp\/afzo-filmabend-26-oktober-2023\/","url_meta":{"origin":802,"position":0},"title":"AFZO Filmabend | 26. Oktober 2023","author":"admin","date":"Oktober 26, 2023","format":false,"excerpt":"\u00a0\u00a0\u00a0\u00a0\u00a0\u00a0 Programm Einlass ab 18:00 Uhr Kurzfilm ab 18:30 Uhr Essen ab 19:00 Uhr Hauptfilm ab 20:00 Uhr Kurzfilm: Barbican, 1969 Hauptfilm: Barbicania Anmeldung erw\u00fcnschtAnmeldungen bis am 20. Oktober an : m.weber@bwarchitekten.ch FlyerDetailliertere Informationen und den aktuellen Flyer k\u00f6nnen Sie hier sehen","rel":"","context":"In &quot;Archiv&quot;","block_context":{"text":"Archiv","link":"https:\/\/afzo.ch\/wp\/category\/archiv\/"},"img":{"alt_text":"","src":"https:\/\/i0.wp.com\/afzo.ch\/wp\/wp-content\/uploads\/2025\/08\/20231026.jpg?fit=600%2C300&ssl=1&resize=350%2C200","width":350,"height":200,"srcset":"https:\/\/i0.wp.com\/afzo.ch\/wp\/wp-content\/uploads\/2025\/08\/20231026.jpg?fit=600%2C300&ssl=1&resize=350%2C200 1x, https:\/\/i0.wp.com\/afzo.ch\/wp\/wp-content\/uploads\/2025\/08\/20231026.jpg?fit=600%2C300&ssl=1&resize=525%2C300 1.5x"},"classes":[]},{"id":774,"url":"https:\/\/afzo.ch\/wp\/afzo-filmabend-31-oktober-2024\/","url_meta":{"origin":802,"position":1},"title":"AFZO Filmabend | 31. Oktober 2024","author":"admin","date":"Oktober 31, 2024","format":false,"excerpt":"\u00a0\u00a0\u00a0\u00a0\u00a0\u00a0 Programm Einlass ab 18:00 Uhr Kurzfilm ab 18:30 Uhr Essen ab 19:00 Uhr Hauptfilm ab 20:00 Uhr Kurzfilm: Le Couvent de la Tourette Hauptfilm: My Architect Anmeldung erw\u00fcnschtAnmeldungen bis am 25. Oktober an : m.weber@bwarchitekten.ch FlyerDetailliertere Informationen und den aktuellen Flyer k\u00f6nnen Sie hier sehen","rel":"","context":"In &quot;Archiv&quot;","block_context":{"text":"Archiv","link":"https:\/\/afzo.ch\/wp\/category\/archiv\/"},"img":{"alt_text":"","src":"https:\/\/i0.wp.com\/afzo.ch\/wp\/wp-content\/uploads\/2025\/08\/20241024.jpg?fit=600%2C300&ssl=1&resize=350%2C200","width":350,"height":200,"srcset":"https:\/\/i0.wp.com\/afzo.ch\/wp\/wp-content\/uploads\/2025\/08\/20241024.jpg?fit=600%2C300&ssl=1&resize=350%2C200 1x, https:\/\/i0.wp.com\/afzo.ch\/wp\/wp-content\/uploads\/2025\/08\/20241024.jpg?fit=600%2C300&ssl=1&resize=525%2C300 1.5x"},"classes":[]},{"id":858,"url":"https:\/\/afzo.ch\/wp\/umweltarena-25-oktober-2014\/","url_meta":{"origin":802,"position":2},"title":"Umweltarena | 25. Oktober 2014","author":"admin","date":"Oktober 25, 2014","format":false,"excerpt":"\u00a0\u00a0\u00a0\u00a0\u00a0\u00a0 Programm 10:00 UhrTreffpunkt: Umwelt Arena SpreitenbachT\u00fcrliackerstrasse 48957 SpreitenbachVortrag und F\u00fchrung durch den Architekten Ren\u00e9 Schmid 12:00 UhrMittagessen im \"Restaurant Klima\" 14:00 UhrFreie Besichtigung der Umwelt Arena KostenEintritt: CHF 10.00 p.P.Mittagessen: CHF 33.00 p.P. AnmeldungWir bitten um Anmeldung bis am 3. Oktober 2014 an Mike Weber: m.weber@bwarchitekten.ch FlyerDetailliertere Informationen und\u2026","rel":"","context":"In &quot;Archiv&quot;","block_context":{"text":"Archiv","link":"https:\/\/afzo.ch\/wp\/category\/archiv\/"},"img":{"alt_text":"","src":"https:\/\/i0.wp.com\/afzo.ch\/wp\/wp-content\/uploads\/2026\/06\/20141025.jpg?fit=600%2C300&ssl=1&resize=350%2C200","width":350,"height":200,"srcset":"https:\/\/i0.wp.com\/afzo.ch\/wp\/wp-content\/uploads\/2026\/06\/20141025.jpg?fit=600%2C300&ssl=1&resize=350%2C200 1x, https:\/\/i0.wp.com\/afzo.ch\/wp\/wp-content\/uploads\/2026\/06\/20141025.jpg?fit=600%2C300&ssl=1&resize=525%2C300 1.5x"},"classes":[]},{"id":2817,"url":"https:\/\/afzo.ch\/wp\/afzo-filmabend-24-oktober-2025\/","url_meta":{"origin":802,"position":3},"title":"AFZO Filmabend | 24. Oktober 2025","author":"admin","date":"Oktober 24, 2025","format":false,"excerpt":"\u00a0\u00a0\u00a0\u00a0\u00a0\u00a0 Programm Einlass ab 18:00 Uhr Kurzfilm ab 18:30 Uhr Essen ab 19:00 Uhr Hauptfilm ab 20:00 Uhr FlyerDetailliertere Informationen und den aktuellen Flyer k\u00f6nnen Sie hier sehen","rel":"","context":"In &quot;Archiv&quot;","block_context":{"text":"Archiv","link":"https:\/\/afzo.ch\/wp\/category\/archiv\/"},"img":{"alt_text":"","src":"https:\/\/i0.wp.com\/afzo.ch\/wp\/wp-content\/uploads\/2025\/10\/20251024.jpg?fit=1200%2C600&ssl=1&resize=350%2C200","width":350,"height":200,"srcset":"https:\/\/i0.wp.com\/afzo.ch\/wp\/wp-content\/uploads\/2025\/10\/20251024.jpg?fit=1200%2C600&ssl=1&resize=350%2C200 1x, https:\/\/i0.wp.com\/afzo.ch\/wp\/wp-content\/uploads\/2025\/10\/20251024.jpg?fit=1200%2C600&ssl=1&resize=525%2C300 1.5x, https:\/\/i0.wp.com\/afzo.ch\/wp\/wp-content\/uploads\/2025\/10\/20251024.jpg?fit=1200%2C600&ssl=1&resize=700%2C400 2x, https:\/\/i0.wp.com\/afzo.ch\/wp\/wp-content\/uploads\/2025\/10\/20251024.jpg?fit=1200%2C600&ssl=1&resize=1050%2C600 3x"},"classes":[]},{"id":873,"url":"https:\/\/afzo.ch\/wp\/firmenbesichtigung-real-stein-fr-26-oktober-2012\/","url_meta":{"origin":802,"position":4},"title":"Firmenbesichtigung &#8211; Real.Stein | Fr. 26. Oktober 2012","author":"admin","date":"Oktober 26, 2012","format":false,"excerpt":"\u00a0\u00a0\u00a0\u00a0\u00a0\u00a0 afzo EventFirmenbesichtigung Real.Stein in Gibswil ZHTreffpunktFreitag, 26. Oktober 2012, 16:00 UhrIndustrie Eschmattstrasse 78498 Gibswil 16:00 Begr\u00fcssung Ca. 2h F\u00fchrung Anschliessend Ap\u00e9ro (offeriert von Real.Stein AG","rel":"","context":"In &quot;Archiv&quot;","block_context":{"text":"Archiv","link":"https:\/\/afzo.ch\/wp\/category\/archiv\/"},"img":{"alt_text":"","src":"","width":0,"height":0},"classes":[]},{"id":887,"url":"https:\/\/afzo.ch\/wp\/firmenbesichtigung-fontana-fontana-27-oktober-2011\/","url_meta":{"origin":802,"position":5},"title":"Firmenbesichtigung &#8211; Fontana Fontana | 27. Oktober 2011","author":"admin","date":"Oktober 27, 2011","format":false,"excerpt":"\u00a0\u00a0\u00a0\u00a0\u00a0\u00a0 afzo EventFirmenbesichtigung Fontana & Fontana in Jona SGTreffpunktDonnerstag, 27. Oktober 2011, 18:00 bis 20:00 UhrBuechstrasse 48645 Jona Deckorationsmalerei Restaurierung und Konservierung Lackiertechnik Farbgestaltung und Flachmalerei Vergoldung Kirchenmalerei und vieles mehr! FlyerDetailliertere Informationen und den aktuellen Flyer k\u00f6nnen Sie hier einsehen","rel":"","context":"In &quot;Archiv&quot;","block_context":{"text":"Archiv","link":"https:\/\/afzo.ch\/wp\/category\/archiv\/"},"img":{"alt_text":"","src":"","width":0,"height":0},"classes":[]}],"jetpack_featured_media_url":"https:\/\/i0.wp.com\/afzo.ch\/wp\/wp-content\/uploads\/2025\/08\/20211023.jpg?fit=600%2C300&ssl=1","_links":{"self":[{"href":"https:\/\/afzo.ch\/wp\/wp-json\/wp\/v2\/posts\/802","targetHints":{"allow":["GET"]}}],"collection":[{"href":"https:\/\/afzo.ch\/wp\/wp-json\/wp\/v2\/posts"}],"about":[{"href":"https:\/\/afzo.ch\/wp\/wp-json\/wp\/v2\/types\/post"}],"author":[{"embeddable":true,"href":"https:\/\/afzo.ch\/wp\/wp-json\/wp\/v2\/users\/1"}],"replies":[{"embeddable":true,"href":"https:\/\/afzo.ch\/wp\/wp-json\/wp\/v2\/comments?post=802"}],"version-history":[{"count":11,"href":"https:\/\/afzo.ch\/wp\/wp-json\/wp\/v2\/posts\/802\/revisions"}],"predecessor-version":[{"id":2754,"href":"https:\/\/afzo.ch\/wp\/wp-json\/wp\/v2\/posts\/802\/revisions\/2754"}],"wp:featuredmedia":[{"embeddable":true,"href":"https:\/\/afzo.ch\/wp\/wp-json\/wp\/v2\/media\/803"}],"wp:attachment":[{"href":"https:\/\/afzo.ch\/wp\/wp-json\/wp\/v2\/media?parent=802"}],"wp:term":[{"taxonomy":"category","embeddable":true,"href":"https:\/\/afzo.ch\/wp\/wp-json\/wp\/v2\/categories?post=802"},{"taxonomy":"post_tag","embeddable":true,"href":"https:\/\/afzo.ch\/wp\/wp-json\/wp\/v2\/tags?post=802"}],"curies":[{"name":"wp","href":"https:\/\/api.w.org\/{rel}","templated":true}]}}