{"id":2818,"date":"2025-10-23T00:00:00","date_gmt":"2025-10-23T00:00:00","guid":{"rendered":"https:\/\/afzo.ch\/wp\/afzo-lectures-bleicheareal-23-oktober-2025-2\/"},"modified":"2026-06-19T21:22:04","modified_gmt":"2026-06-19T21:22:04","slug":"afzo-lectures-bleicheareal-23-oktober-2025","status":"publish","type":"post","link":"https:\/\/afzo.ch\/wp\/afzo-lectures-bleicheareal-23-oktober-2025\/","title":{"rendered":"AFZO Lectures &#8211; Bleicheareal | 23. Oktober 2025"},"content":{"rendered":"<p style=\"text-align: left;\"><a href=\"http:\/\/maps.google.ch\/maps?f=q&amp;source=s_q&amp;hl=de&amp;geocode=&amp;q=47.320140,8.793998&amp;sll=46.362093,9.036255&amp;sspn=5.481358,8.514404&amp;ie=UTF8&amp;z=13\" target=\"_blank\"> <img decoding=\"async\" src=\"..\/..\/button_lageplan.jpg\" width=\"250\"\/><\/a>&nbsp;&nbsp;&nbsp;&nbsp;&nbsp;&nbsp;<a href=\"..\/..\/images.html?http:\/\/www.afzo.ch\/event\/20251023\/10251023.xml\" onclick=\"window.open(this.href, 'width=100%,resizable,scrollbars,toolbar,menubar') ;return false;\"> <img decoding=\"async\" src=\"..\/..\/button_bilder.jpg\" width=\"250\"\/><\/a><\/p>\n<p style=\"text-align: left;\"><strong>Lectures &#8211; zum Bleicheareal in Wald<\/strong><\/p>\n<p><p>\n\t\t\t\t\u00dcber die letzten 25 Jahre hinweg wurde aus der ehemaligen Textilfabrik Bleiche in Wald ein Ort wo heute mit viel Lebensqualit\u00e4t gewohnt wird. Ein Hotel, ein Bad und eine Beiz machen das Areal zu einem lokalen Zentrum wo Anwohner, Kultur und Gastgewerbe zusammenkommen. Das Langzeitprojekt strahlt \u00fcber die Region hinaus. Arthur Honegger hat zusammen mit verschiedenen Architekten dieses einmalige Ensemble kontinuierlich weiterentwickelt. In drei kurzen Referaten geben Arthur Honegger, Valentin L\u00f6wensberg und Christoph Schneider Einblick in die Entstehung des Areals.<\/p>\n<p>\n\t\t\t\tDer Anlass findet am 23.10.2025 ab 19:00 Uhr, in der Garage Wetzikon statt, und wird mit einem gem\u00fctlichen Ap\u00e9ro sowie Barbetrieb abgerundet.<\/p>\n<p>\n\t\t\t\tWir freuen uns auf Ihr Kommen.<\/p>\n<p>\n\t\t\t\t<strong>Flyer<\/strong><\/p>\n<p style=\"margin-top:0.3em\"><a href=\"http:\/\/www.afzo.ch\/event\/afzo_lectures_bleicheareal.pdf\" style=\"color:black; text-decoration:none\">Detailliertere Informationen und den aktuellen Flyer k\u00f6nnen Sie hier sehen<\/a><\/p><\/p>\n","protected":false},"excerpt":{"rendered":"<p>&nbsp;&nbsp;&nbsp;&nbsp;&nbsp;&nbsp; Lectures &#8211; zum Bleicheareal in Wald \u00dcber die letzten 25 Jahre hinweg wurde aus der ehemaligen Textilfabrik Bleiche in Wald ein Ort wo heute mit viel Lebensqualit\u00e4t gewohnt wird. Ein Hotel, ein Bad und eine Beiz machen das Areal zu einem lokalen Zentrum wo Anwohner, Kultur und Gastgewerbe zusammenkommen. Das Langzeitprojekt strahlt \u00fcber die &hellip; <\/p>\n<p class=\"link-more\"><a href=\"https:\/\/afzo.ch\/wp\/afzo-lectures-bleicheareal-23-oktober-2025\/\" class=\"more-link\">Mehr <span class=\"screen-reader-text\">\u00fcber &#8222;AFZO Lectures &#8211; Bleicheareal | 23. Oktober 2025&#8220; <\/span>Lesen<\/a><\/p>\n","protected":false},"author":1,"featured_media":2215,"comment_status":"closed","ping_status":"closed","sticky":false,"template":"","format":"standard","meta":{"om_disable_all_campaigns":false,"_monsterinsights_skip_tracking":false,"_jetpack_newsletter_access":"","_jetpack_dont_email_post_to_subs":false,"_jetpack_newsletter_tier_id":0,"_jetpack_memberships_contains_paywalled_content":false,"_jetpack_feature_clip_id":0,"_jetpack_memberships_contains_paid_content":false,"footnotes":"","jetpack_post_was_ever_published":false},"categories":[19],"tags":[],"class_list":["post-2818","post","type-post","status-publish","format-standard","has-post-thumbnail","hentry","category-archiv"],"aioseo_notices":[],"aioseo_head":"\n\t\t<!-- All in One SEO 5.0.0.1 - aioseo.com -->\n\t<meta name=\"description\" content=\"Lectures - zum Bleicheareal in Wald \u00dcber die letzten 25 Jahre hinweg wurde aus der ehemaligen Textilfabrik Bleiche in Wald ein Ort wo heute mit viel Lebensqualit\u00e4t gewohnt wird. Ein Hotel, ein Bad und eine Beiz machen das Areal zu einem lokalen Zentrum wo Anwohner, Kultur und Gastgewerbe zusammenkommen. Das Langzeitprojekt strahlt \u00fcber die\" \/>\n\t<meta name=\"robots\" content=\"max-image-preview:large\" \/>\n\t<meta name=\"author\" content=\"admin\"\/>\n\t<link rel=\"canonical\" href=\"https:\/\/afzo.ch\/wp\/afzo-lectures-bleicheareal-23-oktober-2025\/\" \/>\n\t<meta name=\"generator\" content=\"All in One SEO (AIOSEO) 5.0.0.1\" \/>\n\t\t<meta property=\"og:locale\" content=\"de_DE\" \/>\n\t\t<meta property=\"og:site_name\" content=\"Architekturforum Z\u00fcrcher Oberland -\" \/>\n\t\t<meta property=\"og:type\" content=\"article\" \/>\n\t\t<meta property=\"og:title\" content=\"AFZO Lectures \u2013 Bleicheareal | 23. Oktober 2025 - Architekturforum Z\u00fcrcher Oberland\" \/>\n\t\t<meta property=\"og:description\" content=\"Lectures - zum Bleicheareal in Wald \u00dcber die letzten 25 Jahre hinweg wurde aus der ehemaligen Textilfabrik Bleiche in Wald ein Ort wo heute mit viel Lebensqualit\u00e4t gewohnt wird. Ein Hotel, ein Bad und eine Beiz machen das Areal zu einem lokalen Zentrum wo Anwohner, Kultur und Gastgewerbe zusammenkommen. Das Langzeitprojekt strahlt \u00fcber die\" \/>\n\t\t<meta property=\"og:url\" content=\"https:\/\/afzo.ch\/wp\/afzo-lectures-bleicheareal-23-oktober-2025\/\" \/>\n\t\t<meta property=\"og:image\" content=\"https:\/\/i0.wp.com\/afzo.ch\/wp\/wp-content\/uploads\/2023\/09\/cropped-logo_afzo_white.png?fit=1619%2C306&#038;ssl=1\" \/>\n\t\t<meta property=\"og:image:secure_url\" content=\"https:\/\/i0.wp.com\/afzo.ch\/wp\/wp-content\/uploads\/2023\/09\/cropped-logo_afzo_white.png?fit=1619%2C306&#038;ssl=1\" \/>\n\t\t<meta property=\"article:published_time\" content=\"2025-10-23T00:00:00+00:00\" \/>\n\t\t<meta property=\"article:modified_time\" content=\"2026-06-19T21:22:04+00:00\" \/>\n\t\t<meta name=\"twitter:card\" content=\"summary_large_image\" \/>\n\t\t<meta name=\"twitter:title\" content=\"AFZO Lectures \u2013 Bleicheareal | 23. Oktober 2025 - Architekturforum Z\u00fcrcher Oberland\" \/>\n\t\t<meta name=\"twitter:description\" content=\"Lectures - zum Bleicheareal in Wald \u00dcber die letzten 25 Jahre hinweg wurde aus der ehemaligen Textilfabrik Bleiche in Wald ein Ort wo heute mit viel Lebensqualit\u00e4t gewohnt wird. Ein Hotel, ein Bad und eine Beiz machen das Areal zu einem lokalen Zentrum wo Anwohner, Kultur und Gastgewerbe zusammenkommen. Das Langzeitprojekt strahlt \u00fcber die\" \/>\n\t\t<meta name=\"twitter:image\" content=\"https:\/\/i0.wp.com\/afzo.ch\/wp\/wp-content\/uploads\/2023\/09\/cropped-logo_afzo_white.png?fit=1619%2C306&amp;ssl=1\" \/>\n\t\t<script type=\"application\/ld+json\" class=\"aioseo-schema\">\n\t\t\t{\"@context\":\"https:\\\/\\\/schema.org\",\"@graph\":[{\"@type\":\"BlogPosting\",\"@id\":\"https:\\\/\\\/afzo.ch\\\/wp\\\/afzo-lectures-bleicheareal-23-oktober-2025\\\/#blogposting\",\"name\":\"AFZO Lectures \\u2013 Bleicheareal | 23. Oktober 2025 - Architekturforum Z\\u00fcrcher Oberland\",\"headline\":\"AFZO Lectures &#8211; Bleicheareal | 23. Oktober 2025\",\"author\":{\"@id\":\"https:\\\/\\\/afzo.ch\\\/wp\\\/author\\\/werkteam_wt99\\\/#author\"},\"publisher\":{\"@id\":\"https:\\\/\\\/afzo.ch\\\/wp\\\/#organization\"},\"image\":{\"@type\":\"ImageObject\",\"url\":\"https:\\\/\\\/i0.wp.com\\\/afzo.ch\\\/wp\\\/wp-content\\\/uploads\\\/2025\\\/10\\\/20251023.jpg?fit=1800%2C900&ssl=1\",\"width\":1800,\"height\":900},\"datePublished\":\"2025-10-23T00:00:00+00:00\",\"dateModified\":\"2026-06-19T21:22:04+00:00\",\"inLanguage\":\"de-DE\",\"mainEntityOfPage\":{\"@id\":\"https:\\\/\\\/afzo.ch\\\/wp\\\/afzo-lectures-bleicheareal-23-oktober-2025\\\/#webpage\"},\"isPartOf\":{\"@id\":\"https:\\\/\\\/afzo.ch\\\/wp\\\/afzo-lectures-bleicheareal-23-oktober-2025\\\/#webpage\"},\"articleSection\":\"Archiv\"},{\"@type\":\"BreadcrumbList\",\"@id\":\"https:\\\/\\\/afzo.ch\\\/wp\\\/afzo-lectures-bleicheareal-23-oktober-2025\\\/#breadcrumblist\",\"itemListElement\":[{\"@type\":\"ListItem\",\"@id\":\"https:\\\/\\\/afzo.ch\\\/wp#listItem\",\"position\":1,\"name\":\"Home\",\"item\":\"https:\\\/\\\/afzo.ch\\\/wp\",\"nextItem\":{\"@type\":\"ListItem\",\"@id\":\"https:\\\/\\\/afzo.ch\\\/wp\\\/category\\\/archiv\\\/#listItem\",\"name\":\"Archiv\"}},{\"@type\":\"ListItem\",\"@id\":\"https:\\\/\\\/afzo.ch\\\/wp\\\/category\\\/archiv\\\/#listItem\",\"position\":2,\"name\":\"Archiv\",\"item\":\"https:\\\/\\\/afzo.ch\\\/wp\\\/category\\\/archiv\\\/\",\"nextItem\":{\"@type\":\"ListItem\",\"@id\":\"https:\\\/\\\/afzo.ch\\\/wp\\\/afzo-lectures-bleicheareal-23-oktober-2025\\\/#listItem\",\"name\":\"AFZO Lectures &#8211; Bleicheareal | 23. Oktober 2025\"},\"previousItem\":{\"@type\":\"ListItem\",\"@id\":\"https:\\\/\\\/afzo.ch\\\/wp#listItem\",\"name\":\"Home\"}},{\"@type\":\"ListItem\",\"@id\":\"https:\\\/\\\/afzo.ch\\\/wp\\\/afzo-lectures-bleicheareal-23-oktober-2025\\\/#listItem\",\"position\":3,\"name\":\"AFZO Lectures &#8211; Bleicheareal | 23. Oktober 2025\",\"previousItem\":{\"@type\":\"ListItem\",\"@id\":\"https:\\\/\\\/afzo.ch\\\/wp\\\/category\\\/archiv\\\/#listItem\",\"name\":\"Archiv\"}}]},{\"@type\":\"Organization\",\"@id\":\"https:\\\/\\\/afzo.ch\\\/wp\\\/#organization\",\"name\":\"werkteam architekten ag\",\"url\":\"https:\\\/\\\/afzo.ch\\\/wp\\\/\",\"telephone\":\"+41449974525\",\"logo\":{\"@type\":\"ImageObject\",\"url\":\"https:\\\/\\\/i0.wp.com\\\/afzo.ch\\\/wp\\\/wp-content\\\/uploads\\\/2022\\\/12\\\/werkteam_logo.png?fit=1500%2C176&ssl=1\",\"@id\":\"https:\\\/\\\/afzo.ch\\\/wp\\\/afzo-lectures-bleicheareal-23-oktober-2025\\\/#organizationLogo\",\"width\":1500,\"height\":176},\"image\":{\"@id\":\"https:\\\/\\\/afzo.ch\\\/wp\\\/afzo-lectures-bleicheareal-23-oktober-2025\\\/#organizationLogo\"}},{\"@type\":\"Person\",\"@id\":\"https:\\\/\\\/afzo.ch\\\/wp\\\/author\\\/werkteam_wt99\\\/#author\",\"url\":\"https:\\\/\\\/afzo.ch\\\/wp\\\/author\\\/werkteam_wt99\\\/\",\"name\":\"admin\",\"image\":{\"@type\":\"ImageObject\",\"@id\":\"https:\\\/\\\/afzo.ch\\\/wp\\\/afzo-lectures-bleicheareal-23-oktober-2025\\\/#authorImage\",\"url\":\"https:\\\/\\\/secure.gravatar.com\\\/avatar\\\/080a16143280f0b259f3a0ad237b3a3663a0de5273305a74456e42c79268cb1c?s=96&d=mm&r=g\",\"width\":96,\"height\":96,\"caption\":\"admin\"}},{\"@type\":\"WebPage\",\"@id\":\"https:\\\/\\\/afzo.ch\\\/wp\\\/afzo-lectures-bleicheareal-23-oktober-2025\\\/#webpage\",\"url\":\"https:\\\/\\\/afzo.ch\\\/wp\\\/afzo-lectures-bleicheareal-23-oktober-2025\\\/\",\"name\":\"AFZO Lectures \\u2013 Bleicheareal | 23. Oktober 2025 - Architekturforum Z\\u00fcrcher Oberland\",\"description\":\"Lectures - zum Bleicheareal in Wald \\u00dcber die letzten 25 Jahre hinweg wurde aus der ehemaligen Textilfabrik Bleiche in Wald ein Ort wo heute mit viel Lebensqualit\\u00e4t gewohnt wird. Ein Hotel, ein Bad und eine Beiz machen das Areal zu einem lokalen Zentrum wo Anwohner, Kultur und Gastgewerbe zusammenkommen. Das Langzeitprojekt strahlt \\u00fcber die\",\"inLanguage\":\"de-DE\",\"isPartOf\":{\"@id\":\"https:\\\/\\\/afzo.ch\\\/wp\\\/#website\"},\"breadcrumb\":{\"@id\":\"https:\\\/\\\/afzo.ch\\\/wp\\\/afzo-lectures-bleicheareal-23-oktober-2025\\\/#breadcrumblist\"},\"author\":{\"@id\":\"https:\\\/\\\/afzo.ch\\\/wp\\\/author\\\/werkteam_wt99\\\/#author\"},\"creator\":{\"@id\":\"https:\\\/\\\/afzo.ch\\\/wp\\\/author\\\/werkteam_wt99\\\/#author\"},\"image\":{\"@type\":\"ImageObject\",\"url\":\"https:\\\/\\\/i0.wp.com\\\/afzo.ch\\\/wp\\\/wp-content\\\/uploads\\\/2025\\\/10\\\/20251023.jpg?fit=1800%2C900&ssl=1\",\"@id\":\"https:\\\/\\\/afzo.ch\\\/wp\\\/afzo-lectures-bleicheareal-23-oktober-2025\\\/#mainImage\",\"width\":1800,\"height\":900},\"primaryImageOfPage\":{\"@id\":\"https:\\\/\\\/afzo.ch\\\/wp\\\/afzo-lectures-bleicheareal-23-oktober-2025\\\/#mainImage\"},\"datePublished\":\"2025-10-23T00:00:00+00:00\",\"dateModified\":\"2026-06-19T21:22:04+00:00\"},{\"@type\":\"WebSite\",\"@id\":\"https:\\\/\\\/afzo.ch\\\/wp\\\/#website\",\"url\":\"https:\\\/\\\/afzo.ch\\\/wp\\\/\",\"name\":\"werkteam architekten ag\",\"inLanguage\":\"de-DE\",\"publisher\":{\"@id\":\"https:\\\/\\\/afzo.ch\\\/wp\\\/#organization\"}}]}\n\t\t<\/script>\n\t\t<!-- All in One SEO -->\n\n","aioseo_head_json":{"title":"AFZO Lectures \u2013 Bleicheareal | 23. Oktober 2025 - Architekturforum Z\u00fcrcher Oberland","description":"Lectures - zum Bleicheareal in Wald \u00dcber die letzten 25 Jahre hinweg wurde aus der ehemaligen Textilfabrik Bleiche in Wald ein Ort wo heute mit viel Lebensqualit\u00e4t gewohnt wird. Ein Hotel, ein Bad und eine Beiz machen das Areal zu einem lokalen Zentrum wo Anwohner, Kultur und Gastgewerbe zusammenkommen. Das Langzeitprojekt strahlt \u00fcber die","canonical_url":"https:\/\/afzo.ch\/wp\/afzo-lectures-bleicheareal-23-oktober-2025\/","robots":"max-image-preview:large","keywords":"","webmasterTools":{"miscellaneous":""},"schema":{"@context":"https:\/\/schema.org","@graph":[{"@type":"BlogPosting","@id":"https:\/\/afzo.ch\/wp\/afzo-lectures-bleicheareal-23-oktober-2025\/#blogposting","name":"AFZO Lectures \u2013 Bleicheareal | 23. Oktober 2025 - Architekturforum Z\u00fcrcher Oberland","headline":"AFZO Lectures &#8211; Bleicheareal | 23. Oktober 2025","author":{"@id":"https:\/\/afzo.ch\/wp\/author\/werkteam_wt99\/#author"},"publisher":{"@id":"https:\/\/afzo.ch\/wp\/#organization"},"image":{"@type":"ImageObject","url":"https:\/\/i0.wp.com\/afzo.ch\/wp\/wp-content\/uploads\/2025\/10\/20251023.jpg?fit=1800%2C900&ssl=1","width":1800,"height":900},"datePublished":"2025-10-23T00:00:00+00:00","dateModified":"2026-06-19T21:22:04+00:00","inLanguage":"de-DE","mainEntityOfPage":{"@id":"https:\/\/afzo.ch\/wp\/afzo-lectures-bleicheareal-23-oktober-2025\/#webpage"},"isPartOf":{"@id":"https:\/\/afzo.ch\/wp\/afzo-lectures-bleicheareal-23-oktober-2025\/#webpage"},"articleSection":"Archiv"},{"@type":"BreadcrumbList","@id":"https:\/\/afzo.ch\/wp\/afzo-lectures-bleicheareal-23-oktober-2025\/#breadcrumblist","itemListElement":[{"@type":"ListItem","@id":"https:\/\/afzo.ch\/wp#listItem","position":1,"name":"Home","item":"https:\/\/afzo.ch\/wp","nextItem":{"@type":"ListItem","@id":"https:\/\/afzo.ch\/wp\/category\/archiv\/#listItem","name":"Archiv"}},{"@type":"ListItem","@id":"https:\/\/afzo.ch\/wp\/category\/archiv\/#listItem","position":2,"name":"Archiv","item":"https:\/\/afzo.ch\/wp\/category\/archiv\/","nextItem":{"@type":"ListItem","@id":"https:\/\/afzo.ch\/wp\/afzo-lectures-bleicheareal-23-oktober-2025\/#listItem","name":"AFZO Lectures &#8211; Bleicheareal | 23. Oktober 2025"},"previousItem":{"@type":"ListItem","@id":"https:\/\/afzo.ch\/wp#listItem","name":"Home"}},{"@type":"ListItem","@id":"https:\/\/afzo.ch\/wp\/afzo-lectures-bleicheareal-23-oktober-2025\/#listItem","position":3,"name":"AFZO Lectures &#8211; Bleicheareal | 23. Oktober 2025","previousItem":{"@type":"ListItem","@id":"https:\/\/afzo.ch\/wp\/category\/archiv\/#listItem","name":"Archiv"}}]},{"@type":"Organization","@id":"https:\/\/afzo.ch\/wp\/#organization","name":"werkteam architekten ag","url":"https:\/\/afzo.ch\/wp\/","telephone":"+41449974525","logo":{"@type":"ImageObject","url":"https:\/\/i0.wp.com\/afzo.ch\/wp\/wp-content\/uploads\/2022\/12\/werkteam_logo.png?fit=1500%2C176&ssl=1","@id":"https:\/\/afzo.ch\/wp\/afzo-lectures-bleicheareal-23-oktober-2025\/#organizationLogo","width":1500,"height":176},"image":{"@id":"https:\/\/afzo.ch\/wp\/afzo-lectures-bleicheareal-23-oktober-2025\/#organizationLogo"}},{"@type":"Person","@id":"https:\/\/afzo.ch\/wp\/author\/werkteam_wt99\/#author","url":"https:\/\/afzo.ch\/wp\/author\/werkteam_wt99\/","name":"admin","image":{"@type":"ImageObject","@id":"https:\/\/afzo.ch\/wp\/afzo-lectures-bleicheareal-23-oktober-2025\/#authorImage","url":"https:\/\/secure.gravatar.com\/avatar\/080a16143280f0b259f3a0ad237b3a3663a0de5273305a74456e42c79268cb1c?s=96&d=mm&r=g","width":96,"height":96,"caption":"admin"}},{"@type":"WebPage","@id":"https:\/\/afzo.ch\/wp\/afzo-lectures-bleicheareal-23-oktober-2025\/#webpage","url":"https:\/\/afzo.ch\/wp\/afzo-lectures-bleicheareal-23-oktober-2025\/","name":"AFZO Lectures \u2013 Bleicheareal | 23. Oktober 2025 - Architekturforum Z\u00fcrcher Oberland","description":"Lectures - zum Bleicheareal in Wald \u00dcber die letzten 25 Jahre hinweg wurde aus der ehemaligen Textilfabrik Bleiche in Wald ein Ort wo heute mit viel Lebensqualit\u00e4t gewohnt wird. Ein Hotel, ein Bad und eine Beiz machen das Areal zu einem lokalen Zentrum wo Anwohner, Kultur und Gastgewerbe zusammenkommen. Das Langzeitprojekt strahlt \u00fcber die","inLanguage":"de-DE","isPartOf":{"@id":"https:\/\/afzo.ch\/wp\/#website"},"breadcrumb":{"@id":"https:\/\/afzo.ch\/wp\/afzo-lectures-bleicheareal-23-oktober-2025\/#breadcrumblist"},"author":{"@id":"https:\/\/afzo.ch\/wp\/author\/werkteam_wt99\/#author"},"creator":{"@id":"https:\/\/afzo.ch\/wp\/author\/werkteam_wt99\/#author"},"image":{"@type":"ImageObject","url":"https:\/\/i0.wp.com\/afzo.ch\/wp\/wp-content\/uploads\/2025\/10\/20251023.jpg?fit=1800%2C900&ssl=1","@id":"https:\/\/afzo.ch\/wp\/afzo-lectures-bleicheareal-23-oktober-2025\/#mainImage","width":1800,"height":900},"primaryImageOfPage":{"@id":"https:\/\/afzo.ch\/wp\/afzo-lectures-bleicheareal-23-oktober-2025\/#mainImage"},"datePublished":"2025-10-23T00:00:00+00:00","dateModified":"2026-06-19T21:22:04+00:00"},{"@type":"WebSite","@id":"https:\/\/afzo.ch\/wp\/#website","url":"https:\/\/afzo.ch\/wp\/","name":"werkteam architekten ag","inLanguage":"de-DE","publisher":{"@id":"https:\/\/afzo.ch\/wp\/#organization"}}]},"og:locale":"de_DE","og:site_name":"Architekturforum Z\u00fcrcher Oberland -","og:type":"article","og:title":"AFZO Lectures \u2013 Bleicheareal | 23. Oktober 2025 - Architekturforum Z\u00fcrcher Oberland","og:description":"Lectures - zum Bleicheareal in Wald \u00dcber die letzten 25 Jahre hinweg wurde aus der ehemaligen Textilfabrik Bleiche in Wald ein Ort wo heute mit viel Lebensqualit\u00e4t gewohnt wird. Ein Hotel, ein Bad und eine Beiz machen das Areal zu einem lokalen Zentrum wo Anwohner, Kultur und Gastgewerbe zusammenkommen. Das Langzeitprojekt strahlt \u00fcber die","og:url":"https:\/\/afzo.ch\/wp\/afzo-lectures-bleicheareal-23-oktober-2025\/","og:image":"https:\/\/i0.wp.com\/afzo.ch\/wp\/wp-content\/uploads\/2023\/09\/cropped-logo_afzo_white.png?fit=1619%2C306&#038;ssl=1","og:image:secure_url":"https:\/\/i0.wp.com\/afzo.ch\/wp\/wp-content\/uploads\/2023\/09\/cropped-logo_afzo_white.png?fit=1619%2C306&#038;ssl=1","article:published_time":"2025-10-23T00:00:00+00:00","article:modified_time":"2026-06-19T21:22:04+00:00","twitter:card":"summary_large_image","twitter:title":"AFZO Lectures \u2013 Bleicheareal | 23. Oktober 2025 - Architekturforum Z\u00fcrcher Oberland","twitter:description":"Lectures - zum Bleicheareal in Wald \u00dcber die letzten 25 Jahre hinweg wurde aus der ehemaligen Textilfabrik Bleiche in Wald ein Ort wo heute mit viel Lebensqualit\u00e4t gewohnt wird. Ein Hotel, ein Bad und eine Beiz machen das Areal zu einem lokalen Zentrum wo Anwohner, Kultur und Gastgewerbe zusammenkommen. Das Langzeitprojekt strahlt \u00fcber die","twitter:image":"https:\/\/i0.wp.com\/afzo.ch\/wp\/wp-content\/uploads\/2023\/09\/cropped-logo_afzo_white.png?fit=1619%2C306&ssl=1"},"aioseo_meta_data":{"post_id":"2818","title":null,"description":null,"keywords":null,"keyphrases":null,"primary_term":null,"canonical_url":null,"og_title":null,"og_description":null,"og_object_type":"default","og_image_type":"default","og_image_url":null,"og_image_width":null,"og_image_height":null,"og_image_custom_url":null,"og_image_custom_fields":null,"og_video":null,"og_custom_url":null,"og_article_section":null,"og_article_tags":null,"twitter_use_og":false,"twitter_card":"default","twitter_image_type":"default","twitter_image_url":null,"twitter_image_custom_url":null,"twitter_image_custom_fields":null,"twitter_title":null,"twitter_description":null,"schema":{"blockGraphs":[],"customGraphs":[],"default":{"data":{"Article":[],"Course":[],"Dataset":[],"FAQPage":[],"Movie":[],"Person":[],"Product":[],"ProductReview":[],"Car":[],"Recipe":[],"Service":[],"SoftwareApplication":[],"WebPage":[]},"graphName":"","isEnabled":true},"graphs":[]},"schema_type":"default","schema_type_options":null,"pillar_content":false,"robots_default":true,"robots_noindex":false,"robots_noarchive":false,"robots_nosnippet":false,"robots_nofollow":false,"robots_noimageindex":false,"robots_noodp":false,"robots_notranslate":false,"robots_max_snippet":null,"robots_max_videopreview":null,"robots_max_imagepreview":"large","priority":null,"frequency":null,"local_seo":null,"breadcrumb_settings":null,"limit_modified_date":false,"ai":null,"created":"2025-12-14 09:11:14","updated":"2026-07-02 06:12:25","focus_keyword":null,"additional_keywords":null,"truseo_locale":null,"seo_analyzer_scan_date":null},"aioseo_breadcrumb":"<div class=\"aioseo-breadcrumbs\"><span class=\"aioseo-breadcrumb\">\n\t\t\t<a href=\"https:\/\/afzo.ch\/wp\" title=\"Home\">Home<\/a>\n\t\t<\/span><span class=\"aioseo-breadcrumb-separator\">&raquo;<\/span><span class=\"aioseo-breadcrumb\">\n\t\t\t<a href=\"https:\/\/afzo.ch\/wp\/category\/archiv\/\" title=\"Archiv\">Archiv<\/a>\n\t\t<\/span><span class=\"aioseo-breadcrumb-separator\">&raquo;<\/span><span class=\"aioseo-breadcrumb\">\n\t\t\tAFZO Lectures \u2013 Bleicheareal | 23. Oktober 2025\n\t\t<\/span><\/div>","aioseo_breadcrumb_json":[{"label":"Home","link":"https:\/\/afzo.ch\/wp"},{"label":"Archiv","link":"https:\/\/afzo.ch\/wp\/category\/archiv\/"},{"label":"AFZO Lectures &#8211; Bleicheareal | 23. Oktober 2025","link":"https:\/\/afzo.ch\/wp\/afzo-lectures-bleicheareal-23-oktober-2025\/"}],"yoast_head":"<!-- This site is optimized with the Yoast SEO plugin v28.2 - https:\/\/yoast.com\/product\/yoast-seo-wordpress\/ -->\n<title>AFZO Lectures - Bleicheareal | 23. Oktober 2025 - Architekturforum Z\u00fcrcher Oberland<\/title>\n<meta name=\"robots\" content=\"index, follow, max-snippet:-1, max-image-preview:large, max-video-preview:-1\" \/>\n<link rel=\"canonical\" href=\"https:\/\/afzo.ch\/wp\/afzo-lectures-bleicheareal-23-oktober-2025\/\" \/>\n<meta property=\"og:locale\" content=\"de_DE\" \/>\n<meta property=\"og:type\" content=\"article\" \/>\n<meta property=\"og:title\" content=\"AFZO Lectures - Bleicheareal | 23. Oktober 2025 - Architekturforum Z\u00fcrcher Oberland\" \/>\n<meta property=\"og:description\" content=\"&nbsp;&nbsp;&nbsp;&nbsp;&nbsp;&nbsp; Lectures &#8211; zum Bleicheareal in Wald \u00dcber die letzten 25 Jahre hinweg wurde aus der ehemaligen Textilfabrik Bleiche in Wald ein Ort wo heute mit viel Lebensqualit\u00e4t gewohnt wird. Ein Hotel, ein Bad und eine Beiz machen das Areal zu einem lokalen Zentrum wo Anwohner, Kultur und Gastgewerbe zusammenkommen. Das Langzeitprojekt strahlt \u00fcber die &hellip; Mehr \u00fcber &quot;AFZO Lectures &#8211; Bleicheareal | 23. Oktober 2025&quot; Lesen\" \/>\n<meta property=\"og:url\" content=\"https:\/\/afzo.ch\/wp\/afzo-lectures-bleicheareal-23-oktober-2025\/\" \/>\n<meta property=\"og:site_name\" content=\"Architekturforum Z\u00fcrcher Oberland\" \/>\n<meta property=\"article:published_time\" content=\"2025-10-23T00:00:00+00:00\" \/>\n<meta property=\"article:modified_time\" content=\"2026-06-19T21:22:04+00:00\" \/>\n<meta property=\"og:image\" content=\"http:\/\/afzo.ch\/wp\/wp-content\/uploads\/2025\/10\/20251023.jpg\" \/>\n\t<meta property=\"og:image:width\" content=\"1800\" \/>\n\t<meta property=\"og:image:height\" content=\"900\" \/>\n\t<meta property=\"og:image:type\" content=\"image\/jpeg\" \/>\n<meta name=\"author\" content=\"admin\" \/>\n<meta name=\"twitter:card\" content=\"summary_large_image\" \/>\n<meta name=\"twitter:label1\" content=\"Verfasst von\" \/>\n\t<meta name=\"twitter:data1\" content=\"admin\" \/>\n\t<meta name=\"twitter:label2\" content=\"Gesch\u00e4tzte Lesezeit\" \/>\n\t<meta name=\"twitter:data2\" content=\"1\u00a0Minute\" \/>\n<script type=\"application\/ld+json\" class=\"yoast-schema-graph\">{\"@context\":\"https:\\\/\\\/schema.org\",\"@graph\":[{\"@type\":\"Article\",\"@id\":\"https:\\\/\\\/afzo.ch\\\/wp\\\/afzo-lectures-bleicheareal-23-oktober-2025\\\/#article\",\"isPartOf\":{\"@id\":\"https:\\\/\\\/afzo.ch\\\/wp\\\/afzo-lectures-bleicheareal-23-oktober-2025\\\/\"},\"author\":{\"name\":\"admin\",\"@id\":\"https:\\\/\\\/afzo.ch\\\/wp\\\/#\\\/schema\\\/person\\\/95e5a63362ecd7409114715476fb9e75\"},\"headline\":\"AFZO Lectures &#8211; Bleicheareal | 23. Oktober 2025\",\"datePublished\":\"2025-10-23T00:00:00+00:00\",\"dateModified\":\"2026-06-19T21:22:04+00:00\",\"mainEntityOfPage\":{\"@id\":\"https:\\\/\\\/afzo.ch\\\/wp\\\/afzo-lectures-bleicheareal-23-oktober-2025\\\/\"},\"wordCount\":138,\"publisher\":{\"@id\":\"https:\\\/\\\/afzo.ch\\\/wp\\\/#organization\"},\"image\":{\"@id\":\"https:\\\/\\\/afzo.ch\\\/wp\\\/afzo-lectures-bleicheareal-23-oktober-2025\\\/#primaryimage\"},\"thumbnailUrl\":\"https:\\\/\\\/i0.wp.com\\\/afzo.ch\\\/wp\\\/wp-content\\\/uploads\\\/2025\\\/10\\\/20251023.jpg?fit=1800%2C900&ssl=1\",\"articleSection\":[\"Archiv\"],\"inLanguage\":\"de\"},{\"@type\":\"WebPage\",\"@id\":\"https:\\\/\\\/afzo.ch\\\/wp\\\/afzo-lectures-bleicheareal-23-oktober-2025\\\/\",\"url\":\"https:\\\/\\\/afzo.ch\\\/wp\\\/afzo-lectures-bleicheareal-23-oktober-2025\\\/\",\"name\":\"AFZO Lectures - Bleicheareal | 23. Oktober 2025 - Architekturforum Z\u00fcrcher Oberland\",\"isPartOf\":{\"@id\":\"https:\\\/\\\/afzo.ch\\\/wp\\\/#website\"},\"primaryImageOfPage\":{\"@id\":\"https:\\\/\\\/afzo.ch\\\/wp\\\/afzo-lectures-bleicheareal-23-oktober-2025\\\/#primaryimage\"},\"image\":{\"@id\":\"https:\\\/\\\/afzo.ch\\\/wp\\\/afzo-lectures-bleicheareal-23-oktober-2025\\\/#primaryimage\"},\"thumbnailUrl\":\"https:\\\/\\\/i0.wp.com\\\/afzo.ch\\\/wp\\\/wp-content\\\/uploads\\\/2025\\\/10\\\/20251023.jpg?fit=1800%2C900&ssl=1\",\"datePublished\":\"2025-10-23T00:00:00+00:00\",\"dateModified\":\"2026-06-19T21:22:04+00:00\",\"breadcrumb\":{\"@id\":\"https:\\\/\\\/afzo.ch\\\/wp\\\/afzo-lectures-bleicheareal-23-oktober-2025\\\/#breadcrumb\"},\"inLanguage\":\"de\",\"potentialAction\":[{\"@type\":\"ReadAction\",\"target\":[\"https:\\\/\\\/afzo.ch\\\/wp\\\/afzo-lectures-bleicheareal-23-oktober-2025\\\/\"]}]},{\"@type\":\"ImageObject\",\"inLanguage\":\"de\",\"@id\":\"https:\\\/\\\/afzo.ch\\\/wp\\\/afzo-lectures-bleicheareal-23-oktober-2025\\\/#primaryimage\",\"url\":\"https:\\\/\\\/i0.wp.com\\\/afzo.ch\\\/wp\\\/wp-content\\\/uploads\\\/2025\\\/10\\\/20251023.jpg?fit=1800%2C900&ssl=1\",\"contentUrl\":\"https:\\\/\\\/i0.wp.com\\\/afzo.ch\\\/wp\\\/wp-content\\\/uploads\\\/2025\\\/10\\\/20251023.jpg?fit=1800%2C900&ssl=1\",\"width\":1800,\"height\":900},{\"@type\":\"BreadcrumbList\",\"@id\":\"https:\\\/\\\/afzo.ch\\\/wp\\\/afzo-lectures-bleicheareal-23-oktober-2025\\\/#breadcrumb\",\"itemListElement\":[{\"@type\":\"ListItem\",\"position\":1,\"name\":\"Startseite\",\"item\":\"https:\\\/\\\/afzo.ch\\\/wp\\\/\"},{\"@type\":\"ListItem\",\"position\":2,\"name\":\"AFZO Lectures &#8211; Bleicheareal | 23. Oktober 2025\"}]},{\"@type\":\"WebSite\",\"@id\":\"https:\\\/\\\/afzo.ch\\\/wp\\\/#website\",\"url\":\"https:\\\/\\\/afzo.ch\\\/wp\\\/\",\"name\":\"Architekturforum Z\u00fcrcher Oberland\",\"description\":\"\",\"publisher\":{\"@id\":\"https:\\\/\\\/afzo.ch\\\/wp\\\/#organization\"},\"potentialAction\":[{\"@type\":\"SearchAction\",\"target\":{\"@type\":\"EntryPoint\",\"urlTemplate\":\"https:\\\/\\\/afzo.ch\\\/wp\\\/?s={search_term_string}\"},\"query-input\":{\"@type\":\"PropertyValueSpecification\",\"valueRequired\":true,\"valueName\":\"search_term_string\"}}],\"inLanguage\":\"de\"},{\"@type\":\"Organization\",\"@id\":\"https:\\\/\\\/afzo.ch\\\/wp\\\/#organization\",\"name\":\"Architekturforum Z\u00fcrcher Oberland\",\"url\":\"https:\\\/\\\/afzo.ch\\\/wp\\\/\",\"logo\":{\"@type\":\"ImageObject\",\"inLanguage\":\"de\",\"@id\":\"https:\\\/\\\/afzo.ch\\\/wp\\\/#\\\/schema\\\/logo\\\/image\\\/\",\"url\":\"https:\\\/\\\/i0.wp.com\\\/afzo.ch\\\/wp\\\/wp-content\\\/uploads\\\/2023\\\/09\\\/cropped-logo_afzo_white.png?fit=1619%2C306&ssl=1\",\"contentUrl\":\"https:\\\/\\\/i0.wp.com\\\/afzo.ch\\\/wp\\\/wp-content\\\/uploads\\\/2023\\\/09\\\/cropped-logo_afzo_white.png?fit=1619%2C306&ssl=1\",\"width\":1619,\"height\":306,\"caption\":\"Architekturforum Z\u00fcrcher Oberland\"},\"image\":{\"@id\":\"https:\\\/\\\/afzo.ch\\\/wp\\\/#\\\/schema\\\/logo\\\/image\\\/\"}},{\"@type\":\"Person\",\"@id\":\"https:\\\/\\\/afzo.ch\\\/wp\\\/#\\\/schema\\\/person\\\/95e5a63362ecd7409114715476fb9e75\",\"name\":\"admin\",\"image\":{\"@type\":\"ImageObject\",\"inLanguage\":\"de\",\"@id\":\"https:\\\/\\\/secure.gravatar.com\\\/avatar\\\/080a16143280f0b259f3a0ad237b3a3663a0de5273305a74456e42c79268cb1c?s=96&d=mm&r=g\",\"url\":\"https:\\\/\\\/secure.gravatar.com\\\/avatar\\\/080a16143280f0b259f3a0ad237b3a3663a0de5273305a74456e42c79268cb1c?s=96&d=mm&r=g\",\"contentUrl\":\"https:\\\/\\\/secure.gravatar.com\\\/avatar\\\/080a16143280f0b259f3a0ad237b3a3663a0de5273305a74456e42c79268cb1c?s=96&d=mm&r=g\",\"caption\":\"admin\"},\"sameAs\":[\"http:\\\/\\\/afzo.ch\\\/wp\"],\"url\":\"https:\\\/\\\/afzo.ch\\\/wp\\\/author\\\/werkteam_wt99\\\/\"}]}<\/script>\n<!-- \/ Yoast SEO plugin. -->","yoast_head_json":{"title":"AFZO Lectures - Bleicheareal | 23. Oktober 2025 - Architekturforum Z\u00fcrcher Oberland","robots":{"index":"index","follow":"follow","max-snippet":"max-snippet:-1","max-image-preview":"max-image-preview:large","max-video-preview":"max-video-preview:-1"},"canonical":"https:\/\/afzo.ch\/wp\/afzo-lectures-bleicheareal-23-oktober-2025\/","og_locale":"de_DE","og_type":"article","og_title":"AFZO Lectures - Bleicheareal | 23. Oktober 2025 - Architekturforum Z\u00fcrcher Oberland","og_description":"&nbsp;&nbsp;&nbsp;&nbsp;&nbsp;&nbsp; Lectures &#8211; zum Bleicheareal in Wald \u00dcber die letzten 25 Jahre hinweg wurde aus der ehemaligen Textilfabrik Bleiche in Wald ein Ort wo heute mit viel Lebensqualit\u00e4t gewohnt wird. Ein Hotel, ein Bad und eine Beiz machen das Areal zu einem lokalen Zentrum wo Anwohner, Kultur und Gastgewerbe zusammenkommen. Das Langzeitprojekt strahlt \u00fcber die &hellip; Mehr \u00fcber \"AFZO Lectures &#8211; Bleicheareal | 23. Oktober 2025\" Lesen","og_url":"https:\/\/afzo.ch\/wp\/afzo-lectures-bleicheareal-23-oktober-2025\/","og_site_name":"Architekturforum Z\u00fcrcher Oberland","article_published_time":"2025-10-23T00:00:00+00:00","article_modified_time":"2026-06-19T21:22:04+00:00","og_image":[{"width":1800,"height":900,"url":"http:\/\/afzo.ch\/wp\/wp-content\/uploads\/2025\/10\/20251023.jpg","type":"image\/jpeg"}],"author":"admin","twitter_card":"summary_large_image","twitter_misc":{"Verfasst von":"admin","Gesch\u00e4tzte Lesezeit":"1\u00a0Minute"},"schema":{"@context":"https:\/\/schema.org","@graph":[{"@type":"Article","@id":"https:\/\/afzo.ch\/wp\/afzo-lectures-bleicheareal-23-oktober-2025\/#article","isPartOf":{"@id":"https:\/\/afzo.ch\/wp\/afzo-lectures-bleicheareal-23-oktober-2025\/"},"author":{"name":"admin","@id":"https:\/\/afzo.ch\/wp\/#\/schema\/person\/95e5a63362ecd7409114715476fb9e75"},"headline":"AFZO Lectures &#8211; Bleicheareal | 23. Oktober 2025","datePublished":"2025-10-23T00:00:00+00:00","dateModified":"2026-06-19T21:22:04+00:00","mainEntityOfPage":{"@id":"https:\/\/afzo.ch\/wp\/afzo-lectures-bleicheareal-23-oktober-2025\/"},"wordCount":138,"publisher":{"@id":"https:\/\/afzo.ch\/wp\/#organization"},"image":{"@id":"https:\/\/afzo.ch\/wp\/afzo-lectures-bleicheareal-23-oktober-2025\/#primaryimage"},"thumbnailUrl":"https:\/\/i0.wp.com\/afzo.ch\/wp\/wp-content\/uploads\/2025\/10\/20251023.jpg?fit=1800%2C900&ssl=1","articleSection":["Archiv"],"inLanguage":"de"},{"@type":"WebPage","@id":"https:\/\/afzo.ch\/wp\/afzo-lectures-bleicheareal-23-oktober-2025\/","url":"https:\/\/afzo.ch\/wp\/afzo-lectures-bleicheareal-23-oktober-2025\/","name":"AFZO Lectures - Bleicheareal | 23. Oktober 2025 - Architekturforum Z\u00fcrcher Oberland","isPartOf":{"@id":"https:\/\/afzo.ch\/wp\/#website"},"primaryImageOfPage":{"@id":"https:\/\/afzo.ch\/wp\/afzo-lectures-bleicheareal-23-oktober-2025\/#primaryimage"},"image":{"@id":"https:\/\/afzo.ch\/wp\/afzo-lectures-bleicheareal-23-oktober-2025\/#primaryimage"},"thumbnailUrl":"https:\/\/i0.wp.com\/afzo.ch\/wp\/wp-content\/uploads\/2025\/10\/20251023.jpg?fit=1800%2C900&ssl=1","datePublished":"2025-10-23T00:00:00+00:00","dateModified":"2026-06-19T21:22:04+00:00","breadcrumb":{"@id":"https:\/\/afzo.ch\/wp\/afzo-lectures-bleicheareal-23-oktober-2025\/#breadcrumb"},"inLanguage":"de","potentialAction":[{"@type":"ReadAction","target":["https:\/\/afzo.ch\/wp\/afzo-lectures-bleicheareal-23-oktober-2025\/"]}]},{"@type":"ImageObject","inLanguage":"de","@id":"https:\/\/afzo.ch\/wp\/afzo-lectures-bleicheareal-23-oktober-2025\/#primaryimage","url":"https:\/\/i0.wp.com\/afzo.ch\/wp\/wp-content\/uploads\/2025\/10\/20251023.jpg?fit=1800%2C900&ssl=1","contentUrl":"https:\/\/i0.wp.com\/afzo.ch\/wp\/wp-content\/uploads\/2025\/10\/20251023.jpg?fit=1800%2C900&ssl=1","width":1800,"height":900},{"@type":"BreadcrumbList","@id":"https:\/\/afzo.ch\/wp\/afzo-lectures-bleicheareal-23-oktober-2025\/#breadcrumb","itemListElement":[{"@type":"ListItem","position":1,"name":"Startseite","item":"https:\/\/afzo.ch\/wp\/"},{"@type":"ListItem","position":2,"name":"AFZO Lectures &#8211; Bleicheareal | 23. Oktober 2025"}]},{"@type":"WebSite","@id":"https:\/\/afzo.ch\/wp\/#website","url":"https:\/\/afzo.ch\/wp\/","name":"Architekturforum Z\u00fcrcher Oberland","description":"","publisher":{"@id":"https:\/\/afzo.ch\/wp\/#organization"},"potentialAction":[{"@type":"SearchAction","target":{"@type":"EntryPoint","urlTemplate":"https:\/\/afzo.ch\/wp\/?s={search_term_string}"},"query-input":{"@type":"PropertyValueSpecification","valueRequired":true,"valueName":"search_term_string"}}],"inLanguage":"de"},{"@type":"Organization","@id":"https:\/\/afzo.ch\/wp\/#organization","name":"Architekturforum Z\u00fcrcher Oberland","url":"https:\/\/afzo.ch\/wp\/","logo":{"@type":"ImageObject","inLanguage":"de","@id":"https:\/\/afzo.ch\/wp\/#\/schema\/logo\/image\/","url":"https:\/\/i0.wp.com\/afzo.ch\/wp\/wp-content\/uploads\/2023\/09\/cropped-logo_afzo_white.png?fit=1619%2C306&ssl=1","contentUrl":"https:\/\/i0.wp.com\/afzo.ch\/wp\/wp-content\/uploads\/2023\/09\/cropped-logo_afzo_white.png?fit=1619%2C306&ssl=1","width":1619,"height":306,"caption":"Architekturforum Z\u00fcrcher Oberland"},"image":{"@id":"https:\/\/afzo.ch\/wp\/#\/schema\/logo\/image\/"}},{"@type":"Person","@id":"https:\/\/afzo.ch\/wp\/#\/schema\/person\/95e5a63362ecd7409114715476fb9e75","name":"admin","image":{"@type":"ImageObject","inLanguage":"de","@id":"https:\/\/secure.gravatar.com\/avatar\/080a16143280f0b259f3a0ad237b3a3663a0de5273305a74456e42c79268cb1c?s=96&d=mm&r=g","url":"https:\/\/secure.gravatar.com\/avatar\/080a16143280f0b259f3a0ad237b3a3663a0de5273305a74456e42c79268cb1c?s=96&d=mm&r=g","contentUrl":"https:\/\/secure.gravatar.com\/avatar\/080a16143280f0b259f3a0ad237b3a3663a0de5273305a74456e42c79268cb1c?s=96&d=mm&r=g","caption":"admin"},"sameAs":["http:\/\/afzo.ch\/wp"],"url":"https:\/\/afzo.ch\/wp\/author\/werkteam_wt99\/"}]}},"jetpack_sharing_enabled":true,"jetpack-related-posts":[{"id":983,"url":"https:\/\/afzo.ch\/wp\/mehrfamilienhaus-claridapark-claridapark-8636-wald\/","url_meta":{"origin":2818,"position":0},"title":"Mehrfamilienhaus Claridapark | Claridapark \/ 8636 Wald","author":"admin","date":"November 1, 2025","format":false,"excerpt":"\u00a0\u00a0\u00a0\u00a0\u00a0\u00a0 Baubeschrieb Das zentrumsnah in einer Parklandschaft liegende L-f\u00f6rmige Wohngeb\u00e4ude umfasst auf 4 Geschossen 20 Mietwohnungen. Im Untergeschoss befinden sich die Nebenr\u00e4ume und eine grosse Einstellhalle. Auf jedem der identischen Geschosse befinden sich 5 Wohnungen mit je 1 \u00bd, 2 \u00bd, 3 \u00bd, 4 \u00bd und 5 \u00bd Zimmern. Jede\u2026","rel":"","context":"In &quot;Baupreis&quot;","block_context":{"text":"Baupreis","link":"https:\/\/afzo.ch\/wp\/category\/baupreis\/"},"img":{"alt_text":"","src":"https:\/\/i0.wp.com\/afzo.ch\/wp\/wp-content\/uploads\/2025\/11\/02201604000.jpg?fit=600%2C300&ssl=1&resize=350%2C200","width":350,"height":200,"srcset":"https:\/\/i0.wp.com\/afzo.ch\/wp\/wp-content\/uploads\/2025\/11\/02201604000.jpg?fit=600%2C300&ssl=1&resize=350%2C200 1x, https:\/\/i0.wp.com\/afzo.ch\/wp\/wp-content\/uploads\/2025\/11\/02201604000.jpg?fit=600%2C300&ssl=1&resize=525%2C300 1.5x"},"classes":[]},{"id":1035,"url":"https:\/\/afzo.ch\/wp\/wohnueberbauung-leisihalde-leisihaldenstrasse-8623-wetzikon\/","url_meta":{"origin":2818,"position":1},"title":"Wohn\u00fcberbauung Leisihalde | Leisihaldenstrasse \/ 8623 Wetzikon","author":"admin","date":"November 1, 2025","format":false,"excerpt":"\u00a0\u00a0\u00a0\u00a0\u00a0\u00a0 Baubeschrieb Das im Witziger Ortsteil Kempten gelegene Objekt stellt die erste Etappe einer Gesamt\u00fcberbauung mit total 25 Reihenh\u00e4usern und einem Einzelhaus dar. Errichtet wurden zwei- und dreigeschossige Bauten in Holzelementbau. Durch die Staffelung der Bauk\u00f6rper wird f\u00fcr jedes Haus die freie Aussicht gew\u00e4hrleistet. Grosse zusammenh\u00e4ngende Freifl\u00e4chen f\u00fcr gemeinschaftliche Nutzung.\u2026","rel":"","context":"In &quot;Baupreis&quot;","block_context":{"text":"Baupreis","link":"https:\/\/afzo.ch\/wp\/category\/baupreis\/"},"img":{"alt_text":"","src":"https:\/\/i0.wp.com\/afzo.ch\/wp\/wp-content\/uploads\/2025\/11\/02200107000.jpg?fit=600%2C300&ssl=1&resize=350%2C200","width":350,"height":200,"srcset":"https:\/\/i0.wp.com\/afzo.ch\/wp\/wp-content\/uploads\/2025\/11\/02200107000.jpg?fit=600%2C300&ssl=1&resize=350%2C200 1x, https:\/\/i0.wp.com\/afzo.ch\/wp\/wp-content\/uploads\/2025\/11\/02200107000.jpg?fit=600%2C300&ssl=1&resize=525%2C300 1.5x"},"classes":[]},{"id":1037,"url":"https:\/\/afzo.ch\/wp\/mehrfamilienhaus-felsenkellerstrasse-felsenkellerstrasse-16-8636-wald\/","url_meta":{"origin":2818,"position":2},"title":"Mehrfamilienhaus Felsenkellerstrasse | Felsenkellerstrasse 16 \/ 8636 Wald","author":"admin","date":"November 1, 2025","format":false,"excerpt":"\u00a0\u00a0\u00a0\u00a0\u00a0\u00a0 Baubeschrieb Zweigeschossiges, unterkellertes Sechsfamilienhaus mit Attikageschoss. Betonskelettbau ohne tragende W\u00e4nde und Fassaden. Loftartige Raumstruktur, in der lediglich die Nasszellen fixiert sind. Der Wohnungseinbau erfolgte nach Mieterwunsch mit Leichtbauw\u00e4nden. Symmetrische Gesamtdisposition mit zentralem Erschliessungs- und Nasszellenkern. Dachhaut und Fassaden in standardisierten Industriebau-Metallelementen. W\u00e4rmepumpenheizung mit Tiefbohrung. W\u00fcrdigung In Disposition, Raumangebot, Materialwahl\u2026","rel":"","context":"In &quot;Baupreis&quot;","block_context":{"text":"Baupreis","link":"https:\/\/afzo.ch\/wp\/category\/baupreis\/"},"img":{"alt_text":"","src":"https:\/\/i0.wp.com\/afzo.ch\/wp\/wp-content\/uploads\/2025\/11\/02200111000.jpg?fit=600%2C300&ssl=1&resize=350%2C200","width":350,"height":200,"srcset":"https:\/\/i0.wp.com\/afzo.ch\/wp\/wp-content\/uploads\/2025\/11\/02200111000.jpg?fit=600%2C300&ssl=1&resize=350%2C200 1x, https:\/\/i0.wp.com\/afzo.ch\/wp\/wp-content\/uploads\/2025\/11\/02200111000.jpg?fit=600%2C300&ssl=1&resize=525%2C300 1.5x"},"classes":[]},{"id":2439,"url":"https:\/\/afzo.ch\/wp\/wildwood-plaza-fohrhoelzliwald-8610-uster\/","url_meta":{"origin":2818,"position":3},"title":"Wildwood Plaza | Fohrh\u00f6lzliwald  \/  8610 Uster","author":"admin","date":"November 1, 2025","format":false,"excerpt":"\u00a0\u00a0\u00a0\u00a0\u00a0\u00a0 Baubeschrieb Am Siedlungsrand von Uster, im Fohrh\u00f6lzliwald, wurden drei kleine verborgene Waldpl\u00e4tze geschaffen, die untereinander und mit dem Waldrand durch ein unscheinbares Netz von Trampelpfaden verbunden sind. Nat\u00fcrlich durch Windfall oder speziellen Bewuchs entstandene kleine Lichtungen wurden mit wenigen Eingriffen zielgerichtet ges\u00e4ubert und gerodet. Der Waldgrund wurde seinem nat\u00fcrlichen\u2026","rel":"","context":"In &quot;Baupreis&quot;","block_context":{"text":"Baupreis","link":"https:\/\/afzo.ch\/wp\/category\/baupreis\/"},"img":{"alt_text":"","src":"https:\/\/i0.wp.com\/afzo.ch\/wp\/wp-content\/uploads\/2025\/11\/02201606000.jpg?fit=600%2C300&ssl=1&resize=350%2C200","width":350,"height":200,"srcset":"https:\/\/i0.wp.com\/afzo.ch\/wp\/wp-content\/uploads\/2025\/11\/02201606000.jpg?fit=600%2C300&ssl=1&resize=350%2C200 1x, https:\/\/i0.wp.com\/afzo.ch\/wp\/wp-content\/uploads\/2025\/11\/02201606000.jpg?fit=600%2C300&ssl=1&resize=525%2C300 1.5x"},"classes":[]},{"id":1165,"url":"https:\/\/afzo.ch\/wp\/feuerwehrdepot-wald-laupenstrasse-8636-wald\/","url_meta":{"origin":2818,"position":4},"title":"Feuerwehrdepot Wald | Laupenstrasse  \/  8636 Wald","author":"admin","date":"November 1, 2025","format":false,"excerpt":"\u00a0\u00a0\u00a0\u00a0\u00a0\u00a0 Baubeschrieb Parallel zur Strasse und zum Hang stehender einfacher, rechteckiger Bauk\u00f6rper. Das Geb\u00e4ude, ein Stahlbau, ist mit einem flach geneigten dunklen Trapezblechdach eingedeckt, welches hangseitig als steile, schr\u00e4g gestellte R\u00fcckwand bis zum Terrain heruntergezogen ist. Die beiden Seitenw\u00e4nde und die grosse Torfront sind mit halbdurchsichtigem Kunststoffmaterial verkleidet. In die\u2026","rel":"","context":"In &quot;Baupreis&quot;","block_context":{"text":"Baupreis","link":"https:\/\/afzo.ch\/wp\/category\/baupreis\/"},"img":{"alt_text":"","src":"https:\/\/i0.wp.com\/afzo.ch\/wp\/wp-content\/uploads\/2025\/11\/02200706000.jpg?fit=600%2C300&ssl=1&resize=350%2C200","width":350,"height":200,"srcset":"https:\/\/i0.wp.com\/afzo.ch\/wp\/wp-content\/uploads\/2025\/11\/02200706000.jpg?fit=600%2C300&ssl=1&resize=350%2C200 1x, https:\/\/i0.wp.com\/afzo.ch\/wp\/wp-content\/uploads\/2025\/11\/02200706000.jpg?fit=600%2C300&ssl=1&resize=525%2C300 1.5x"},"classes":[]},{"id":2453,"url":"https:\/\/afzo.ch\/wp\/schauhaus-botanischer-garten-adletshusen-78-8627-grueningen-zh\/","url_meta":{"origin":2818,"position":5},"title":"Schauhaus Botanischer Garten | Adletshusen 78  \/  8627 Gr\u00fcningen ZH","author":"admin","date":"November 1, 2025","format":false,"excerpt":"\u00a0\u00a0\u00a0\u00a0\u00a0\u00a0 Baubeschrieb Das Glashaus dient als Schauraum f\u00fcr ganz-j\u00e4hrig w\u00e4rmebed\u00fcrftige Pflanzen. Als Ersatz f\u00fcr zwei bauf\u00e4llige Gew\u00e4chsh\u00e4user steht es in einem sch\u00f6nen waldartigen Baumbestand. Die Tragstruktur besteht aus vier Pfeilern, welche aus einem B\u00fcndel von 12 massiven Stahlstreben bestehen, die oben unter-schiedlich geneigt in eine unregelm\u00e4ssige sechseckige Dachform auslaufen. Diese\u2026","rel":"","context":"In &quot;Baupreis&quot;","block_context":{"text":"Baupreis","link":"https:\/\/afzo.ch\/wp\/category\/baupreis\/"},"img":{"alt_text":"","src":"https:\/\/i0.wp.com\/afzo.ch\/wp\/wp-content\/uploads\/2025\/11\/02201301000.jpg?fit=600%2C300&ssl=1&resize=350%2C200","width":350,"height":200,"srcset":"https:\/\/i0.wp.com\/afzo.ch\/wp\/wp-content\/uploads\/2025\/11\/02201301000.jpg?fit=600%2C300&ssl=1&resize=350%2C200 1x, https:\/\/i0.wp.com\/afzo.ch\/wp\/wp-content\/uploads\/2025\/11\/02201301000.jpg?fit=600%2C300&ssl=1&resize=525%2C300 1.5x"},"classes":[]}],"jetpack_featured_media_url":"https:\/\/i0.wp.com\/afzo.ch\/wp\/wp-content\/uploads\/2025\/10\/20251023.jpg?fit=1800%2C900&ssl=1","_links":{"self":[{"href":"https:\/\/afzo.ch\/wp\/wp-json\/wp\/v2\/posts\/2818","targetHints":{"allow":["GET"]}}],"collection":[{"href":"https:\/\/afzo.ch\/wp\/wp-json\/wp\/v2\/posts"}],"about":[{"href":"https:\/\/afzo.ch\/wp\/wp-json\/wp\/v2\/types\/post"}],"author":[{"embeddable":true,"href":"https:\/\/afzo.ch\/wp\/wp-json\/wp\/v2\/users\/1"}],"replies":[{"embeddable":true,"href":"https:\/\/afzo.ch\/wp\/wp-json\/wp\/v2\/comments?post=2818"}],"version-history":[{"count":1,"href":"https:\/\/afzo.ch\/wp\/wp-json\/wp\/v2\/posts\/2818\/revisions"}],"predecessor-version":[{"id":2858,"href":"https:\/\/afzo.ch\/wp\/wp-json\/wp\/v2\/posts\/2818\/revisions\/2858"}],"wp:featuredmedia":[{"embeddable":true,"href":"https:\/\/afzo.ch\/wp\/wp-json\/wp\/v2\/media\/2215"}],"wp:attachment":[{"href":"https:\/\/afzo.ch\/wp\/wp-json\/wp\/v2\/media?parent=2818"}],"wp:term":[{"taxonomy":"category","embeddable":true,"href":"https:\/\/afzo.ch\/wp\/wp-json\/wp\/v2\/categories?post=2818"},{"taxonomy":"post_tag","embeddable":true,"href":"https:\/\/afzo.ch\/wp\/wp-json\/wp\/v2\/tags?post=2818"}],"curies":[{"name":"wp","href":"https:\/\/api.w.org\/{rel}","templated":true}]}}