{"id":2456,"date":"2025-11-01T09:01:56","date_gmt":"2025-11-01T09:01:56","guid":{"rendered":"https:\/\/afzo.ch\/wp\/kultur-und-sportzentrum-gries-lindenbuehl-8604-volketswil\/"},"modified":"2025-11-01T09:01:57","modified_gmt":"2025-11-01T09:01:57","slug":"kultur-und-sportzentrum-gries-lindenbuehl-8604-volketswil","status":"publish","type":"post","link":"https:\/\/afzo.ch\/wp\/kultur-und-sportzentrum-gries-lindenbuehl-8604-volketswil\/","title":{"rendered":"Kultur- und Sportzentrum Gries | Lindenb\u00fchl \/ 8604 Volketswil"},"content":{"rendered":"<p style=\"text-align: left;\"><a href=\"http:\/\/maps.google.ch\/maps?f=q&amp;source=s_q&amp;hl=de&amp;geocode=&amp;q=47.385755,8.680358&amp;sll=46.362093,9.036255&amp;sspn=5.481358,8.514404&amp;ie=UTF8&amp;z=13\" target=\"_blank\"><img decoding=\"async\" src=\"..\/..\/button_lageplan.jpg\" width=\"250\"\/><\/a>&nbsp;&nbsp;&nbsp;&nbsp;&nbsp;&nbsp;<a href=\"..\/..\/images.html?http:\/\/www.afzo.ch\/baupreis\/2003\/03200301.xml\" onclick=\"window.open(this.href, 'width=100%,resizable,scrollbars,toolbar,menubar') ;return false;\"> <img decoding=\"async\" src=\"..\/..\/button_bilder.jpg\" width=\"250\"\/><\/a><\/p>\n<p style=\"text-align: left;\">\n\t\t\t\t<strong>Baubeschrieb<\/strong><\/p>\n<p style=\"margin-top:0.3em\">Als Mehrzweckhalle nutzbare Dreifachturnhalle mit B\u00fchnenteil und grossen Foyerbereichen. Teilweise in das Terrain abgesenkter Massivbau mit Stahltragwerk f\u00fcr das weitauskragende Dach. Grossfl\u00e4chige, umlaufende Glasfassaden in rahmenloser Ausf\u00fchrung. Weitr\u00e4umige Umgebungsgestaltung mitSportfeldern und Leichtathletikbahn.<\/p>\n<p>\n\t\t\t\t<strong>W\u00fcrdigung<\/strong><\/p>\n<p style=\"margin-top:0.3em\">Sorgf\u00e4ltig in die ehemalige Kiesausbeutungszone eingepasste Gesamtanlage mitpr\u00e4zise gesetzten Gel\u00e4ndeabstufungen.Die Halle mit ihrer klaren Gesamtform markiertden \u00dcbergang von der Sportplatzebene zu den tiefer liegenden Parkfeldern. Beide Ebenen korrespondieren dabei infolge der gew\u00e4hlten Schnittl\u00f6sung je mitdem oberen respektive unteren Erschliessungs- und Zugangsgeschoss. Die fl\u00e4chig verglasten Fassaden lassen dasschwer gestaltete, weit auskragende Dachleicht erscheinen und bringen eine enorme Lichtf\u00fclle in das robuste, grossvolumigeGeb\u00e4udeinnere.<\/p><\/p>\n","protected":false},"excerpt":{"rendered":"<p>&nbsp;&nbsp;&nbsp;&nbsp;&nbsp;&nbsp; Baubeschrieb Als Mehrzweckhalle nutzbare Dreifachturnhalle mit B\u00fchnenteil und grossen Foyerbereichen. Teilweise in das Terrain abgesenkter Massivbau mit Stahltragwerk f\u00fcr das weitauskragende Dach. Grossfl\u00e4chige, umlaufende Glasfassaden in rahmenloser Ausf\u00fchrung. Weitr\u00e4umige Umgebungsgestaltung mitSportfeldern und Leichtathletikbahn. W\u00fcrdigung Sorgf\u00e4ltig in die ehemalige Kiesausbeutungszone eingepasste Gesamtanlage mitpr\u00e4zise gesetzten Gel\u00e4ndeabstufungen.Die Halle mit ihrer klaren Gesamtform markiertden \u00dcbergang von der Sportplatzebene &hellip; <\/p>\n<p class=\"link-more\"><a href=\"https:\/\/afzo.ch\/wp\/kultur-und-sportzentrum-gries-lindenbuehl-8604-volketswil\/\" class=\"more-link\">Mehr <span class=\"screen-reader-text\">\u00fcber &#8222;Kultur- und Sportzentrum Gries | Lindenb\u00fchl \/ 8604 Volketswil&#8220; <\/span>Lesen<\/a><\/p>\n","protected":false},"author":1,"featured_media":2556,"comment_status":"closed","ping_status":"closed","sticky":false,"template":"","format":"standard","meta":{"om_disable_all_campaigns":false,"_monsterinsights_skip_tracking":false,"_jetpack_newsletter_access":"","_jetpack_dont_email_post_to_subs":false,"_jetpack_newsletter_tier_id":0,"_jetpack_memberships_contains_paywalled_content":false,"_jetpack_feature_clip_id":0,"_jetpack_memberships_contains_paid_content":false,"footnotes":"","jetpack_post_was_ever_published":false},"categories":[20,24],"tags":[],"class_list":["post-2456","post","type-post","status-publish","format-standard","has-post-thumbnail","hentry","category-baupreis","category-oeffentliche-bauten"],"aioseo_notices":[],"aioseo_head":"\n\t\t<!-- All in One SEO 5.0.0.1 - aioseo.com -->\n\t<meta name=\"description\" content=\"Baubeschrieb Als Mehrzweckhalle nutzbare Dreifachturnhalle mit B\u00fchnenteil und grossen Foyerbereichen. Teilweise in das Terrain abgesenkter Massivbau mit Stahltragwerk f\u00fcr das weitauskragende Dach. Grossfl\u00e4chige, umlaufende Glasfassaden in rahmenloser Ausf\u00fchrung. Weitr\u00e4umige Umgebungsgestaltung mitSportfeldern und Leichtathletikbahn. W\u00fcrdigung Sorgf\u00e4ltig in die ehemalige Kiesausbeutungszone eingepasste Gesamtanlage mitpr\u00e4zise gesetzten Gel\u00e4ndeabstufungen.Die Halle mit ihrer klaren Gesamtform markiertden \u00dcbergang von der Sportplatzebene\" \/>\n\t<meta name=\"robots\" content=\"max-image-preview:large\" \/>\n\t<meta name=\"author\" content=\"admin\"\/>\n\t<link rel=\"canonical\" href=\"https:\/\/afzo.ch\/wp\/kultur-und-sportzentrum-gries-lindenbuehl-8604-volketswil\/\" \/>\n\t<meta name=\"generator\" content=\"All in One SEO (AIOSEO) 5.0.0.1\" \/>\n\t\t<meta property=\"og:locale\" content=\"de_DE\" \/>\n\t\t<meta property=\"og:site_name\" content=\"Architekturforum Z\u00fcrcher Oberland -\" \/>\n\t\t<meta property=\"og:type\" content=\"article\" \/>\n\t\t<meta property=\"og:title\" content=\"Kultur- und Sportzentrum Gries | Lindenb\u00fchl \/ 8604 Volketswil - Architekturforum Z\u00fcrcher Oberland\" \/>\n\t\t<meta property=\"og:description\" content=\"Baubeschrieb Als Mehrzweckhalle nutzbare Dreifachturnhalle mit B\u00fchnenteil und grossen Foyerbereichen. Teilweise in das Terrain abgesenkter Massivbau mit Stahltragwerk f\u00fcr das weitauskragende Dach. Grossfl\u00e4chige, umlaufende Glasfassaden in rahmenloser Ausf\u00fchrung. Weitr\u00e4umige Umgebungsgestaltung mitSportfeldern und Leichtathletikbahn. W\u00fcrdigung Sorgf\u00e4ltig in die ehemalige Kiesausbeutungszone eingepasste Gesamtanlage mitpr\u00e4zise gesetzten Gel\u00e4ndeabstufungen.Die Halle mit ihrer klaren Gesamtform markiertden \u00dcbergang von der Sportplatzebene\" \/>\n\t\t<meta property=\"og:url\" content=\"https:\/\/afzo.ch\/wp\/kultur-und-sportzentrum-gries-lindenbuehl-8604-volketswil\/\" \/>\n\t\t<meta property=\"og:image\" content=\"https:\/\/i0.wp.com\/afzo.ch\/wp\/wp-content\/uploads\/2023\/09\/cropped-logo_afzo_white.png?fit=1619%2C306&#038;ssl=1\" \/>\n\t\t<meta property=\"og:image:secure_url\" content=\"https:\/\/i0.wp.com\/afzo.ch\/wp\/wp-content\/uploads\/2023\/09\/cropped-logo_afzo_white.png?fit=1619%2C306&#038;ssl=1\" \/>\n\t\t<meta property=\"article:published_time\" content=\"2025-11-01T09:01:56+00:00\" \/>\n\t\t<meta property=\"article:modified_time\" content=\"2025-11-01T09:01:57+00:00\" \/>\n\t\t<meta name=\"twitter:card\" content=\"summary_large_image\" \/>\n\t\t<meta name=\"twitter:title\" content=\"Kultur- und Sportzentrum Gries | Lindenb\u00fchl \/ 8604 Volketswil - Architekturforum Z\u00fcrcher Oberland\" \/>\n\t\t<meta name=\"twitter:description\" content=\"Baubeschrieb Als Mehrzweckhalle nutzbare Dreifachturnhalle mit B\u00fchnenteil und grossen Foyerbereichen. Teilweise in das Terrain abgesenkter Massivbau mit Stahltragwerk f\u00fcr das weitauskragende Dach. Grossfl\u00e4chige, umlaufende Glasfassaden in rahmenloser Ausf\u00fchrung. Weitr\u00e4umige Umgebungsgestaltung mitSportfeldern und Leichtathletikbahn. W\u00fcrdigung Sorgf\u00e4ltig in die ehemalige Kiesausbeutungszone eingepasste Gesamtanlage mitpr\u00e4zise gesetzten Gel\u00e4ndeabstufungen.Die Halle mit ihrer klaren Gesamtform markiertden \u00dcbergang von der Sportplatzebene\" \/>\n\t\t<meta name=\"twitter:image\" content=\"https:\/\/i0.wp.com\/afzo.ch\/wp\/wp-content\/uploads\/2023\/09\/cropped-logo_afzo_white.png?fit=1619%2C306&amp;ssl=1\" \/>\n\t\t<script type=\"application\/ld+json\" class=\"aioseo-schema\">\n\t\t\t{\"@context\":\"https:\\\/\\\/schema.org\",\"@graph\":[{\"@type\":\"BlogPosting\",\"@id\":\"https:\\\/\\\/afzo.ch\\\/wp\\\/kultur-und-sportzentrum-gries-lindenbuehl-8604-volketswil\\\/#blogposting\",\"name\":\"Kultur- und Sportzentrum Gries | Lindenb\\u00fchl \\\/ 8604 Volketswil - Architekturforum Z\\u00fcrcher Oberland\",\"headline\":\"Kultur- und Sportzentrum Gries | Lindenb\\u00fchl \\\/ 8604 Volketswil\",\"author\":{\"@id\":\"https:\\\/\\\/afzo.ch\\\/wp\\\/author\\\/werkteam_wt99\\\/#author\"},\"publisher\":{\"@id\":\"https:\\\/\\\/afzo.ch\\\/wp\\\/#organization\"},\"image\":{\"@type\":\"ImageObject\",\"url\":\"https:\\\/\\\/i0.wp.com\\\/afzo.ch\\\/wp\\\/wp-content\\\/uploads\\\/2025\\\/11\\\/02200301000.jpg?fit=600%2C300&ssl=1\",\"width\":600,\"height\":300},\"datePublished\":\"2025-11-01T09:01:56+00:00\",\"dateModified\":\"2025-11-01T09:01:57+00:00\",\"inLanguage\":\"de-DE\",\"mainEntityOfPage\":{\"@id\":\"https:\\\/\\\/afzo.ch\\\/wp\\\/kultur-und-sportzentrum-gries-lindenbuehl-8604-volketswil\\\/#webpage\"},\"isPartOf\":{\"@id\":\"https:\\\/\\\/afzo.ch\\\/wp\\\/kultur-und-sportzentrum-gries-lindenbuehl-8604-volketswil\\\/#webpage\"},\"articleSection\":\"Baupreis, \\u00d6ffentliche Bauten\"},{\"@type\":\"BreadcrumbList\",\"@id\":\"https:\\\/\\\/afzo.ch\\\/wp\\\/kultur-und-sportzentrum-gries-lindenbuehl-8604-volketswil\\\/#breadcrumblist\",\"itemListElement\":[{\"@type\":\"ListItem\",\"@id\":\"https:\\\/\\\/afzo.ch\\\/wp#listItem\",\"position\":1,\"name\":\"Home\",\"item\":\"https:\\\/\\\/afzo.ch\\\/wp\",\"nextItem\":{\"@type\":\"ListItem\",\"@id\":\"https:\\\/\\\/afzo.ch\\\/wp\\\/category\\\/baupreis\\\/#listItem\",\"name\":\"Baupreis\"}},{\"@type\":\"ListItem\",\"@id\":\"https:\\\/\\\/afzo.ch\\\/wp\\\/category\\\/baupreis\\\/#listItem\",\"position\":2,\"name\":\"Baupreis\",\"item\":\"https:\\\/\\\/afzo.ch\\\/wp\\\/category\\\/baupreis\\\/\",\"nextItem\":{\"@type\":\"ListItem\",\"@id\":\"https:\\\/\\\/afzo.ch\\\/wp\\\/kultur-und-sportzentrum-gries-lindenbuehl-8604-volketswil\\\/#listItem\",\"name\":\"Kultur- und Sportzentrum Gries | Lindenb\\u00fchl \\\/ 8604 Volketswil\"},\"previousItem\":{\"@type\":\"ListItem\",\"@id\":\"https:\\\/\\\/afzo.ch\\\/wp#listItem\",\"name\":\"Home\"}},{\"@type\":\"ListItem\",\"@id\":\"https:\\\/\\\/afzo.ch\\\/wp\\\/kultur-und-sportzentrum-gries-lindenbuehl-8604-volketswil\\\/#listItem\",\"position\":3,\"name\":\"Kultur- und Sportzentrum Gries | Lindenb\\u00fchl \\\/ 8604 Volketswil\",\"previousItem\":{\"@type\":\"ListItem\",\"@id\":\"https:\\\/\\\/afzo.ch\\\/wp\\\/category\\\/baupreis\\\/#listItem\",\"name\":\"Baupreis\"}}]},{\"@type\":\"Organization\",\"@id\":\"https:\\\/\\\/afzo.ch\\\/wp\\\/#organization\",\"name\":\"werkteam architekten ag\",\"url\":\"https:\\\/\\\/afzo.ch\\\/wp\\\/\",\"telephone\":\"+41449974525\",\"logo\":{\"@type\":\"ImageObject\",\"url\":\"https:\\\/\\\/i0.wp.com\\\/afzo.ch\\\/wp\\\/wp-content\\\/uploads\\\/2022\\\/12\\\/werkteam_logo.png?fit=1500%2C176&ssl=1\",\"@id\":\"https:\\\/\\\/afzo.ch\\\/wp\\\/kultur-und-sportzentrum-gries-lindenbuehl-8604-volketswil\\\/#organizationLogo\",\"width\":1500,\"height\":176},\"image\":{\"@id\":\"https:\\\/\\\/afzo.ch\\\/wp\\\/kultur-und-sportzentrum-gries-lindenbuehl-8604-volketswil\\\/#organizationLogo\"}},{\"@type\":\"Person\",\"@id\":\"https:\\\/\\\/afzo.ch\\\/wp\\\/author\\\/werkteam_wt99\\\/#author\",\"url\":\"https:\\\/\\\/afzo.ch\\\/wp\\\/author\\\/werkteam_wt99\\\/\",\"name\":\"admin\",\"image\":{\"@type\":\"ImageObject\",\"@id\":\"https:\\\/\\\/afzo.ch\\\/wp\\\/kultur-und-sportzentrum-gries-lindenbuehl-8604-volketswil\\\/#authorImage\",\"url\":\"https:\\\/\\\/secure.gravatar.com\\\/avatar\\\/080a16143280f0b259f3a0ad237b3a3663a0de5273305a74456e42c79268cb1c?s=96&d=mm&r=g\",\"width\":96,\"height\":96,\"caption\":\"admin\"}},{\"@type\":\"WebPage\",\"@id\":\"https:\\\/\\\/afzo.ch\\\/wp\\\/kultur-und-sportzentrum-gries-lindenbuehl-8604-volketswil\\\/#webpage\",\"url\":\"https:\\\/\\\/afzo.ch\\\/wp\\\/kultur-und-sportzentrum-gries-lindenbuehl-8604-volketswil\\\/\",\"name\":\"Kultur- und Sportzentrum Gries | Lindenb\\u00fchl \\\/ 8604 Volketswil - Architekturforum Z\\u00fcrcher Oberland\",\"description\":\"Baubeschrieb Als Mehrzweckhalle nutzbare Dreifachturnhalle mit B\\u00fchnenteil und grossen Foyerbereichen. Teilweise in das Terrain abgesenkter Massivbau mit Stahltragwerk f\\u00fcr das weitauskragende Dach. Grossfl\\u00e4chige, umlaufende Glasfassaden in rahmenloser Ausf\\u00fchrung. Weitr\\u00e4umige Umgebungsgestaltung mitSportfeldern und Leichtathletikbahn. W\\u00fcrdigung Sorgf\\u00e4ltig in die ehemalige Kiesausbeutungszone eingepasste Gesamtanlage mitpr\\u00e4zise gesetzten Gel\\u00e4ndeabstufungen.Die Halle mit ihrer klaren Gesamtform markiertden \\u00dcbergang von der Sportplatzebene\",\"inLanguage\":\"de-DE\",\"isPartOf\":{\"@id\":\"https:\\\/\\\/afzo.ch\\\/wp\\\/#website\"},\"breadcrumb\":{\"@id\":\"https:\\\/\\\/afzo.ch\\\/wp\\\/kultur-und-sportzentrum-gries-lindenbuehl-8604-volketswil\\\/#breadcrumblist\"},\"author\":{\"@id\":\"https:\\\/\\\/afzo.ch\\\/wp\\\/author\\\/werkteam_wt99\\\/#author\"},\"creator\":{\"@id\":\"https:\\\/\\\/afzo.ch\\\/wp\\\/author\\\/werkteam_wt99\\\/#author\"},\"image\":{\"@type\":\"ImageObject\",\"url\":\"https:\\\/\\\/i0.wp.com\\\/afzo.ch\\\/wp\\\/wp-content\\\/uploads\\\/2025\\\/11\\\/02200301000.jpg?fit=600%2C300&ssl=1\",\"@id\":\"https:\\\/\\\/afzo.ch\\\/wp\\\/kultur-und-sportzentrum-gries-lindenbuehl-8604-volketswil\\\/#mainImage\",\"width\":600,\"height\":300},\"primaryImageOfPage\":{\"@id\":\"https:\\\/\\\/afzo.ch\\\/wp\\\/kultur-und-sportzentrum-gries-lindenbuehl-8604-volketswil\\\/#mainImage\"},\"datePublished\":\"2025-11-01T09:01:56+00:00\",\"dateModified\":\"2025-11-01T09:01:57+00:00\"},{\"@type\":\"WebSite\",\"@id\":\"https:\\\/\\\/afzo.ch\\\/wp\\\/#website\",\"url\":\"https:\\\/\\\/afzo.ch\\\/wp\\\/\",\"name\":\"werkteam architekten ag\",\"inLanguage\":\"de-DE\",\"publisher\":{\"@id\":\"https:\\\/\\\/afzo.ch\\\/wp\\\/#organization\"}}]}\n\t\t<\/script>\n\t\t<!-- All in One SEO -->\n\n","aioseo_head_json":{"title":"Kultur- und Sportzentrum Gries | Lindenb\u00fchl \/ 8604 Volketswil - Architekturforum Z\u00fcrcher Oberland","description":"Baubeschrieb Als Mehrzweckhalle nutzbare Dreifachturnhalle mit B\u00fchnenteil und grossen Foyerbereichen. Teilweise in das Terrain abgesenkter Massivbau mit Stahltragwerk f\u00fcr das weitauskragende Dach. Grossfl\u00e4chige, umlaufende Glasfassaden in rahmenloser Ausf\u00fchrung. Weitr\u00e4umige Umgebungsgestaltung mitSportfeldern und Leichtathletikbahn. W\u00fcrdigung Sorgf\u00e4ltig in die ehemalige Kiesausbeutungszone eingepasste Gesamtanlage mitpr\u00e4zise gesetzten Gel\u00e4ndeabstufungen.Die Halle mit ihrer klaren Gesamtform markiertden \u00dcbergang von der Sportplatzebene","canonical_url":"https:\/\/afzo.ch\/wp\/kultur-und-sportzentrum-gries-lindenbuehl-8604-volketswil\/","robots":"max-image-preview:large","keywords":"","webmasterTools":{"miscellaneous":""},"schema":{"@context":"https:\/\/schema.org","@graph":[{"@type":"BlogPosting","@id":"https:\/\/afzo.ch\/wp\/kultur-und-sportzentrum-gries-lindenbuehl-8604-volketswil\/#blogposting","name":"Kultur- und Sportzentrum Gries | Lindenb\u00fchl \/ 8604 Volketswil - Architekturforum Z\u00fcrcher Oberland","headline":"Kultur- und Sportzentrum Gries | Lindenb\u00fchl \/ 8604 Volketswil","author":{"@id":"https:\/\/afzo.ch\/wp\/author\/werkteam_wt99\/#author"},"publisher":{"@id":"https:\/\/afzo.ch\/wp\/#organization"},"image":{"@type":"ImageObject","url":"https:\/\/i0.wp.com\/afzo.ch\/wp\/wp-content\/uploads\/2025\/11\/02200301000.jpg?fit=600%2C300&ssl=1","width":600,"height":300},"datePublished":"2025-11-01T09:01:56+00:00","dateModified":"2025-11-01T09:01:57+00:00","inLanguage":"de-DE","mainEntityOfPage":{"@id":"https:\/\/afzo.ch\/wp\/kultur-und-sportzentrum-gries-lindenbuehl-8604-volketswil\/#webpage"},"isPartOf":{"@id":"https:\/\/afzo.ch\/wp\/kultur-und-sportzentrum-gries-lindenbuehl-8604-volketswil\/#webpage"},"articleSection":"Baupreis, \u00d6ffentliche Bauten"},{"@type":"BreadcrumbList","@id":"https:\/\/afzo.ch\/wp\/kultur-und-sportzentrum-gries-lindenbuehl-8604-volketswil\/#breadcrumblist","itemListElement":[{"@type":"ListItem","@id":"https:\/\/afzo.ch\/wp#listItem","position":1,"name":"Home","item":"https:\/\/afzo.ch\/wp","nextItem":{"@type":"ListItem","@id":"https:\/\/afzo.ch\/wp\/category\/baupreis\/#listItem","name":"Baupreis"}},{"@type":"ListItem","@id":"https:\/\/afzo.ch\/wp\/category\/baupreis\/#listItem","position":2,"name":"Baupreis","item":"https:\/\/afzo.ch\/wp\/category\/baupreis\/","nextItem":{"@type":"ListItem","@id":"https:\/\/afzo.ch\/wp\/kultur-und-sportzentrum-gries-lindenbuehl-8604-volketswil\/#listItem","name":"Kultur- und Sportzentrum Gries | Lindenb\u00fchl \/ 8604 Volketswil"},"previousItem":{"@type":"ListItem","@id":"https:\/\/afzo.ch\/wp#listItem","name":"Home"}},{"@type":"ListItem","@id":"https:\/\/afzo.ch\/wp\/kultur-und-sportzentrum-gries-lindenbuehl-8604-volketswil\/#listItem","position":3,"name":"Kultur- und Sportzentrum Gries | Lindenb\u00fchl \/ 8604 Volketswil","previousItem":{"@type":"ListItem","@id":"https:\/\/afzo.ch\/wp\/category\/baupreis\/#listItem","name":"Baupreis"}}]},{"@type":"Organization","@id":"https:\/\/afzo.ch\/wp\/#organization","name":"werkteam architekten ag","url":"https:\/\/afzo.ch\/wp\/","telephone":"+41449974525","logo":{"@type":"ImageObject","url":"https:\/\/i0.wp.com\/afzo.ch\/wp\/wp-content\/uploads\/2022\/12\/werkteam_logo.png?fit=1500%2C176&ssl=1","@id":"https:\/\/afzo.ch\/wp\/kultur-und-sportzentrum-gries-lindenbuehl-8604-volketswil\/#organizationLogo","width":1500,"height":176},"image":{"@id":"https:\/\/afzo.ch\/wp\/kultur-und-sportzentrum-gries-lindenbuehl-8604-volketswil\/#organizationLogo"}},{"@type":"Person","@id":"https:\/\/afzo.ch\/wp\/author\/werkteam_wt99\/#author","url":"https:\/\/afzo.ch\/wp\/author\/werkteam_wt99\/","name":"admin","image":{"@type":"ImageObject","@id":"https:\/\/afzo.ch\/wp\/kultur-und-sportzentrum-gries-lindenbuehl-8604-volketswil\/#authorImage","url":"https:\/\/secure.gravatar.com\/avatar\/080a16143280f0b259f3a0ad237b3a3663a0de5273305a74456e42c79268cb1c?s=96&d=mm&r=g","width":96,"height":96,"caption":"admin"}},{"@type":"WebPage","@id":"https:\/\/afzo.ch\/wp\/kultur-und-sportzentrum-gries-lindenbuehl-8604-volketswil\/#webpage","url":"https:\/\/afzo.ch\/wp\/kultur-und-sportzentrum-gries-lindenbuehl-8604-volketswil\/","name":"Kultur- und Sportzentrum Gries | Lindenb\u00fchl \/ 8604 Volketswil - Architekturforum Z\u00fcrcher Oberland","description":"Baubeschrieb Als Mehrzweckhalle nutzbare Dreifachturnhalle mit B\u00fchnenteil und grossen Foyerbereichen. Teilweise in das Terrain abgesenkter Massivbau mit Stahltragwerk f\u00fcr das weitauskragende Dach. Grossfl\u00e4chige, umlaufende Glasfassaden in rahmenloser Ausf\u00fchrung. Weitr\u00e4umige Umgebungsgestaltung mitSportfeldern und Leichtathletikbahn. W\u00fcrdigung Sorgf\u00e4ltig in die ehemalige Kiesausbeutungszone eingepasste Gesamtanlage mitpr\u00e4zise gesetzten Gel\u00e4ndeabstufungen.Die Halle mit ihrer klaren Gesamtform markiertden \u00dcbergang von der Sportplatzebene","inLanguage":"de-DE","isPartOf":{"@id":"https:\/\/afzo.ch\/wp\/#website"},"breadcrumb":{"@id":"https:\/\/afzo.ch\/wp\/kultur-und-sportzentrum-gries-lindenbuehl-8604-volketswil\/#breadcrumblist"},"author":{"@id":"https:\/\/afzo.ch\/wp\/author\/werkteam_wt99\/#author"},"creator":{"@id":"https:\/\/afzo.ch\/wp\/author\/werkteam_wt99\/#author"},"image":{"@type":"ImageObject","url":"https:\/\/i0.wp.com\/afzo.ch\/wp\/wp-content\/uploads\/2025\/11\/02200301000.jpg?fit=600%2C300&ssl=1","@id":"https:\/\/afzo.ch\/wp\/kultur-und-sportzentrum-gries-lindenbuehl-8604-volketswil\/#mainImage","width":600,"height":300},"primaryImageOfPage":{"@id":"https:\/\/afzo.ch\/wp\/kultur-und-sportzentrum-gries-lindenbuehl-8604-volketswil\/#mainImage"},"datePublished":"2025-11-01T09:01:56+00:00","dateModified":"2025-11-01T09:01:57+00:00"},{"@type":"WebSite","@id":"https:\/\/afzo.ch\/wp\/#website","url":"https:\/\/afzo.ch\/wp\/","name":"werkteam architekten ag","inLanguage":"de-DE","publisher":{"@id":"https:\/\/afzo.ch\/wp\/#organization"}}]},"og:locale":"de_DE","og:site_name":"Architekturforum Z\u00fcrcher Oberland -","og:type":"article","og:title":"Kultur- und Sportzentrum Gries | Lindenb\u00fchl \/ 8604 Volketswil - Architekturforum Z\u00fcrcher Oberland","og:description":"Baubeschrieb Als Mehrzweckhalle nutzbare Dreifachturnhalle mit B\u00fchnenteil und grossen Foyerbereichen. Teilweise in das Terrain abgesenkter Massivbau mit Stahltragwerk f\u00fcr das weitauskragende Dach. Grossfl\u00e4chige, umlaufende Glasfassaden in rahmenloser Ausf\u00fchrung. Weitr\u00e4umige Umgebungsgestaltung mitSportfeldern und Leichtathletikbahn. W\u00fcrdigung Sorgf\u00e4ltig in die ehemalige Kiesausbeutungszone eingepasste Gesamtanlage mitpr\u00e4zise gesetzten Gel\u00e4ndeabstufungen.Die Halle mit ihrer klaren Gesamtform markiertden \u00dcbergang von der Sportplatzebene","og:url":"https:\/\/afzo.ch\/wp\/kultur-und-sportzentrum-gries-lindenbuehl-8604-volketswil\/","og:image":"https:\/\/i0.wp.com\/afzo.ch\/wp\/wp-content\/uploads\/2023\/09\/cropped-logo_afzo_white.png?fit=1619%2C306&#038;ssl=1","og:image:secure_url":"https:\/\/i0.wp.com\/afzo.ch\/wp\/wp-content\/uploads\/2023\/09\/cropped-logo_afzo_white.png?fit=1619%2C306&#038;ssl=1","article:published_time":"2025-11-01T09:01:56+00:00","article:modified_time":"2025-11-01T09:01:57+00:00","twitter:card":"summary_large_image","twitter:title":"Kultur- und Sportzentrum Gries | Lindenb\u00fchl \/ 8604 Volketswil - Architekturforum Z\u00fcrcher Oberland","twitter:description":"Baubeschrieb Als Mehrzweckhalle nutzbare Dreifachturnhalle mit B\u00fchnenteil und grossen Foyerbereichen. Teilweise in das Terrain abgesenkter Massivbau mit Stahltragwerk f\u00fcr das weitauskragende Dach. Grossfl\u00e4chige, umlaufende Glasfassaden in rahmenloser Ausf\u00fchrung. Weitr\u00e4umige Umgebungsgestaltung mitSportfeldern und Leichtathletikbahn. W\u00fcrdigung Sorgf\u00e4ltig in die ehemalige Kiesausbeutungszone eingepasste Gesamtanlage mitpr\u00e4zise gesetzten Gel\u00e4ndeabstufungen.Die Halle mit ihrer klaren Gesamtform markiertden \u00dcbergang von der Sportplatzebene","twitter:image":"https:\/\/i0.wp.com\/afzo.ch\/wp\/wp-content\/uploads\/2023\/09\/cropped-logo_afzo_white.png?fit=1619%2C306&ssl=1"},"aioseo_meta_data":{"post_id":"2456","title":null,"description":null,"keywords":null,"keyphrases":null,"primary_term":null,"canonical_url":null,"og_title":null,"og_description":null,"og_object_type":"default","og_image_type":"default","og_image_url":null,"og_image_width":null,"og_image_height":null,"og_image_custom_url":null,"og_image_custom_fields":null,"og_video":null,"og_custom_url":null,"og_article_section":null,"og_article_tags":null,"twitter_use_og":false,"twitter_card":"default","twitter_image_type":"default","twitter_image_url":null,"twitter_image_custom_url":null,"twitter_image_custom_fields":null,"twitter_title":null,"twitter_description":null,"schema":{"blockGraphs":[],"customGraphs":[],"default":{"data":{"Article":[],"Course":[],"Dataset":[],"FAQPage":[],"Movie":[],"Person":[],"Product":[],"ProductReview":[],"Car":[],"Recipe":[],"Service":[],"SoftwareApplication":[],"WebPage":[]},"graphName":"","isEnabled":true},"graphs":[]},"schema_type":"default","schema_type_options":null,"pillar_content":false,"robots_default":true,"robots_noindex":false,"robots_noarchive":false,"robots_nosnippet":false,"robots_nofollow":false,"robots_noimageindex":false,"robots_noodp":false,"robots_notranslate":false,"robots_max_snippet":null,"robots_max_videopreview":null,"robots_max_imagepreview":"large","priority":null,"frequency":null,"local_seo":null,"breadcrumb_settings":null,"limit_modified_date":false,"ai":null,"created":"2025-11-01 09:13:55","updated":"2025-11-01 09:13:55","focus_keyword":null,"additional_keywords":null,"truseo_locale":null,"seo_analyzer_scan_date":null},"aioseo_breadcrumb":"<div class=\"aioseo-breadcrumbs\"><span class=\"aioseo-breadcrumb\">\n\t\t\t<a href=\"https:\/\/afzo.ch\/wp\" title=\"Home\">Home<\/a>\n\t\t<\/span><span class=\"aioseo-breadcrumb-separator\">&raquo;<\/span><span class=\"aioseo-breadcrumb\">\n\t\t\t<a href=\"https:\/\/afzo.ch\/wp\/category\/baupreis\/\" title=\"Baupreis\">Baupreis<\/a>\n\t\t<\/span><span class=\"aioseo-breadcrumb-separator\">&raquo;<\/span><span class=\"aioseo-breadcrumb\">\n\t\t\tKultur- und Sportzentrum Gries | Lindenb\u00fchl \/ 8604 Volketswil\n\t\t<\/span><\/div>","aioseo_breadcrumb_json":[{"label":"Home","link":"https:\/\/afzo.ch\/wp"},{"label":"Baupreis","link":"https:\/\/afzo.ch\/wp\/category\/baupreis\/"},{"label":"Kultur- und Sportzentrum Gries | Lindenb\u00fchl \/ 8604 Volketswil","link":"https:\/\/afzo.ch\/wp\/kultur-und-sportzentrum-gries-lindenbuehl-8604-volketswil\/"}],"yoast_head":"<!-- This site is optimized with the Yoast SEO plugin v28.2 - https:\/\/yoast.com\/product\/yoast-seo-wordpress\/ -->\n<title>Kultur- und Sportzentrum Gries | Lindenb\u00fchl \/ 8604 Volketswil - Architekturforum Z\u00fcrcher Oberland<\/title>\n<meta name=\"robots\" content=\"index, follow, max-snippet:-1, max-image-preview:large, max-video-preview:-1\" \/>\n<link rel=\"canonical\" href=\"https:\/\/afzo.ch\/wp\/kultur-und-sportzentrum-gries-lindenbuehl-8604-volketswil\/\" \/>\n<meta property=\"og:locale\" content=\"de_DE\" \/>\n<meta property=\"og:type\" content=\"article\" \/>\n<meta property=\"og:title\" content=\"Kultur- und Sportzentrum Gries | Lindenb\u00fchl \/ 8604 Volketswil - Architekturforum Z\u00fcrcher Oberland\" \/>\n<meta property=\"og:description\" content=\"&nbsp;&nbsp;&nbsp;&nbsp;&nbsp;&nbsp; Baubeschrieb Als Mehrzweckhalle nutzbare Dreifachturnhalle mit B\u00fchnenteil und grossen Foyerbereichen. Teilweise in das Terrain abgesenkter Massivbau mit Stahltragwerk f\u00fcr das weitauskragende Dach. Grossfl\u00e4chige, umlaufende Glasfassaden in rahmenloser Ausf\u00fchrung. Weitr\u00e4umige Umgebungsgestaltung mitSportfeldern und Leichtathletikbahn. W\u00fcrdigung Sorgf\u00e4ltig in die ehemalige Kiesausbeutungszone eingepasste Gesamtanlage mitpr\u00e4zise gesetzten Gel\u00e4ndeabstufungen.Die Halle mit ihrer klaren Gesamtform markiertden \u00dcbergang von der Sportplatzebene &hellip; Mehr \u00fcber &quot;Kultur- und Sportzentrum Gries | Lindenb\u00fchl \/ 8604 Volketswil&quot; Lesen\" \/>\n<meta property=\"og:url\" content=\"https:\/\/afzo.ch\/wp\/kultur-und-sportzentrum-gries-lindenbuehl-8604-volketswil\/\" \/>\n<meta property=\"og:site_name\" content=\"Architekturforum Z\u00fcrcher Oberland\" \/>\n<meta property=\"article:published_time\" content=\"2025-11-01T09:01:56+00:00\" \/>\n<meta property=\"article:modified_time\" content=\"2025-11-01T09:01:57+00:00\" \/>\n<meta property=\"og:image\" content=\"http:\/\/afzo.ch\/wp\/wp-content\/uploads\/2025\/11\/02200301000.jpg\" \/>\n\t<meta property=\"og:image:width\" content=\"600\" \/>\n\t<meta property=\"og:image:height\" content=\"300\" \/>\n\t<meta property=\"og:image:type\" content=\"image\/jpeg\" \/>\n<meta name=\"author\" content=\"admin\" \/>\n<meta name=\"twitter:card\" content=\"summary_large_image\" \/>\n<meta name=\"twitter:label1\" content=\"Verfasst von\" \/>\n\t<meta name=\"twitter:data1\" content=\"admin\" \/>\n\t<meta name=\"twitter:label2\" content=\"Gesch\u00e4tzte Lesezeit\" \/>\n\t<meta name=\"twitter:data2\" content=\"1\u00a0Minute\" \/>\n<script type=\"application\/ld+json\" class=\"yoast-schema-graph\">{\"@context\":\"https:\\\/\\\/schema.org\",\"@graph\":[{\"@type\":\"Article\",\"@id\":\"https:\\\/\\\/afzo.ch\\\/wp\\\/kultur-und-sportzentrum-gries-lindenbuehl-8604-volketswil\\\/#article\",\"isPartOf\":{\"@id\":\"https:\\\/\\\/afzo.ch\\\/wp\\\/kultur-und-sportzentrum-gries-lindenbuehl-8604-volketswil\\\/\"},\"author\":{\"name\":\"admin\",\"@id\":\"https:\\\/\\\/afzo.ch\\\/wp\\\/#\\\/schema\\\/person\\\/95e5a63362ecd7409114715476fb9e75\"},\"headline\":\"Kultur- und Sportzentrum Gries | Lindenb\u00fchl \\\/ 8604 Volketswil\",\"datePublished\":\"2025-11-01T09:01:56+00:00\",\"dateModified\":\"2025-11-01T09:01:57+00:00\",\"mainEntityOfPage\":{\"@id\":\"https:\\\/\\\/afzo.ch\\\/wp\\\/kultur-und-sportzentrum-gries-lindenbuehl-8604-volketswil\\\/\"},\"wordCount\":123,\"publisher\":{\"@id\":\"https:\\\/\\\/afzo.ch\\\/wp\\\/#organization\"},\"image\":{\"@id\":\"https:\\\/\\\/afzo.ch\\\/wp\\\/kultur-und-sportzentrum-gries-lindenbuehl-8604-volketswil\\\/#primaryimage\"},\"thumbnailUrl\":\"https:\\\/\\\/i0.wp.com\\\/afzo.ch\\\/wp\\\/wp-content\\\/uploads\\\/2025\\\/11\\\/02200301000.jpg?fit=600%2C300&ssl=1\",\"articleSection\":[\"Baupreis\",\"\u00d6ffentliche Bauten\"],\"inLanguage\":\"de\"},{\"@type\":\"WebPage\",\"@id\":\"https:\\\/\\\/afzo.ch\\\/wp\\\/kultur-und-sportzentrum-gries-lindenbuehl-8604-volketswil\\\/\",\"url\":\"https:\\\/\\\/afzo.ch\\\/wp\\\/kultur-und-sportzentrum-gries-lindenbuehl-8604-volketswil\\\/\",\"name\":\"Kultur- und Sportzentrum Gries | Lindenb\u00fchl \\\/ 8604 Volketswil - Architekturforum Z\u00fcrcher Oberland\",\"isPartOf\":{\"@id\":\"https:\\\/\\\/afzo.ch\\\/wp\\\/#website\"},\"primaryImageOfPage\":{\"@id\":\"https:\\\/\\\/afzo.ch\\\/wp\\\/kultur-und-sportzentrum-gries-lindenbuehl-8604-volketswil\\\/#primaryimage\"},\"image\":{\"@id\":\"https:\\\/\\\/afzo.ch\\\/wp\\\/kultur-und-sportzentrum-gries-lindenbuehl-8604-volketswil\\\/#primaryimage\"},\"thumbnailUrl\":\"https:\\\/\\\/i0.wp.com\\\/afzo.ch\\\/wp\\\/wp-content\\\/uploads\\\/2025\\\/11\\\/02200301000.jpg?fit=600%2C300&ssl=1\",\"datePublished\":\"2025-11-01T09:01:56+00:00\",\"dateModified\":\"2025-11-01T09:01:57+00:00\",\"breadcrumb\":{\"@id\":\"https:\\\/\\\/afzo.ch\\\/wp\\\/kultur-und-sportzentrum-gries-lindenbuehl-8604-volketswil\\\/#breadcrumb\"},\"inLanguage\":\"de\",\"potentialAction\":[{\"@type\":\"ReadAction\",\"target\":[\"https:\\\/\\\/afzo.ch\\\/wp\\\/kultur-und-sportzentrum-gries-lindenbuehl-8604-volketswil\\\/\"]}]},{\"@type\":\"ImageObject\",\"inLanguage\":\"de\",\"@id\":\"https:\\\/\\\/afzo.ch\\\/wp\\\/kultur-und-sportzentrum-gries-lindenbuehl-8604-volketswil\\\/#primaryimage\",\"url\":\"https:\\\/\\\/i0.wp.com\\\/afzo.ch\\\/wp\\\/wp-content\\\/uploads\\\/2025\\\/11\\\/02200301000.jpg?fit=600%2C300&ssl=1\",\"contentUrl\":\"https:\\\/\\\/i0.wp.com\\\/afzo.ch\\\/wp\\\/wp-content\\\/uploads\\\/2025\\\/11\\\/02200301000.jpg?fit=600%2C300&ssl=1\",\"width\":600,\"height\":300},{\"@type\":\"BreadcrumbList\",\"@id\":\"https:\\\/\\\/afzo.ch\\\/wp\\\/kultur-und-sportzentrum-gries-lindenbuehl-8604-volketswil\\\/#breadcrumb\",\"itemListElement\":[{\"@type\":\"ListItem\",\"position\":1,\"name\":\"Startseite\",\"item\":\"https:\\\/\\\/afzo.ch\\\/wp\\\/\"},{\"@type\":\"ListItem\",\"position\":2,\"name\":\"Kultur- und Sportzentrum Gries | Lindenb\u00fchl \\\/ 8604 Volketswil\"}]},{\"@type\":\"WebSite\",\"@id\":\"https:\\\/\\\/afzo.ch\\\/wp\\\/#website\",\"url\":\"https:\\\/\\\/afzo.ch\\\/wp\\\/\",\"name\":\"Architekturforum Z\u00fcrcher Oberland\",\"description\":\"\",\"publisher\":{\"@id\":\"https:\\\/\\\/afzo.ch\\\/wp\\\/#organization\"},\"potentialAction\":[{\"@type\":\"SearchAction\",\"target\":{\"@type\":\"EntryPoint\",\"urlTemplate\":\"https:\\\/\\\/afzo.ch\\\/wp\\\/?s={search_term_string}\"},\"query-input\":{\"@type\":\"PropertyValueSpecification\",\"valueRequired\":true,\"valueName\":\"search_term_string\"}}],\"inLanguage\":\"de\"},{\"@type\":\"Organization\",\"@id\":\"https:\\\/\\\/afzo.ch\\\/wp\\\/#organization\",\"name\":\"Architekturforum Z\u00fcrcher Oberland\",\"url\":\"https:\\\/\\\/afzo.ch\\\/wp\\\/\",\"logo\":{\"@type\":\"ImageObject\",\"inLanguage\":\"de\",\"@id\":\"https:\\\/\\\/afzo.ch\\\/wp\\\/#\\\/schema\\\/logo\\\/image\\\/\",\"url\":\"https:\\\/\\\/i0.wp.com\\\/afzo.ch\\\/wp\\\/wp-content\\\/uploads\\\/2023\\\/09\\\/cropped-logo_afzo_white.png?fit=1619%2C306&ssl=1\",\"contentUrl\":\"https:\\\/\\\/i0.wp.com\\\/afzo.ch\\\/wp\\\/wp-content\\\/uploads\\\/2023\\\/09\\\/cropped-logo_afzo_white.png?fit=1619%2C306&ssl=1\",\"width\":1619,\"height\":306,\"caption\":\"Architekturforum Z\u00fcrcher Oberland\"},\"image\":{\"@id\":\"https:\\\/\\\/afzo.ch\\\/wp\\\/#\\\/schema\\\/logo\\\/image\\\/\"}},{\"@type\":\"Person\",\"@id\":\"https:\\\/\\\/afzo.ch\\\/wp\\\/#\\\/schema\\\/person\\\/95e5a63362ecd7409114715476fb9e75\",\"name\":\"admin\",\"image\":{\"@type\":\"ImageObject\",\"inLanguage\":\"de\",\"@id\":\"https:\\\/\\\/secure.gravatar.com\\\/avatar\\\/080a16143280f0b259f3a0ad237b3a3663a0de5273305a74456e42c79268cb1c?s=96&d=mm&r=g\",\"url\":\"https:\\\/\\\/secure.gravatar.com\\\/avatar\\\/080a16143280f0b259f3a0ad237b3a3663a0de5273305a74456e42c79268cb1c?s=96&d=mm&r=g\",\"contentUrl\":\"https:\\\/\\\/secure.gravatar.com\\\/avatar\\\/080a16143280f0b259f3a0ad237b3a3663a0de5273305a74456e42c79268cb1c?s=96&d=mm&r=g\",\"caption\":\"admin\"},\"sameAs\":[\"http:\\\/\\\/afzo.ch\\\/wp\"],\"url\":\"https:\\\/\\\/afzo.ch\\\/wp\\\/author\\\/werkteam_wt99\\\/\"}]}<\/script>\n<!-- \/ Yoast SEO plugin. -->","yoast_head_json":{"title":"Kultur- und Sportzentrum Gries | Lindenb\u00fchl \/ 8604 Volketswil - Architekturforum Z\u00fcrcher Oberland","robots":{"index":"index","follow":"follow","max-snippet":"max-snippet:-1","max-image-preview":"max-image-preview:large","max-video-preview":"max-video-preview:-1"},"canonical":"https:\/\/afzo.ch\/wp\/kultur-und-sportzentrum-gries-lindenbuehl-8604-volketswil\/","og_locale":"de_DE","og_type":"article","og_title":"Kultur- und Sportzentrum Gries | Lindenb\u00fchl \/ 8604 Volketswil - Architekturforum Z\u00fcrcher Oberland","og_description":"&nbsp;&nbsp;&nbsp;&nbsp;&nbsp;&nbsp; Baubeschrieb Als Mehrzweckhalle nutzbare Dreifachturnhalle mit B\u00fchnenteil und grossen Foyerbereichen. Teilweise in das Terrain abgesenkter Massivbau mit Stahltragwerk f\u00fcr das weitauskragende Dach. Grossfl\u00e4chige, umlaufende Glasfassaden in rahmenloser Ausf\u00fchrung. Weitr\u00e4umige Umgebungsgestaltung mitSportfeldern und Leichtathletikbahn. W\u00fcrdigung Sorgf\u00e4ltig in die ehemalige Kiesausbeutungszone eingepasste Gesamtanlage mitpr\u00e4zise gesetzten Gel\u00e4ndeabstufungen.Die Halle mit ihrer klaren Gesamtform markiertden \u00dcbergang von der Sportplatzebene &hellip; Mehr \u00fcber \"Kultur- und Sportzentrum Gries | Lindenb\u00fchl \/ 8604 Volketswil\" Lesen","og_url":"https:\/\/afzo.ch\/wp\/kultur-und-sportzentrum-gries-lindenbuehl-8604-volketswil\/","og_site_name":"Architekturforum Z\u00fcrcher Oberland","article_published_time":"2025-11-01T09:01:56+00:00","article_modified_time":"2025-11-01T09:01:57+00:00","og_image":[{"width":600,"height":300,"url":"http:\/\/afzo.ch\/wp\/wp-content\/uploads\/2025\/11\/02200301000.jpg","type":"image\/jpeg"}],"author":"admin","twitter_card":"summary_large_image","twitter_misc":{"Verfasst von":"admin","Gesch\u00e4tzte Lesezeit":"1\u00a0Minute"},"schema":{"@context":"https:\/\/schema.org","@graph":[{"@type":"Article","@id":"https:\/\/afzo.ch\/wp\/kultur-und-sportzentrum-gries-lindenbuehl-8604-volketswil\/#article","isPartOf":{"@id":"https:\/\/afzo.ch\/wp\/kultur-und-sportzentrum-gries-lindenbuehl-8604-volketswil\/"},"author":{"name":"admin","@id":"https:\/\/afzo.ch\/wp\/#\/schema\/person\/95e5a63362ecd7409114715476fb9e75"},"headline":"Kultur- und Sportzentrum Gries | Lindenb\u00fchl \/ 8604 Volketswil","datePublished":"2025-11-01T09:01:56+00:00","dateModified":"2025-11-01T09:01:57+00:00","mainEntityOfPage":{"@id":"https:\/\/afzo.ch\/wp\/kultur-und-sportzentrum-gries-lindenbuehl-8604-volketswil\/"},"wordCount":123,"publisher":{"@id":"https:\/\/afzo.ch\/wp\/#organization"},"image":{"@id":"https:\/\/afzo.ch\/wp\/kultur-und-sportzentrum-gries-lindenbuehl-8604-volketswil\/#primaryimage"},"thumbnailUrl":"https:\/\/i0.wp.com\/afzo.ch\/wp\/wp-content\/uploads\/2025\/11\/02200301000.jpg?fit=600%2C300&ssl=1","articleSection":["Baupreis","\u00d6ffentliche Bauten"],"inLanguage":"de"},{"@type":"WebPage","@id":"https:\/\/afzo.ch\/wp\/kultur-und-sportzentrum-gries-lindenbuehl-8604-volketswil\/","url":"https:\/\/afzo.ch\/wp\/kultur-und-sportzentrum-gries-lindenbuehl-8604-volketswil\/","name":"Kultur- und Sportzentrum Gries | Lindenb\u00fchl \/ 8604 Volketswil - Architekturforum Z\u00fcrcher Oberland","isPartOf":{"@id":"https:\/\/afzo.ch\/wp\/#website"},"primaryImageOfPage":{"@id":"https:\/\/afzo.ch\/wp\/kultur-und-sportzentrum-gries-lindenbuehl-8604-volketswil\/#primaryimage"},"image":{"@id":"https:\/\/afzo.ch\/wp\/kultur-und-sportzentrum-gries-lindenbuehl-8604-volketswil\/#primaryimage"},"thumbnailUrl":"https:\/\/i0.wp.com\/afzo.ch\/wp\/wp-content\/uploads\/2025\/11\/02200301000.jpg?fit=600%2C300&ssl=1","datePublished":"2025-11-01T09:01:56+00:00","dateModified":"2025-11-01T09:01:57+00:00","breadcrumb":{"@id":"https:\/\/afzo.ch\/wp\/kultur-und-sportzentrum-gries-lindenbuehl-8604-volketswil\/#breadcrumb"},"inLanguage":"de","potentialAction":[{"@type":"ReadAction","target":["https:\/\/afzo.ch\/wp\/kultur-und-sportzentrum-gries-lindenbuehl-8604-volketswil\/"]}]},{"@type":"ImageObject","inLanguage":"de","@id":"https:\/\/afzo.ch\/wp\/kultur-und-sportzentrum-gries-lindenbuehl-8604-volketswil\/#primaryimage","url":"https:\/\/i0.wp.com\/afzo.ch\/wp\/wp-content\/uploads\/2025\/11\/02200301000.jpg?fit=600%2C300&ssl=1","contentUrl":"https:\/\/i0.wp.com\/afzo.ch\/wp\/wp-content\/uploads\/2025\/11\/02200301000.jpg?fit=600%2C300&ssl=1","width":600,"height":300},{"@type":"BreadcrumbList","@id":"https:\/\/afzo.ch\/wp\/kultur-und-sportzentrum-gries-lindenbuehl-8604-volketswil\/#breadcrumb","itemListElement":[{"@type":"ListItem","position":1,"name":"Startseite","item":"https:\/\/afzo.ch\/wp\/"},{"@type":"ListItem","position":2,"name":"Kultur- und Sportzentrum Gries | Lindenb\u00fchl \/ 8604 Volketswil"}]},{"@type":"WebSite","@id":"https:\/\/afzo.ch\/wp\/#website","url":"https:\/\/afzo.ch\/wp\/","name":"Architekturforum Z\u00fcrcher Oberland","description":"","publisher":{"@id":"https:\/\/afzo.ch\/wp\/#organization"},"potentialAction":[{"@type":"SearchAction","target":{"@type":"EntryPoint","urlTemplate":"https:\/\/afzo.ch\/wp\/?s={search_term_string}"},"query-input":{"@type":"PropertyValueSpecification","valueRequired":true,"valueName":"search_term_string"}}],"inLanguage":"de"},{"@type":"Organization","@id":"https:\/\/afzo.ch\/wp\/#organization","name":"Architekturforum Z\u00fcrcher Oberland","url":"https:\/\/afzo.ch\/wp\/","logo":{"@type":"ImageObject","inLanguage":"de","@id":"https:\/\/afzo.ch\/wp\/#\/schema\/logo\/image\/","url":"https:\/\/i0.wp.com\/afzo.ch\/wp\/wp-content\/uploads\/2023\/09\/cropped-logo_afzo_white.png?fit=1619%2C306&ssl=1","contentUrl":"https:\/\/i0.wp.com\/afzo.ch\/wp\/wp-content\/uploads\/2023\/09\/cropped-logo_afzo_white.png?fit=1619%2C306&ssl=1","width":1619,"height":306,"caption":"Architekturforum Z\u00fcrcher Oberland"},"image":{"@id":"https:\/\/afzo.ch\/wp\/#\/schema\/logo\/image\/"}},{"@type":"Person","@id":"https:\/\/afzo.ch\/wp\/#\/schema\/person\/95e5a63362ecd7409114715476fb9e75","name":"admin","image":{"@type":"ImageObject","inLanguage":"de","@id":"https:\/\/secure.gravatar.com\/avatar\/080a16143280f0b259f3a0ad237b3a3663a0de5273305a74456e42c79268cb1c?s=96&d=mm&r=g","url":"https:\/\/secure.gravatar.com\/avatar\/080a16143280f0b259f3a0ad237b3a3663a0de5273305a74456e42c79268cb1c?s=96&d=mm&r=g","contentUrl":"https:\/\/secure.gravatar.com\/avatar\/080a16143280f0b259f3a0ad237b3a3663a0de5273305a74456e42c79268cb1c?s=96&d=mm&r=g","caption":"admin"},"sameAs":["http:\/\/afzo.ch\/wp"],"url":"https:\/\/afzo.ch\/wp\/author\/werkteam_wt99\/"}]}},"jetpack_sharing_enabled":true,"jetpack-related-posts":[{"id":1213,"url":"https:\/\/afzo.ch\/wp\/turnhalle-rekrutierungszentrum-rueti-spitalstrasse-43-8630-rueti\/","url_meta":{"origin":2456,"position":0},"title":"Turnhalle Rekrutierungszentrum \/ R\u00fcti | Spitalstrasse 43 \/ 8630 R\u00fcti","author":"admin","date":"November 1, 2025","format":false,"excerpt":"\u00a0\u00a0\u00a0\u00a0\u00a0\u00a0 Baubeschrieb Die einfache, rechteckige Grossturnhalle mit vereinfachtem Raumprogramm ohne Garderoben, wurde als vorfabrizierter Holzbau im Minergie-P Standard erstellt. F\u00fcr den Ersatzbau einer bestehenden Traglufthalle mit zu hohem Energieverbrauch standen lediglich f\u00fcnf Wochen Montagezeit zur Verf\u00fcgung. Ort und Grundfl\u00e4che der Halle wurden durch die zu \u00fcbernehmende Bodenplatte bestimmt. W\u00fcrdigung Das\u2026","rel":"","context":"In &quot;Baupreis&quot;","block_context":{"text":"Baupreis","link":"https:\/\/afzo.ch\/wp\/category\/baupreis\/"},"img":{"alt_text":"","src":"https:\/\/i0.wp.com\/afzo.ch\/wp\/wp-content\/uploads\/2025\/11\/02201007000.jpg?fit=600%2C300&ssl=1&resize=350%2C200","width":350,"height":200,"srcset":"https:\/\/i0.wp.com\/afzo.ch\/wp\/wp-content\/uploads\/2025\/11\/02201007000.jpg?fit=600%2C300&ssl=1&resize=350%2C200 1x, https:\/\/i0.wp.com\/afzo.ch\/wp\/wp-content\/uploads\/2025\/11\/02201007000.jpg?fit=600%2C300&ssl=1&resize=525%2C300 1.5x"},"classes":[]},{"id":1211,"url":"https:\/\/afzo.ch\/wp\/mehrzweckhalle-baeretswil-schulhausstrasse-1d-8344-baeretswil\/","url_meta":{"origin":2456,"position":1},"title":"Mehrzweckhalle B\u00e4retswil | Schulhausstrasse 1d \/ 8344 B\u00e4retswil","author":"admin","date":"November 1, 2025","format":false,"excerpt":"\u00a0\u00a0\u00a0\u00a0\u00a0\u00a0 Baubeschrieb Die Mehrzweckhalle ist Teil einer Zentrumsgestaltung, welche als weitere Etappe noch Alterswohnungen und eine Bibliothek umfasst. Sie ist in ein zentral gelegenes, von zwei Schulh\u00e4usern und \u00e4lteren Geb\u00e4uden umgebenes Schulfeld einf\u00fcgt. Die abgesenkte, rundum verglaste Mehrzweckhalle schliesst als Solit\u00e4r den Schulhof ab, wobei das auskragende Dach eine \u00fcberdeckte\u2026","rel":"","context":"In &quot;Baupreis&quot;","block_context":{"text":"Baupreis","link":"https:\/\/afzo.ch\/wp\/category\/baupreis\/"},"img":{"alt_text":"","src":"https:\/\/i0.wp.com\/afzo.ch\/wp\/wp-content\/uploads\/2025\/11\/02201006000.jpg?fit=600%2C300&ssl=1&resize=350%2C200","width":350,"height":200,"srcset":"https:\/\/i0.wp.com\/afzo.ch\/wp\/wp-content\/uploads\/2025\/11\/02201006000.jpg?fit=600%2C300&ssl=1&resize=350%2C200 1x, https:\/\/i0.wp.com\/afzo.ch\/wp\/wp-content\/uploads\/2025\/11\/02201006000.jpg?fit=600%2C300&ssl=1&resize=525%2C300 1.5x"},"classes":[]},{"id":1163,"url":"https:\/\/afzo.ch\/wp\/werkhof-irgenhausen-hochstrasse-190-8330-pfaeffikon-zh\/","url_meta":{"origin":2456,"position":2},"title":"Werkhof Irgenhausen | Hochstrasse 190  \/  8330 Pf\u00e4ffikon ZH","author":"admin","date":"November 1, 2025","format":false,"excerpt":"\u00a0\u00a0\u00a0\u00a0\u00a0\u00a0 Baubeschrieb Ersatz- und Erweiterungsbauten f\u00fcr den bestehenden Werkhof. Die an eine bestehende, grosse Werkhalle angebauten neuen Bauteile umfassen einen Hallenteil mit Werkst\u00e4tten und Lagerr\u00e4umen sowie einen Betriebsteil mit den B\u00fcro-, Betriebs-, Sozial- und Mannschaftsr\u00e4umen. \u00dcber der Durchfahrt zwischen diesen beiden Trakten sind die Salzsilos angeordnet. Die Bauten sind in\u2026","rel":"","context":"In &quot;Baupreis&quot;","block_context":{"text":"Baupreis","link":"https:\/\/afzo.ch\/wp\/category\/baupreis\/"},"img":{"alt_text":"","src":"https:\/\/i0.wp.com\/afzo.ch\/wp\/wp-content\/uploads\/2025\/11\/02200701000.jpg?fit=600%2C300&ssl=1&resize=350%2C200","width":350,"height":200,"srcset":"https:\/\/i0.wp.com\/afzo.ch\/wp\/wp-content\/uploads\/2025\/11\/02200701000.jpg?fit=600%2C300&ssl=1&resize=350%2C200 1x, https:\/\/i0.wp.com\/afzo.ch\/wp\/wp-content\/uploads\/2025\/11\/02200701000.jpg?fit=600%2C300&ssl=1&resize=525%2C300 1.5x"},"classes":[]},{"id":1171,"url":"https:\/\/afzo.ch\/wp\/windkanalhalle-sauber-aerodynamik-ag-wildbachstrasse-9-8340-hinwil\/","url_meta":{"origin":2456,"position":3},"title":"Windkanalhalle Sauber Aerodynamik AG | Wildbachstrasse 9 \/ 8340 Hinwil","author":"admin","date":"November 1, 2025","format":false,"excerpt":"\u00a0\u00a0\u00a0\u00a0\u00a0\u00a0 Baubeschrieb Grosser zusammenfassender Geb\u00e4udek\u00f6rper f\u00fcr den technischen Teil mit Windkanal anlage, Teamr\u00e4umen und Labors sowie einem grossen Besucher- und Veranstaltungsteil. Die Trennung erfolgt, von aussen ablesbar, durch die riesige, lichtdurchflutete Eingangs- und Museumshalle. Die technischen R\u00e4ume sind von der Eventseite her gut einsehbar. Infolge der Anordnung des Windkanals im\u2026","rel":"","context":"In &quot;Baupreis&quot;","block_context":{"text":"Baupreis","link":"https:\/\/afzo.ch\/wp\/category\/baupreis\/"},"img":{"alt_text":"","src":"https:\/\/i0.wp.com\/afzo.ch\/wp\/wp-content\/uploads\/2025\/11\/02200510000.jpg?fit=600%2C300&ssl=1&resize=350%2C200","width":350,"height":200,"srcset":"https:\/\/i0.wp.com\/afzo.ch\/wp\/wp-content\/uploads\/2025\/11\/02200510000.jpg?fit=600%2C300&ssl=1&resize=350%2C200 1x, https:\/\/i0.wp.com\/afzo.ch\/wp\/wp-content\/uploads\/2025\/11\/02200510000.jpg?fit=600%2C300&ssl=1&resize=525%2C300 1.5x"},"classes":[]},{"id":1219,"url":"https:\/\/afzo.ch\/wp\/schulhaus-lendenbach-turnhallenstrasse-8-8620-wetzikon\/","url_meta":{"origin":2456,"position":4},"title":"Schulhaus Lendenbach | Turnhallenstrasse 8  \/  8620 Wetzikon","author":"admin","date":"November 1, 2025","format":false,"excerpt":"\u00a0\u00a0\u00a0\u00a0\u00a0\u00a0 Baubeschrieb Das neue Schulhaus ist Teil der Schulanlage Lendenbach und umfasst f\u00fcnf Klassenzimmer mit zugeh\u00f6rigen Gruppenr\u00e4umen, ein B\u00fcro, sowie eine Mediothek. Es ist mit dem langgestreckten Schulhaus Lendenbach mit einer pausenhallenartigen \u00dcberdachung verbunden. Das eigentlich viergeschossige Geb\u00e4ude ist mit versetzten Geschossen um die zentrale zweil\u00e4ufige Treppenanlage organisiert und weist\u2026","rel":"","context":"In &quot;Baupreis&quot;","block_context":{"text":"Baupreis","link":"https:\/\/afzo.ch\/wp\/category\/baupreis\/"},"img":{"alt_text":"","src":"https:\/\/i0.wp.com\/afzo.ch\/wp\/wp-content\/uploads\/2025\/11\/02200703000.jpg?fit=600%2C300&ssl=1&resize=350%2C200","width":350,"height":200,"srcset":"https:\/\/i0.wp.com\/afzo.ch\/wp\/wp-content\/uploads\/2025\/11\/02200703000.jpg?fit=600%2C300&ssl=1&resize=350%2C200 1x, https:\/\/i0.wp.com\/afzo.ch\/wp\/wp-content\/uploads\/2025\/11\/02200703000.jpg?fit=600%2C300&ssl=1&resize=525%2C300 1.5x"},"classes":[]},{"id":2604,"url":"https:\/\/afzo.ch\/wp\/maschinenfabrik-fehraltorf-allmendstrasse-50-8320-fehraltorf\/","url_meta":{"origin":2456,"position":5},"title":"Maschinenfabrik Fehraltorf | Allmendstrasse 50 \/ 8320 Fehraltorf","author":"admin","date":"November 1, 2025","format":false,"excerpt":"\u00a0\u00a0\u00a0\u00a0\u00a0\u00a0 Baubeschrieb Maschinenfabrik mit dreigeschossigem Verwaltungstrakt als Kopfbau, zweigeschossigem Betriebstrakt und parallel liegendergrosser zweischiffiger Montagehalle. Verwaltungs- und Betriebstrakt als Massivbau, Montagehalle als Stahlbau mit vorgeh\u00e4ngten Fassaden. Erweiterungsoption gegen Nordwesten. W\u00fcrdigung In der \u00fcbersichtlich strukturierten Anlage mitklaren gegenseitigen Zuordnungen wird einem\u00f6glichst grosse Transparenz zwischen den Bereichen verschiedener Funktion angestrebt. Diese Vernetzung\u2026","rel":"","context":"In &quot;Baupreis&quot;","block_context":{"text":"Baupreis","link":"https:\/\/afzo.ch\/wp\/category\/baupreis\/"},"img":{"alt_text":"","src":"https:\/\/i0.wp.com\/afzo.ch\/wp\/wp-content\/uploads\/2025\/11\/02200313000.jpg?fit=600%2C300&ssl=1&resize=350%2C200","width":350,"height":200,"srcset":"https:\/\/i0.wp.com\/afzo.ch\/wp\/wp-content\/uploads\/2025\/11\/02200313000.jpg?fit=600%2C300&ssl=1&resize=350%2C200 1x, https:\/\/i0.wp.com\/afzo.ch\/wp\/wp-content\/uploads\/2025\/11\/02200313000.jpg?fit=600%2C300&ssl=1&resize=525%2C300 1.5x"},"classes":[]}],"jetpack_featured_media_url":"https:\/\/i0.wp.com\/afzo.ch\/wp\/wp-content\/uploads\/2025\/11\/02200301000.jpg?fit=600%2C300&ssl=1","_links":{"self":[{"href":"https:\/\/afzo.ch\/wp\/wp-json\/wp\/v2\/posts\/2456","targetHints":{"allow":["GET"]}}],"collection":[{"href":"https:\/\/afzo.ch\/wp\/wp-json\/wp\/v2\/posts"}],"about":[{"href":"https:\/\/afzo.ch\/wp\/wp-json\/wp\/v2\/types\/post"}],"author":[{"embeddable":true,"href":"https:\/\/afzo.ch\/wp\/wp-json\/wp\/v2\/users\/1"}],"replies":[{"embeddable":true,"href":"https:\/\/afzo.ch\/wp\/wp-json\/wp\/v2\/comments?post=2456"}],"version-history":[{"count":1,"href":"https:\/\/afzo.ch\/wp\/wp-json\/wp\/v2\/posts\/2456\/revisions"}],"predecessor-version":[{"id":2555,"href":"https:\/\/afzo.ch\/wp\/wp-json\/wp\/v2\/posts\/2456\/revisions\/2555"}],"wp:featuredmedia":[{"embeddable":true,"href":"https:\/\/afzo.ch\/wp\/wp-json\/wp\/v2\/media\/2556"}],"wp:attachment":[{"href":"https:\/\/afzo.ch\/wp\/wp-json\/wp\/v2\/media?parent=2456"}],"wp:term":[{"taxonomy":"category","embeddable":true,"href":"https:\/\/afzo.ch\/wp\/wp-json\/wp\/v2\/categories?post=2456"},{"taxonomy":"post_tag","embeddable":true,"href":"https:\/\/afzo.ch\/wp\/wp-json\/wp\/v2\/tags?post=2456"}],"curies":[{"name":"wp","href":"https:\/\/api.w.org\/{rel}","templated":true}]}}