{"id":2455,"date":"2025-11-01T09:01:56","date_gmt":"2025-11-01T09:01:56","guid":{"rendered":"https:\/\/afzo.ch\/wp\/kirchgemeindezentrum-hintergasse-2-8320-fehraltorf-2\/"},"modified":"2025-11-01T09:01:56","modified_gmt":"2025-11-01T09:01:56","slug":"kirchgemeindezentrum-hintergasse-2-8320-fehraltorf","status":"publish","type":"post","link":"https:\/\/afzo.ch\/wp\/kirchgemeindezentrum-hintergasse-2-8320-fehraltorf\/","title":{"rendered":"Kirchgemeindezentrum | Hintergasse 2  \/  8320 Fehraltorf"},"content":{"rendered":"<p style=\"text-align: left;\"><a href=\"http:\/\/maps.google.ch\/maps?f=q&amp;source=s_q&amp;hl=de&amp;geocode=&amp;q=47.387031,8.751957&amp;sll=46.362093,9.036255&amp;sspn=5.481358,8.514404&amp;ie=UTF8&amp;z=13\" target=\"_blank\"><img decoding=\"async\" src=\"..\/..\/button_lageplan.jpg\" width=\"250\"\/><\/a>&nbsp;&nbsp;&nbsp;&nbsp;&nbsp;&nbsp;<a href=\"..\/..\/images.html?http:\/\/www.afzo.ch\/baupreis\/2013\/03201307.xml\" onclick=\"window.open(this.href, 'width=100%,resizable,scrollbars,toolbar,menubar') ;return false;\"> <img decoding=\"async\" src=\"..\/..\/button_bilder.jpg\" width=\"250\"\/><\/a><\/p>\n<p style=\"text-align: left;\">\n\t\t\t\t<strong>Baubeschrieb<\/strong><\/p>\n<p style=\"margin-top:0.3em\">Das neue Kirchgemeindezentrum liegt in direkter Nachbarschaft zur Kirche. Es befin-det sich in der Kernzone, im Bereich des Gestaltungsplans Dorfkern. Als Ersatzbau f\u00fcr ein historisches Doppelwohnhaus mit Scheune unter grossem, gemeinsamem Sat-teldach hatte es das Erscheinungsbild in La-ge, Grundfl\u00e4che und Schnitt beizubehalten. <br \/>Im Erdgeschoss, mit dem Hauptzugang vom bestehenden Vorplatz an der Hintergasse her, befinden sich Foyer, Verwaltungsr\u00e4ume und Teestube. Die zweil\u00e4ufige Treppe er-m\u00f6glicht auf dem Halbgeschoss den direkten Zugang von der etwas h\u00f6her gelegenen Kir-che her und erschliesst an dieser Stelle auch einen Mehrzweckraum mit direktem Aus-gang zum Kirchhof. Der grosse Gemeinde-saal mit K\u00fcche befindet sich im Oberge-schoss, die Schulr\u00e4ume und ein Sitzungs-zimmer sind im Dachgeschoss angeordnet.\n<\/p>\n<p>\n\t\t\t\t<strong>W\u00fcrdigung<\/strong><\/p>\n<p style=\"margin-top:0.3em\">Das Gemeindezentrum ist ein gutes Beispiel f\u00fcr neuzeitliches Bauen in der Kernzone. Traditionelle und moderne Gestaltungsmittel bilden zusammen mit der betont minimalen Detaillierung und der klaren Gesamtform eine grossz\u00fcgige, ruhige Einheit. Als wich-tigstes Ausdrucksmittel und Erkennungszei-chen dient lediglich die rhythmische Zusam-menfassung der Fenster mit ornamental ge-stalteten, an traditionelle Fensterl\u00e4den erin-nernden Betonelementen. <br \/>In einer klar ersichtlichen Hierarchie von Oeffentlichkeit reiht sich das Geb\u00e4ude selbstbewusst und unaufgeregt ein zwischen Gemeindehaus, Schulhaus und Kirche, so-wie die Reihe von ehemals kleinb\u00e4uerlichen Bauten an der Hintergasse.<\/p>\n<p>klare Aussage zur heutigen Zeit<\/p><\/p>\n","protected":false},"excerpt":{"rendered":"<p>&nbsp;&nbsp;&nbsp;&nbsp;&nbsp;&nbsp; Baubeschrieb Das neue Kirchgemeindezentrum liegt in direkter Nachbarschaft zur Kirche. Es befin-det sich in der Kernzone, im Bereich des Gestaltungsplans Dorfkern. Als Ersatzbau f\u00fcr ein historisches Doppelwohnhaus mit Scheune unter grossem, gemeinsamem Sat-teldach hatte es das Erscheinungsbild in La-ge, Grundfl\u00e4che und Schnitt beizubehalten. Im Erdgeschoss, mit dem Hauptzugang vom bestehenden Vorplatz an der Hintergasse &hellip; <\/p>\n<p class=\"link-more\"><a href=\"https:\/\/afzo.ch\/wp\/kirchgemeindezentrum-hintergasse-2-8320-fehraltorf\/\" class=\"more-link\">Mehr <span class=\"screen-reader-text\">\u00fcber &#8222;Kirchgemeindezentrum | Hintergasse 2  \/  8320 Fehraltorf&#8220; <\/span>Lesen<\/a><\/p>\n","protected":false},"author":1,"featured_media":2536,"comment_status":"closed","ping_status":"closed","sticky":false,"template":"","format":"standard","meta":{"om_disable_all_campaigns":false,"_monsterinsights_skip_tracking":false,"_jetpack_newsletter_access":"","_jetpack_dont_email_post_to_subs":false,"_jetpack_newsletter_tier_id":0,"_jetpack_memberships_contains_paywalled_content":false,"_jetpack_feature_clip_id":0,"_jetpack_memberships_contains_paid_content":false,"footnotes":"","jetpack_post_was_ever_published":false},"categories":[20,24],"tags":[],"class_list":["post-2455","post","type-post","status-publish","format-standard","has-post-thumbnail","hentry","category-baupreis","category-oeffentliche-bauten"],"aioseo_notices":[],"aioseo_head":"\n\t\t<!-- All in One SEO 5.0.0.1 - aioseo.com -->\n\t<meta name=\"description\" content=\"Baubeschrieb Das neue Kirchgemeindezentrum liegt in direkter Nachbarschaft zur Kirche. Es befin-det sich in der Kernzone, im Bereich des Gestaltungsplans Dorfkern. Als Ersatzbau f\u00fcr ein historisches Doppelwohnhaus mit Scheune unter grossem, gemeinsamem Sat-teldach hatte es das Erscheinungsbild in La-ge, Grundfl\u00e4che und Schnitt beizubehalten. Im Erdgeschoss, mit dem Hauptzugang vom bestehenden Vorplatz an der Hintergasse\" \/>\n\t<meta name=\"robots\" content=\"max-image-preview:large\" \/>\n\t<meta name=\"author\" content=\"admin\"\/>\n\t<link rel=\"canonical\" href=\"https:\/\/afzo.ch\/wp\/kirchgemeindezentrum-hintergasse-2-8320-fehraltorf\/\" \/>\n\t<meta name=\"generator\" content=\"All in One SEO (AIOSEO) 5.0.0.1\" \/>\n\t\t<meta property=\"og:locale\" content=\"de_DE\" \/>\n\t\t<meta property=\"og:site_name\" content=\"Architekturforum Z\u00fcrcher Oberland -\" \/>\n\t\t<meta property=\"og:type\" content=\"article\" \/>\n\t\t<meta property=\"og:title\" content=\"Kirchgemeindezentrum | Hintergasse 2 \/ 8320 Fehraltorf - Architekturforum Z\u00fcrcher Oberland\" \/>\n\t\t<meta property=\"og:description\" content=\"Baubeschrieb Das neue Kirchgemeindezentrum liegt in direkter Nachbarschaft zur Kirche. Es befin-det sich in der Kernzone, im Bereich des Gestaltungsplans Dorfkern. Als Ersatzbau f\u00fcr ein historisches Doppelwohnhaus mit Scheune unter grossem, gemeinsamem Sat-teldach hatte es das Erscheinungsbild in La-ge, Grundfl\u00e4che und Schnitt beizubehalten. Im Erdgeschoss, mit dem Hauptzugang vom bestehenden Vorplatz an der Hintergasse\" \/>\n\t\t<meta property=\"og:url\" content=\"https:\/\/afzo.ch\/wp\/kirchgemeindezentrum-hintergasse-2-8320-fehraltorf\/\" \/>\n\t\t<meta property=\"og:image\" content=\"https:\/\/i0.wp.com\/afzo.ch\/wp\/wp-content\/uploads\/2023\/09\/cropped-logo_afzo_white.png?fit=1619%2C306&#038;ssl=1\" \/>\n\t\t<meta property=\"og:image:secure_url\" content=\"https:\/\/i0.wp.com\/afzo.ch\/wp\/wp-content\/uploads\/2023\/09\/cropped-logo_afzo_white.png?fit=1619%2C306&#038;ssl=1\" \/>\n\t\t<meta property=\"article:published_time\" content=\"2025-11-01T09:01:56+00:00\" \/>\n\t\t<meta property=\"article:modified_time\" content=\"2025-11-01T09:01:56+00:00\" \/>\n\t\t<meta name=\"twitter:card\" content=\"summary_large_image\" \/>\n\t\t<meta name=\"twitter:title\" content=\"Kirchgemeindezentrum | Hintergasse 2 \/ 8320 Fehraltorf - Architekturforum Z\u00fcrcher Oberland\" \/>\n\t\t<meta name=\"twitter:description\" content=\"Baubeschrieb Das neue Kirchgemeindezentrum liegt in direkter Nachbarschaft zur Kirche. Es befin-det sich in der Kernzone, im Bereich des Gestaltungsplans Dorfkern. Als Ersatzbau f\u00fcr ein historisches Doppelwohnhaus mit Scheune unter grossem, gemeinsamem Sat-teldach hatte es das Erscheinungsbild in La-ge, Grundfl\u00e4che und Schnitt beizubehalten. Im Erdgeschoss, mit dem Hauptzugang vom bestehenden Vorplatz an der Hintergasse\" \/>\n\t\t<meta name=\"twitter:image\" content=\"https:\/\/i0.wp.com\/afzo.ch\/wp\/wp-content\/uploads\/2023\/09\/cropped-logo_afzo_white.png?fit=1619%2C306&amp;ssl=1\" \/>\n\t\t<script type=\"application\/ld+json\" class=\"aioseo-schema\">\n\t\t\t{\"@context\":\"https:\\\/\\\/schema.org\",\"@graph\":[{\"@type\":\"BlogPosting\",\"@id\":\"https:\\\/\\\/afzo.ch\\\/wp\\\/kirchgemeindezentrum-hintergasse-2-8320-fehraltorf\\\/#blogposting\",\"name\":\"Kirchgemeindezentrum | Hintergasse 2 \\\/ 8320 Fehraltorf - Architekturforum Z\\u00fcrcher Oberland\",\"headline\":\"Kirchgemeindezentrum | Hintergasse 2  \\\/  8320 Fehraltorf\",\"author\":{\"@id\":\"https:\\\/\\\/afzo.ch\\\/wp\\\/author\\\/werkteam_wt99\\\/#author\"},\"publisher\":{\"@id\":\"https:\\\/\\\/afzo.ch\\\/wp\\\/#organization\"},\"image\":{\"@type\":\"ImageObject\",\"url\":\"https:\\\/\\\/i0.wp.com\\\/afzo.ch\\\/wp\\\/wp-content\\\/uploads\\\/2025\\\/11\\\/02201307000.jpg?fit=600%2C300&ssl=1\",\"width\":600,\"height\":300},\"datePublished\":\"2025-11-01T09:01:56+00:00\",\"dateModified\":\"2025-11-01T09:01:56+00:00\",\"inLanguage\":\"de-DE\",\"mainEntityOfPage\":{\"@id\":\"https:\\\/\\\/afzo.ch\\\/wp\\\/kirchgemeindezentrum-hintergasse-2-8320-fehraltorf\\\/#webpage\"},\"isPartOf\":{\"@id\":\"https:\\\/\\\/afzo.ch\\\/wp\\\/kirchgemeindezentrum-hintergasse-2-8320-fehraltorf\\\/#webpage\"},\"articleSection\":\"Baupreis, \\u00d6ffentliche Bauten\"},{\"@type\":\"BreadcrumbList\",\"@id\":\"https:\\\/\\\/afzo.ch\\\/wp\\\/kirchgemeindezentrum-hintergasse-2-8320-fehraltorf\\\/#breadcrumblist\",\"itemListElement\":[{\"@type\":\"ListItem\",\"@id\":\"https:\\\/\\\/afzo.ch\\\/wp#listItem\",\"position\":1,\"name\":\"Home\",\"item\":\"https:\\\/\\\/afzo.ch\\\/wp\",\"nextItem\":{\"@type\":\"ListItem\",\"@id\":\"https:\\\/\\\/afzo.ch\\\/wp\\\/category\\\/baupreis\\\/#listItem\",\"name\":\"Baupreis\"}},{\"@type\":\"ListItem\",\"@id\":\"https:\\\/\\\/afzo.ch\\\/wp\\\/category\\\/baupreis\\\/#listItem\",\"position\":2,\"name\":\"Baupreis\",\"item\":\"https:\\\/\\\/afzo.ch\\\/wp\\\/category\\\/baupreis\\\/\",\"nextItem\":{\"@type\":\"ListItem\",\"@id\":\"https:\\\/\\\/afzo.ch\\\/wp\\\/kirchgemeindezentrum-hintergasse-2-8320-fehraltorf\\\/#listItem\",\"name\":\"Kirchgemeindezentrum | Hintergasse 2  \\\/  8320 Fehraltorf\"},\"previousItem\":{\"@type\":\"ListItem\",\"@id\":\"https:\\\/\\\/afzo.ch\\\/wp#listItem\",\"name\":\"Home\"}},{\"@type\":\"ListItem\",\"@id\":\"https:\\\/\\\/afzo.ch\\\/wp\\\/kirchgemeindezentrum-hintergasse-2-8320-fehraltorf\\\/#listItem\",\"position\":3,\"name\":\"Kirchgemeindezentrum | Hintergasse 2  \\\/  8320 Fehraltorf\",\"previousItem\":{\"@type\":\"ListItem\",\"@id\":\"https:\\\/\\\/afzo.ch\\\/wp\\\/category\\\/baupreis\\\/#listItem\",\"name\":\"Baupreis\"}}]},{\"@type\":\"Organization\",\"@id\":\"https:\\\/\\\/afzo.ch\\\/wp\\\/#organization\",\"name\":\"werkteam architekten ag\",\"url\":\"https:\\\/\\\/afzo.ch\\\/wp\\\/\",\"telephone\":\"+41449974525\",\"logo\":{\"@type\":\"ImageObject\",\"url\":\"https:\\\/\\\/i0.wp.com\\\/afzo.ch\\\/wp\\\/wp-content\\\/uploads\\\/2022\\\/12\\\/werkteam_logo.png?fit=1500%2C176&ssl=1\",\"@id\":\"https:\\\/\\\/afzo.ch\\\/wp\\\/kirchgemeindezentrum-hintergasse-2-8320-fehraltorf\\\/#organizationLogo\",\"width\":1500,\"height\":176},\"image\":{\"@id\":\"https:\\\/\\\/afzo.ch\\\/wp\\\/kirchgemeindezentrum-hintergasse-2-8320-fehraltorf\\\/#organizationLogo\"}},{\"@type\":\"Person\",\"@id\":\"https:\\\/\\\/afzo.ch\\\/wp\\\/author\\\/werkteam_wt99\\\/#author\",\"url\":\"https:\\\/\\\/afzo.ch\\\/wp\\\/author\\\/werkteam_wt99\\\/\",\"name\":\"admin\",\"image\":{\"@type\":\"ImageObject\",\"@id\":\"https:\\\/\\\/afzo.ch\\\/wp\\\/kirchgemeindezentrum-hintergasse-2-8320-fehraltorf\\\/#authorImage\",\"url\":\"https:\\\/\\\/secure.gravatar.com\\\/avatar\\\/080a16143280f0b259f3a0ad237b3a3663a0de5273305a74456e42c79268cb1c?s=96&d=mm&r=g\",\"width\":96,\"height\":96,\"caption\":\"admin\"}},{\"@type\":\"WebPage\",\"@id\":\"https:\\\/\\\/afzo.ch\\\/wp\\\/kirchgemeindezentrum-hintergasse-2-8320-fehraltorf\\\/#webpage\",\"url\":\"https:\\\/\\\/afzo.ch\\\/wp\\\/kirchgemeindezentrum-hintergasse-2-8320-fehraltorf\\\/\",\"name\":\"Kirchgemeindezentrum | Hintergasse 2 \\\/ 8320 Fehraltorf - Architekturforum Z\\u00fcrcher Oberland\",\"description\":\"Baubeschrieb Das neue Kirchgemeindezentrum liegt in direkter Nachbarschaft zur Kirche. Es befin-det sich in der Kernzone, im Bereich des Gestaltungsplans Dorfkern. Als Ersatzbau f\\u00fcr ein historisches Doppelwohnhaus mit Scheune unter grossem, gemeinsamem Sat-teldach hatte es das Erscheinungsbild in La-ge, Grundfl\\u00e4che und Schnitt beizubehalten. Im Erdgeschoss, mit dem Hauptzugang vom bestehenden Vorplatz an der Hintergasse\",\"inLanguage\":\"de-DE\",\"isPartOf\":{\"@id\":\"https:\\\/\\\/afzo.ch\\\/wp\\\/#website\"},\"breadcrumb\":{\"@id\":\"https:\\\/\\\/afzo.ch\\\/wp\\\/kirchgemeindezentrum-hintergasse-2-8320-fehraltorf\\\/#breadcrumblist\"},\"author\":{\"@id\":\"https:\\\/\\\/afzo.ch\\\/wp\\\/author\\\/werkteam_wt99\\\/#author\"},\"creator\":{\"@id\":\"https:\\\/\\\/afzo.ch\\\/wp\\\/author\\\/werkteam_wt99\\\/#author\"},\"image\":{\"@type\":\"ImageObject\",\"url\":\"https:\\\/\\\/i0.wp.com\\\/afzo.ch\\\/wp\\\/wp-content\\\/uploads\\\/2025\\\/11\\\/02201307000.jpg?fit=600%2C300&ssl=1\",\"@id\":\"https:\\\/\\\/afzo.ch\\\/wp\\\/kirchgemeindezentrum-hintergasse-2-8320-fehraltorf\\\/#mainImage\",\"width\":600,\"height\":300},\"primaryImageOfPage\":{\"@id\":\"https:\\\/\\\/afzo.ch\\\/wp\\\/kirchgemeindezentrum-hintergasse-2-8320-fehraltorf\\\/#mainImage\"},\"datePublished\":\"2025-11-01T09:01:56+00:00\",\"dateModified\":\"2025-11-01T09:01:56+00:00\"},{\"@type\":\"WebSite\",\"@id\":\"https:\\\/\\\/afzo.ch\\\/wp\\\/#website\",\"url\":\"https:\\\/\\\/afzo.ch\\\/wp\\\/\",\"name\":\"werkteam architekten ag\",\"inLanguage\":\"de-DE\",\"publisher\":{\"@id\":\"https:\\\/\\\/afzo.ch\\\/wp\\\/#organization\"}}]}\n\t\t<\/script>\n\t\t<!-- All in One SEO -->\n\n","aioseo_head_json":{"title":"Kirchgemeindezentrum | Hintergasse 2 \/ 8320 Fehraltorf - Architekturforum Z\u00fcrcher Oberland","description":"Baubeschrieb Das neue Kirchgemeindezentrum liegt in direkter Nachbarschaft zur Kirche. Es befin-det sich in der Kernzone, im Bereich des Gestaltungsplans Dorfkern. Als Ersatzbau f\u00fcr ein historisches Doppelwohnhaus mit Scheune unter grossem, gemeinsamem Sat-teldach hatte es das Erscheinungsbild in La-ge, Grundfl\u00e4che und Schnitt beizubehalten. Im Erdgeschoss, mit dem Hauptzugang vom bestehenden Vorplatz an der Hintergasse","canonical_url":"https:\/\/afzo.ch\/wp\/kirchgemeindezentrum-hintergasse-2-8320-fehraltorf\/","robots":"max-image-preview:large","keywords":"","webmasterTools":{"miscellaneous":""},"schema":{"@context":"https:\/\/schema.org","@graph":[{"@type":"BlogPosting","@id":"https:\/\/afzo.ch\/wp\/kirchgemeindezentrum-hintergasse-2-8320-fehraltorf\/#blogposting","name":"Kirchgemeindezentrum | Hintergasse 2 \/ 8320 Fehraltorf - Architekturforum Z\u00fcrcher Oberland","headline":"Kirchgemeindezentrum | Hintergasse 2  \/  8320 Fehraltorf","author":{"@id":"https:\/\/afzo.ch\/wp\/author\/werkteam_wt99\/#author"},"publisher":{"@id":"https:\/\/afzo.ch\/wp\/#organization"},"image":{"@type":"ImageObject","url":"https:\/\/i0.wp.com\/afzo.ch\/wp\/wp-content\/uploads\/2025\/11\/02201307000.jpg?fit=600%2C300&ssl=1","width":600,"height":300},"datePublished":"2025-11-01T09:01:56+00:00","dateModified":"2025-11-01T09:01:56+00:00","inLanguage":"de-DE","mainEntityOfPage":{"@id":"https:\/\/afzo.ch\/wp\/kirchgemeindezentrum-hintergasse-2-8320-fehraltorf\/#webpage"},"isPartOf":{"@id":"https:\/\/afzo.ch\/wp\/kirchgemeindezentrum-hintergasse-2-8320-fehraltorf\/#webpage"},"articleSection":"Baupreis, \u00d6ffentliche Bauten"},{"@type":"BreadcrumbList","@id":"https:\/\/afzo.ch\/wp\/kirchgemeindezentrum-hintergasse-2-8320-fehraltorf\/#breadcrumblist","itemListElement":[{"@type":"ListItem","@id":"https:\/\/afzo.ch\/wp#listItem","position":1,"name":"Home","item":"https:\/\/afzo.ch\/wp","nextItem":{"@type":"ListItem","@id":"https:\/\/afzo.ch\/wp\/category\/baupreis\/#listItem","name":"Baupreis"}},{"@type":"ListItem","@id":"https:\/\/afzo.ch\/wp\/category\/baupreis\/#listItem","position":2,"name":"Baupreis","item":"https:\/\/afzo.ch\/wp\/category\/baupreis\/","nextItem":{"@type":"ListItem","@id":"https:\/\/afzo.ch\/wp\/kirchgemeindezentrum-hintergasse-2-8320-fehraltorf\/#listItem","name":"Kirchgemeindezentrum | Hintergasse 2  \/  8320 Fehraltorf"},"previousItem":{"@type":"ListItem","@id":"https:\/\/afzo.ch\/wp#listItem","name":"Home"}},{"@type":"ListItem","@id":"https:\/\/afzo.ch\/wp\/kirchgemeindezentrum-hintergasse-2-8320-fehraltorf\/#listItem","position":3,"name":"Kirchgemeindezentrum | Hintergasse 2  \/  8320 Fehraltorf","previousItem":{"@type":"ListItem","@id":"https:\/\/afzo.ch\/wp\/category\/baupreis\/#listItem","name":"Baupreis"}}]},{"@type":"Organization","@id":"https:\/\/afzo.ch\/wp\/#organization","name":"werkteam architekten ag","url":"https:\/\/afzo.ch\/wp\/","telephone":"+41449974525","logo":{"@type":"ImageObject","url":"https:\/\/i0.wp.com\/afzo.ch\/wp\/wp-content\/uploads\/2022\/12\/werkteam_logo.png?fit=1500%2C176&ssl=1","@id":"https:\/\/afzo.ch\/wp\/kirchgemeindezentrum-hintergasse-2-8320-fehraltorf\/#organizationLogo","width":1500,"height":176},"image":{"@id":"https:\/\/afzo.ch\/wp\/kirchgemeindezentrum-hintergasse-2-8320-fehraltorf\/#organizationLogo"}},{"@type":"Person","@id":"https:\/\/afzo.ch\/wp\/author\/werkteam_wt99\/#author","url":"https:\/\/afzo.ch\/wp\/author\/werkteam_wt99\/","name":"admin","image":{"@type":"ImageObject","@id":"https:\/\/afzo.ch\/wp\/kirchgemeindezentrum-hintergasse-2-8320-fehraltorf\/#authorImage","url":"https:\/\/secure.gravatar.com\/avatar\/080a16143280f0b259f3a0ad237b3a3663a0de5273305a74456e42c79268cb1c?s=96&d=mm&r=g","width":96,"height":96,"caption":"admin"}},{"@type":"WebPage","@id":"https:\/\/afzo.ch\/wp\/kirchgemeindezentrum-hintergasse-2-8320-fehraltorf\/#webpage","url":"https:\/\/afzo.ch\/wp\/kirchgemeindezentrum-hintergasse-2-8320-fehraltorf\/","name":"Kirchgemeindezentrum | Hintergasse 2 \/ 8320 Fehraltorf - Architekturforum Z\u00fcrcher Oberland","description":"Baubeschrieb Das neue Kirchgemeindezentrum liegt in direkter Nachbarschaft zur Kirche. Es befin-det sich in der Kernzone, im Bereich des Gestaltungsplans Dorfkern. Als Ersatzbau f\u00fcr ein historisches Doppelwohnhaus mit Scheune unter grossem, gemeinsamem Sat-teldach hatte es das Erscheinungsbild in La-ge, Grundfl\u00e4che und Schnitt beizubehalten. Im Erdgeschoss, mit dem Hauptzugang vom bestehenden Vorplatz an der Hintergasse","inLanguage":"de-DE","isPartOf":{"@id":"https:\/\/afzo.ch\/wp\/#website"},"breadcrumb":{"@id":"https:\/\/afzo.ch\/wp\/kirchgemeindezentrum-hintergasse-2-8320-fehraltorf\/#breadcrumblist"},"author":{"@id":"https:\/\/afzo.ch\/wp\/author\/werkteam_wt99\/#author"},"creator":{"@id":"https:\/\/afzo.ch\/wp\/author\/werkteam_wt99\/#author"},"image":{"@type":"ImageObject","url":"https:\/\/i0.wp.com\/afzo.ch\/wp\/wp-content\/uploads\/2025\/11\/02201307000.jpg?fit=600%2C300&ssl=1","@id":"https:\/\/afzo.ch\/wp\/kirchgemeindezentrum-hintergasse-2-8320-fehraltorf\/#mainImage","width":600,"height":300},"primaryImageOfPage":{"@id":"https:\/\/afzo.ch\/wp\/kirchgemeindezentrum-hintergasse-2-8320-fehraltorf\/#mainImage"},"datePublished":"2025-11-01T09:01:56+00:00","dateModified":"2025-11-01T09:01:56+00:00"},{"@type":"WebSite","@id":"https:\/\/afzo.ch\/wp\/#website","url":"https:\/\/afzo.ch\/wp\/","name":"werkteam architekten ag","inLanguage":"de-DE","publisher":{"@id":"https:\/\/afzo.ch\/wp\/#organization"}}]},"og:locale":"de_DE","og:site_name":"Architekturforum Z\u00fcrcher Oberland -","og:type":"article","og:title":"Kirchgemeindezentrum | Hintergasse 2 \/ 8320 Fehraltorf - Architekturforum Z\u00fcrcher Oberland","og:description":"Baubeschrieb Das neue Kirchgemeindezentrum liegt in direkter Nachbarschaft zur Kirche. Es befin-det sich in der Kernzone, im Bereich des Gestaltungsplans Dorfkern. Als Ersatzbau f\u00fcr ein historisches Doppelwohnhaus mit Scheune unter grossem, gemeinsamem Sat-teldach hatte es das Erscheinungsbild in La-ge, Grundfl\u00e4che und Schnitt beizubehalten. Im Erdgeschoss, mit dem Hauptzugang vom bestehenden Vorplatz an der Hintergasse","og:url":"https:\/\/afzo.ch\/wp\/kirchgemeindezentrum-hintergasse-2-8320-fehraltorf\/","og:image":"https:\/\/i0.wp.com\/afzo.ch\/wp\/wp-content\/uploads\/2023\/09\/cropped-logo_afzo_white.png?fit=1619%2C306&#038;ssl=1","og:image:secure_url":"https:\/\/i0.wp.com\/afzo.ch\/wp\/wp-content\/uploads\/2023\/09\/cropped-logo_afzo_white.png?fit=1619%2C306&#038;ssl=1","article:published_time":"2025-11-01T09:01:56+00:00","article:modified_time":"2025-11-01T09:01:56+00:00","twitter:card":"summary_large_image","twitter:title":"Kirchgemeindezentrum | Hintergasse 2 \/ 8320 Fehraltorf - Architekturforum Z\u00fcrcher Oberland","twitter:description":"Baubeschrieb Das neue Kirchgemeindezentrum liegt in direkter Nachbarschaft zur Kirche. Es befin-det sich in der Kernzone, im Bereich des Gestaltungsplans Dorfkern. Als Ersatzbau f\u00fcr ein historisches Doppelwohnhaus mit Scheune unter grossem, gemeinsamem Sat-teldach hatte es das Erscheinungsbild in La-ge, Grundfl\u00e4che und Schnitt beizubehalten. Im Erdgeschoss, mit dem Hauptzugang vom bestehenden Vorplatz an der Hintergasse","twitter:image":"https:\/\/i0.wp.com\/afzo.ch\/wp\/wp-content\/uploads\/2023\/09\/cropped-logo_afzo_white.png?fit=1619%2C306&ssl=1"},"aioseo_meta_data":{"post_id":"2455","title":null,"description":null,"keywords":null,"keyphrases":null,"primary_term":null,"canonical_url":null,"og_title":null,"og_description":null,"og_object_type":"default","og_image_type":"default","og_image_url":null,"og_image_width":null,"og_image_height":null,"og_image_custom_url":null,"og_image_custom_fields":null,"og_video":null,"og_custom_url":null,"og_article_section":null,"og_article_tags":null,"twitter_use_og":false,"twitter_card":"default","twitter_image_type":"default","twitter_image_url":null,"twitter_image_custom_url":null,"twitter_image_custom_fields":null,"twitter_title":null,"twitter_description":null,"schema":{"blockGraphs":[],"customGraphs":[],"default":{"data":{"Article":[],"Course":[],"Dataset":[],"FAQPage":[],"Movie":[],"Person":[],"Product":[],"ProductReview":[],"Car":[],"Recipe":[],"Service":[],"SoftwareApplication":[],"WebPage":[]},"graphName":"","isEnabled":true},"graphs":[]},"schema_type":"default","schema_type_options":null,"pillar_content":false,"robots_default":true,"robots_noindex":false,"robots_noarchive":false,"robots_nosnippet":false,"robots_nofollow":false,"robots_noimageindex":false,"robots_noodp":false,"robots_notranslate":false,"robots_max_snippet":null,"robots_max_videopreview":null,"robots_max_imagepreview":"large","priority":null,"frequency":null,"local_seo":null,"breadcrumb_settings":null,"limit_modified_date":false,"ai":null,"created":"2025-11-01 09:13:55","updated":"2025-11-01 09:13:55","focus_keyword":null,"additional_keywords":null,"truseo_locale":null,"seo_analyzer_scan_date":null},"aioseo_breadcrumb":"<div class=\"aioseo-breadcrumbs\"><span class=\"aioseo-breadcrumb\">\n\t\t\t<a href=\"https:\/\/afzo.ch\/wp\" title=\"Home\">Home<\/a>\n\t\t<\/span><span class=\"aioseo-breadcrumb-separator\">&raquo;<\/span><span class=\"aioseo-breadcrumb\">\n\t\t\t<a href=\"https:\/\/afzo.ch\/wp\/category\/baupreis\/\" title=\"Baupreis\">Baupreis<\/a>\n\t\t<\/span><span class=\"aioseo-breadcrumb-separator\">&raquo;<\/span><span class=\"aioseo-breadcrumb\">\n\t\t\tKirchgemeindezentrum | Hintergasse 2  \/  8320 Fehraltorf\n\t\t<\/span><\/div>","aioseo_breadcrumb_json":[{"label":"Home","link":"https:\/\/afzo.ch\/wp"},{"label":"Baupreis","link":"https:\/\/afzo.ch\/wp\/category\/baupreis\/"},{"label":"Kirchgemeindezentrum | Hintergasse 2  \/  8320 Fehraltorf","link":"https:\/\/afzo.ch\/wp\/kirchgemeindezentrum-hintergasse-2-8320-fehraltorf\/"}],"yoast_head":"<!-- This site is optimized with the Yoast SEO plugin v28.2 - https:\/\/yoast.com\/product\/yoast-seo-wordpress\/ -->\n<title>Kirchgemeindezentrum | Hintergasse 2 \/ 8320 Fehraltorf - Architekturforum Z\u00fcrcher Oberland<\/title>\n<meta name=\"robots\" content=\"index, follow, max-snippet:-1, max-image-preview:large, max-video-preview:-1\" \/>\n<link rel=\"canonical\" href=\"https:\/\/afzo.ch\/wp\/kirchgemeindezentrum-hintergasse-2-8320-fehraltorf\/\" \/>\n<meta property=\"og:locale\" content=\"de_DE\" \/>\n<meta property=\"og:type\" content=\"article\" \/>\n<meta property=\"og:title\" content=\"Kirchgemeindezentrum | Hintergasse 2 \/ 8320 Fehraltorf - Architekturforum Z\u00fcrcher Oberland\" \/>\n<meta property=\"og:description\" content=\"&nbsp;&nbsp;&nbsp;&nbsp;&nbsp;&nbsp; Baubeschrieb Das neue Kirchgemeindezentrum liegt in direkter Nachbarschaft zur Kirche. Es befin-det sich in der Kernzone, im Bereich des Gestaltungsplans Dorfkern. Als Ersatzbau f\u00fcr ein historisches Doppelwohnhaus mit Scheune unter grossem, gemeinsamem Sat-teldach hatte es das Erscheinungsbild in La-ge, Grundfl\u00e4che und Schnitt beizubehalten. Im Erdgeschoss, mit dem Hauptzugang vom bestehenden Vorplatz an der Hintergasse &hellip; Mehr \u00fcber &quot;Kirchgemeindezentrum | Hintergasse 2 \/ 8320 Fehraltorf&quot; Lesen\" \/>\n<meta property=\"og:url\" content=\"https:\/\/afzo.ch\/wp\/kirchgemeindezentrum-hintergasse-2-8320-fehraltorf\/\" \/>\n<meta property=\"og:site_name\" content=\"Architekturforum Z\u00fcrcher Oberland\" \/>\n<meta property=\"article:published_time\" content=\"2025-11-01T09:01:56+00:00\" \/>\n<meta property=\"og:image\" content=\"http:\/\/afzo.ch\/wp\/wp-content\/uploads\/2025\/11\/02201307000.jpg\" \/>\n\t<meta property=\"og:image:width\" content=\"600\" \/>\n\t<meta property=\"og:image:height\" content=\"300\" \/>\n\t<meta property=\"og:image:type\" content=\"image\/jpeg\" \/>\n<meta name=\"author\" content=\"admin\" \/>\n<meta name=\"twitter:card\" content=\"summary_large_image\" \/>\n<meta name=\"twitter:label1\" content=\"Verfasst von\" \/>\n\t<meta name=\"twitter:data1\" content=\"admin\" \/>\n\t<meta name=\"twitter:label2\" content=\"Gesch\u00e4tzte Lesezeit\" \/>\n\t<meta name=\"twitter:data2\" content=\"1\u00a0Minute\" \/>\n<script type=\"application\/ld+json\" class=\"yoast-schema-graph\">{\"@context\":\"https:\\\/\\\/schema.org\",\"@graph\":[{\"@type\":\"Article\",\"@id\":\"https:\\\/\\\/afzo.ch\\\/wp\\\/kirchgemeindezentrum-hintergasse-2-8320-fehraltorf\\\/#article\",\"isPartOf\":{\"@id\":\"https:\\\/\\\/afzo.ch\\\/wp\\\/kirchgemeindezentrum-hintergasse-2-8320-fehraltorf\\\/\"},\"author\":{\"name\":\"admin\",\"@id\":\"https:\\\/\\\/afzo.ch\\\/wp\\\/#\\\/schema\\\/person\\\/95e5a63362ecd7409114715476fb9e75\"},\"headline\":\"Kirchgemeindezentrum | Hintergasse 2 \\\/ 8320 Fehraltorf\",\"datePublished\":\"2025-11-01T09:01:56+00:00\",\"mainEntityOfPage\":{\"@id\":\"https:\\\/\\\/afzo.ch\\\/wp\\\/kirchgemeindezentrum-hintergasse-2-8320-fehraltorf\\\/\"},\"wordCount\":219,\"publisher\":{\"@id\":\"https:\\\/\\\/afzo.ch\\\/wp\\\/#organization\"},\"image\":{\"@id\":\"https:\\\/\\\/afzo.ch\\\/wp\\\/kirchgemeindezentrum-hintergasse-2-8320-fehraltorf\\\/#primaryimage\"},\"thumbnailUrl\":\"https:\\\/\\\/i0.wp.com\\\/afzo.ch\\\/wp\\\/wp-content\\\/uploads\\\/2025\\\/11\\\/02201307000.jpg?fit=600%2C300&ssl=1\",\"articleSection\":[\"Baupreis\",\"\u00d6ffentliche Bauten\"],\"inLanguage\":\"de\"},{\"@type\":\"WebPage\",\"@id\":\"https:\\\/\\\/afzo.ch\\\/wp\\\/kirchgemeindezentrum-hintergasse-2-8320-fehraltorf\\\/\",\"url\":\"https:\\\/\\\/afzo.ch\\\/wp\\\/kirchgemeindezentrum-hintergasse-2-8320-fehraltorf\\\/\",\"name\":\"Kirchgemeindezentrum | Hintergasse 2 \\\/ 8320 Fehraltorf - Architekturforum Z\u00fcrcher Oberland\",\"isPartOf\":{\"@id\":\"https:\\\/\\\/afzo.ch\\\/wp\\\/#website\"},\"primaryImageOfPage\":{\"@id\":\"https:\\\/\\\/afzo.ch\\\/wp\\\/kirchgemeindezentrum-hintergasse-2-8320-fehraltorf\\\/#primaryimage\"},\"image\":{\"@id\":\"https:\\\/\\\/afzo.ch\\\/wp\\\/kirchgemeindezentrum-hintergasse-2-8320-fehraltorf\\\/#primaryimage\"},\"thumbnailUrl\":\"https:\\\/\\\/i0.wp.com\\\/afzo.ch\\\/wp\\\/wp-content\\\/uploads\\\/2025\\\/11\\\/02201307000.jpg?fit=600%2C300&ssl=1\",\"datePublished\":\"2025-11-01T09:01:56+00:00\",\"breadcrumb\":{\"@id\":\"https:\\\/\\\/afzo.ch\\\/wp\\\/kirchgemeindezentrum-hintergasse-2-8320-fehraltorf\\\/#breadcrumb\"},\"inLanguage\":\"de\",\"potentialAction\":[{\"@type\":\"ReadAction\",\"target\":[\"https:\\\/\\\/afzo.ch\\\/wp\\\/kirchgemeindezentrum-hintergasse-2-8320-fehraltorf\\\/\"]}]},{\"@type\":\"ImageObject\",\"inLanguage\":\"de\",\"@id\":\"https:\\\/\\\/afzo.ch\\\/wp\\\/kirchgemeindezentrum-hintergasse-2-8320-fehraltorf\\\/#primaryimage\",\"url\":\"https:\\\/\\\/i0.wp.com\\\/afzo.ch\\\/wp\\\/wp-content\\\/uploads\\\/2025\\\/11\\\/02201307000.jpg?fit=600%2C300&ssl=1\",\"contentUrl\":\"https:\\\/\\\/i0.wp.com\\\/afzo.ch\\\/wp\\\/wp-content\\\/uploads\\\/2025\\\/11\\\/02201307000.jpg?fit=600%2C300&ssl=1\",\"width\":600,\"height\":300},{\"@type\":\"BreadcrumbList\",\"@id\":\"https:\\\/\\\/afzo.ch\\\/wp\\\/kirchgemeindezentrum-hintergasse-2-8320-fehraltorf\\\/#breadcrumb\",\"itemListElement\":[{\"@type\":\"ListItem\",\"position\":1,\"name\":\"Startseite\",\"item\":\"https:\\\/\\\/afzo.ch\\\/wp\\\/\"},{\"@type\":\"ListItem\",\"position\":2,\"name\":\"Kirchgemeindezentrum | Hintergasse 2 \\\/ 8320 Fehraltorf\"}]},{\"@type\":\"WebSite\",\"@id\":\"https:\\\/\\\/afzo.ch\\\/wp\\\/#website\",\"url\":\"https:\\\/\\\/afzo.ch\\\/wp\\\/\",\"name\":\"Architekturforum Z\u00fcrcher Oberland\",\"description\":\"\",\"publisher\":{\"@id\":\"https:\\\/\\\/afzo.ch\\\/wp\\\/#organization\"},\"potentialAction\":[{\"@type\":\"SearchAction\",\"target\":{\"@type\":\"EntryPoint\",\"urlTemplate\":\"https:\\\/\\\/afzo.ch\\\/wp\\\/?s={search_term_string}\"},\"query-input\":{\"@type\":\"PropertyValueSpecification\",\"valueRequired\":true,\"valueName\":\"search_term_string\"}}],\"inLanguage\":\"de\"},{\"@type\":\"Organization\",\"@id\":\"https:\\\/\\\/afzo.ch\\\/wp\\\/#organization\",\"name\":\"Architekturforum Z\u00fcrcher Oberland\",\"url\":\"https:\\\/\\\/afzo.ch\\\/wp\\\/\",\"logo\":{\"@type\":\"ImageObject\",\"inLanguage\":\"de\",\"@id\":\"https:\\\/\\\/afzo.ch\\\/wp\\\/#\\\/schema\\\/logo\\\/image\\\/\",\"url\":\"https:\\\/\\\/i0.wp.com\\\/afzo.ch\\\/wp\\\/wp-content\\\/uploads\\\/2023\\\/09\\\/cropped-logo_afzo_white.png?fit=1619%2C306&ssl=1\",\"contentUrl\":\"https:\\\/\\\/i0.wp.com\\\/afzo.ch\\\/wp\\\/wp-content\\\/uploads\\\/2023\\\/09\\\/cropped-logo_afzo_white.png?fit=1619%2C306&ssl=1\",\"width\":1619,\"height\":306,\"caption\":\"Architekturforum Z\u00fcrcher Oberland\"},\"image\":{\"@id\":\"https:\\\/\\\/afzo.ch\\\/wp\\\/#\\\/schema\\\/logo\\\/image\\\/\"}},{\"@type\":\"Person\",\"@id\":\"https:\\\/\\\/afzo.ch\\\/wp\\\/#\\\/schema\\\/person\\\/95e5a63362ecd7409114715476fb9e75\",\"name\":\"admin\",\"image\":{\"@type\":\"ImageObject\",\"inLanguage\":\"de\",\"@id\":\"https:\\\/\\\/secure.gravatar.com\\\/avatar\\\/080a16143280f0b259f3a0ad237b3a3663a0de5273305a74456e42c79268cb1c?s=96&d=mm&r=g\",\"url\":\"https:\\\/\\\/secure.gravatar.com\\\/avatar\\\/080a16143280f0b259f3a0ad237b3a3663a0de5273305a74456e42c79268cb1c?s=96&d=mm&r=g\",\"contentUrl\":\"https:\\\/\\\/secure.gravatar.com\\\/avatar\\\/080a16143280f0b259f3a0ad237b3a3663a0de5273305a74456e42c79268cb1c?s=96&d=mm&r=g\",\"caption\":\"admin\"},\"sameAs\":[\"http:\\\/\\\/afzo.ch\\\/wp\"],\"url\":\"https:\\\/\\\/afzo.ch\\\/wp\\\/author\\\/werkteam_wt99\\\/\"}]}<\/script>\n<!-- \/ Yoast SEO plugin. -->","yoast_head_json":{"title":"Kirchgemeindezentrum | Hintergasse 2 \/ 8320 Fehraltorf - Architekturforum Z\u00fcrcher Oberland","robots":{"index":"index","follow":"follow","max-snippet":"max-snippet:-1","max-image-preview":"max-image-preview:large","max-video-preview":"max-video-preview:-1"},"canonical":"https:\/\/afzo.ch\/wp\/kirchgemeindezentrum-hintergasse-2-8320-fehraltorf\/","og_locale":"de_DE","og_type":"article","og_title":"Kirchgemeindezentrum | Hintergasse 2 \/ 8320 Fehraltorf - Architekturforum Z\u00fcrcher Oberland","og_description":"&nbsp;&nbsp;&nbsp;&nbsp;&nbsp;&nbsp; Baubeschrieb Das neue Kirchgemeindezentrum liegt in direkter Nachbarschaft zur Kirche. Es befin-det sich in der Kernzone, im Bereich des Gestaltungsplans Dorfkern. Als Ersatzbau f\u00fcr ein historisches Doppelwohnhaus mit Scheune unter grossem, gemeinsamem Sat-teldach hatte es das Erscheinungsbild in La-ge, Grundfl\u00e4che und Schnitt beizubehalten. Im Erdgeschoss, mit dem Hauptzugang vom bestehenden Vorplatz an der Hintergasse &hellip; Mehr \u00fcber \"Kirchgemeindezentrum | Hintergasse 2 \/ 8320 Fehraltorf\" Lesen","og_url":"https:\/\/afzo.ch\/wp\/kirchgemeindezentrum-hintergasse-2-8320-fehraltorf\/","og_site_name":"Architekturforum Z\u00fcrcher Oberland","article_published_time":"2025-11-01T09:01:56+00:00","og_image":[{"width":600,"height":300,"url":"http:\/\/afzo.ch\/wp\/wp-content\/uploads\/2025\/11\/02201307000.jpg","type":"image\/jpeg"}],"author":"admin","twitter_card":"summary_large_image","twitter_misc":{"Verfasst von":"admin","Gesch\u00e4tzte Lesezeit":"1\u00a0Minute"},"schema":{"@context":"https:\/\/schema.org","@graph":[{"@type":"Article","@id":"https:\/\/afzo.ch\/wp\/kirchgemeindezentrum-hintergasse-2-8320-fehraltorf\/#article","isPartOf":{"@id":"https:\/\/afzo.ch\/wp\/kirchgemeindezentrum-hintergasse-2-8320-fehraltorf\/"},"author":{"name":"admin","@id":"https:\/\/afzo.ch\/wp\/#\/schema\/person\/95e5a63362ecd7409114715476fb9e75"},"headline":"Kirchgemeindezentrum | Hintergasse 2 \/ 8320 Fehraltorf","datePublished":"2025-11-01T09:01:56+00:00","mainEntityOfPage":{"@id":"https:\/\/afzo.ch\/wp\/kirchgemeindezentrum-hintergasse-2-8320-fehraltorf\/"},"wordCount":219,"publisher":{"@id":"https:\/\/afzo.ch\/wp\/#organization"},"image":{"@id":"https:\/\/afzo.ch\/wp\/kirchgemeindezentrum-hintergasse-2-8320-fehraltorf\/#primaryimage"},"thumbnailUrl":"https:\/\/i0.wp.com\/afzo.ch\/wp\/wp-content\/uploads\/2025\/11\/02201307000.jpg?fit=600%2C300&ssl=1","articleSection":["Baupreis","\u00d6ffentliche Bauten"],"inLanguage":"de"},{"@type":"WebPage","@id":"https:\/\/afzo.ch\/wp\/kirchgemeindezentrum-hintergasse-2-8320-fehraltorf\/","url":"https:\/\/afzo.ch\/wp\/kirchgemeindezentrum-hintergasse-2-8320-fehraltorf\/","name":"Kirchgemeindezentrum | Hintergasse 2 \/ 8320 Fehraltorf - Architekturforum Z\u00fcrcher Oberland","isPartOf":{"@id":"https:\/\/afzo.ch\/wp\/#website"},"primaryImageOfPage":{"@id":"https:\/\/afzo.ch\/wp\/kirchgemeindezentrum-hintergasse-2-8320-fehraltorf\/#primaryimage"},"image":{"@id":"https:\/\/afzo.ch\/wp\/kirchgemeindezentrum-hintergasse-2-8320-fehraltorf\/#primaryimage"},"thumbnailUrl":"https:\/\/i0.wp.com\/afzo.ch\/wp\/wp-content\/uploads\/2025\/11\/02201307000.jpg?fit=600%2C300&ssl=1","datePublished":"2025-11-01T09:01:56+00:00","breadcrumb":{"@id":"https:\/\/afzo.ch\/wp\/kirchgemeindezentrum-hintergasse-2-8320-fehraltorf\/#breadcrumb"},"inLanguage":"de","potentialAction":[{"@type":"ReadAction","target":["https:\/\/afzo.ch\/wp\/kirchgemeindezentrum-hintergasse-2-8320-fehraltorf\/"]}]},{"@type":"ImageObject","inLanguage":"de","@id":"https:\/\/afzo.ch\/wp\/kirchgemeindezentrum-hintergasse-2-8320-fehraltorf\/#primaryimage","url":"https:\/\/i0.wp.com\/afzo.ch\/wp\/wp-content\/uploads\/2025\/11\/02201307000.jpg?fit=600%2C300&ssl=1","contentUrl":"https:\/\/i0.wp.com\/afzo.ch\/wp\/wp-content\/uploads\/2025\/11\/02201307000.jpg?fit=600%2C300&ssl=1","width":600,"height":300},{"@type":"BreadcrumbList","@id":"https:\/\/afzo.ch\/wp\/kirchgemeindezentrum-hintergasse-2-8320-fehraltorf\/#breadcrumb","itemListElement":[{"@type":"ListItem","position":1,"name":"Startseite","item":"https:\/\/afzo.ch\/wp\/"},{"@type":"ListItem","position":2,"name":"Kirchgemeindezentrum | Hintergasse 2 \/ 8320 Fehraltorf"}]},{"@type":"WebSite","@id":"https:\/\/afzo.ch\/wp\/#website","url":"https:\/\/afzo.ch\/wp\/","name":"Architekturforum Z\u00fcrcher Oberland","description":"","publisher":{"@id":"https:\/\/afzo.ch\/wp\/#organization"},"potentialAction":[{"@type":"SearchAction","target":{"@type":"EntryPoint","urlTemplate":"https:\/\/afzo.ch\/wp\/?s={search_term_string}"},"query-input":{"@type":"PropertyValueSpecification","valueRequired":true,"valueName":"search_term_string"}}],"inLanguage":"de"},{"@type":"Organization","@id":"https:\/\/afzo.ch\/wp\/#organization","name":"Architekturforum Z\u00fcrcher Oberland","url":"https:\/\/afzo.ch\/wp\/","logo":{"@type":"ImageObject","inLanguage":"de","@id":"https:\/\/afzo.ch\/wp\/#\/schema\/logo\/image\/","url":"https:\/\/i0.wp.com\/afzo.ch\/wp\/wp-content\/uploads\/2023\/09\/cropped-logo_afzo_white.png?fit=1619%2C306&ssl=1","contentUrl":"https:\/\/i0.wp.com\/afzo.ch\/wp\/wp-content\/uploads\/2023\/09\/cropped-logo_afzo_white.png?fit=1619%2C306&ssl=1","width":1619,"height":306,"caption":"Architekturforum Z\u00fcrcher Oberland"},"image":{"@id":"https:\/\/afzo.ch\/wp\/#\/schema\/logo\/image\/"}},{"@type":"Person","@id":"https:\/\/afzo.ch\/wp\/#\/schema\/person\/95e5a63362ecd7409114715476fb9e75","name":"admin","image":{"@type":"ImageObject","inLanguage":"de","@id":"https:\/\/secure.gravatar.com\/avatar\/080a16143280f0b259f3a0ad237b3a3663a0de5273305a74456e42c79268cb1c?s=96&d=mm&r=g","url":"https:\/\/secure.gravatar.com\/avatar\/080a16143280f0b259f3a0ad237b3a3663a0de5273305a74456e42c79268cb1c?s=96&d=mm&r=g","contentUrl":"https:\/\/secure.gravatar.com\/avatar\/080a16143280f0b259f3a0ad237b3a3663a0de5273305a74456e42c79268cb1c?s=96&d=mm&r=g","caption":"admin"},"sameAs":["http:\/\/afzo.ch\/wp"],"url":"https:\/\/afzo.ch\/wp\/author\/werkteam_wt99\/"}]}},"jetpack_sharing_enabled":true,"jetpack-related-posts":[{"id":1009,"url":"https:\/\/afzo.ch\/wp\/zentrum-kirchgasse-kirchgasse-8620-wetzikon\/","url_meta":{"origin":2455,"position":0},"title":"Zentrum Kirchgasse | Kirchgasse \/ 8620 Wetzikon","author":"admin","date":"November 1, 2025","format":false,"excerpt":"\u00a0\u00a0\u00a0\u00a0\u00a0\u00a0 Baubeschrieb Grosser Wohn-, Gesch\u00e4fts-, und Einkaufskomplex, mit 35 Wohnungen, COOP-Center, Einzelhandelsgesch\u00e4ften, B\u00fcros und Tiefgarage. \u00dcber dem zweigeschossigen Sockel erheben sich drei windfl\u00fcgelartig angeordnete flache Wohntrakte, welche im 2. Obergeschoss einen Hof bilden. Das Geb\u00e4ude ist \u00fcber einem rigorosen Raster entwickelt und ganz mit Sandstein verkleidet. Die grossz\u00fcgigen Wohnungen erhalten\u2026","rel":"","context":"In &quot;Baupreis&quot;","block_context":{"text":"Baupreis","link":"https:\/\/afzo.ch\/wp\/category\/baupreis\/"},"img":{"alt_text":"","src":"https:\/\/i0.wp.com\/afzo.ch\/wp\/wp-content\/uploads\/2025\/11\/02200507000.jpg?fit=600%2C300&ssl=1&resize=350%2C200","width":350,"height":200,"srcset":"https:\/\/i0.wp.com\/afzo.ch\/wp\/wp-content\/uploads\/2025\/11\/02200507000.jpg?fit=600%2C300&ssl=1&resize=350%2C200 1x, https:\/\/i0.wp.com\/afzo.ch\/wp\/wp-content\/uploads\/2025\/11\/02200507000.jpg?fit=600%2C300&ssl=1&resize=525%2C300 1.5x"},"classes":[]},{"id":1227,"url":"https:\/\/afzo.ch\/wp\/zentrum-kirchgasse-kirchgasse-8620-wetzikon-2\/","url_meta":{"origin":2455,"position":1},"title":"Zentrum Kirchgasse | Kirchgasse \/ 8620 Wetzikon","author":"admin","date":"November 1, 2025","format":false,"excerpt":"\u00a0\u00a0\u00a0\u00a0\u00a0\u00a0 Baubeschrieb Grosser Wohn-, Gesch\u00e4fts-, und Einkaufskomplex, mit 35 Wohnungen, COOP-Center, Einzelhandelsgesch\u00e4ften, B\u00fcros und Tiefgarage. \u00dcber dem zweigeschossigen Sockel erheben sich drei windfl\u00fcgelartig angeordnete flache Wohntrakte, welche im 2. Obergeschoss einen Hof bilden. Das Geb\u00e4ude ist \u00fcber einem rigorosen Raster entwickelt und ganz mit Sandstein verkleidet. Die grossz\u00fcgigen Wohnungen erhalten\u2026","rel":"","context":"In &quot;Baupreis&quot;","block_context":{"text":"Baupreis","link":"https:\/\/afzo.ch\/wp\/category\/baupreis\/"},"img":{"alt_text":"","src":"https:\/\/i0.wp.com\/afzo.ch\/wp\/wp-content\/uploads\/2025\/11\/02200507000.jpg?fit=600%2C300&ssl=1&resize=350%2C200","width":350,"height":200,"srcset":"https:\/\/i0.wp.com\/afzo.ch\/wp\/wp-content\/uploads\/2025\/11\/02200507000.jpg?fit=600%2C300&ssl=1&resize=350%2C200 1x, https:\/\/i0.wp.com\/afzo.ch\/wp\/wp-content\/uploads\/2025\/11\/02200507000.jpg?fit=600%2C300&ssl=1&resize=525%2C300 1.5x"},"classes":[]},{"id":1225,"url":"https:\/\/afzo.ch\/wp\/pfarreizentrum-gossau-chapfstrasse-25-8624-gossau\/","url_meta":{"origin":2455,"position":2},"title":"Pfarreizentrum Gossau | Chapfstrasse 25 \/ 8624 Gossau","author":"admin","date":"November 1, 2025","format":false,"excerpt":"\u00a0\u00a0\u00a0\u00a0\u00a0\u00a0 Baubeschrieb Dem kleinen, eindr\u00fccklichen und skulpturhaften Kirchengeb\u00e4ude (1958) von Architekt Fritz Metzger (1898\u20131973) wurde ein neues Pfarreizentrum gegen\u00fcbergestellt. Dieses umfasst neben einer Wohnung, B\u00fcros und Sitzungszimmer einen unterteilbaren Gemeindesaal mit K\u00fcche sowie mehrere Jugendr\u00e4ume. Der Massivbau mit polygonalem Grundriss ist mit schwarzgrauem Naturschiefer verkleidet und weist leicht nach innen\u2026","rel":"","context":"In &quot;Baupreis&quot;","block_context":{"text":"Baupreis","link":"https:\/\/afzo.ch\/wp\/category\/baupreis\/"},"img":{"alt_text":"","src":"https:\/\/i0.wp.com\/afzo.ch\/wp\/wp-content\/uploads\/2025\/11\/02200504000.jpg?fit=600%2C300&ssl=1&resize=350%2C200","width":350,"height":200,"srcset":"https:\/\/i0.wp.com\/afzo.ch\/wp\/wp-content\/uploads\/2025\/11\/02200504000.jpg?fit=600%2C300&ssl=1&resize=350%2C200 1x, https:\/\/i0.wp.com\/afzo.ch\/wp\/wp-content\/uploads\/2025\/11\/02200504000.jpg?fit=600%2C300&ssl=1&resize=525%2C300 1.5x"},"classes":[]},{"id":2438,"url":"https:\/\/afzo.ch\/wp\/freiraum-zentrum-leue-alte-landstrasse-8708-maennedorf\/","url_meta":{"origin":2455,"position":3},"title":"Freiraum Zentrum Leue | Alte Landstrasse  \/  8708 M\u00e4nnedorf","author":"admin","date":"November 1, 2025","format":false,"excerpt":"\u00a0\u00a0\u00a0\u00a0\u00a0\u00a0 Baubeschrieb Das Zentrum Leue besteht aus drei freistehenden Geb\u00e4udetrakten mit je eigenem Charakter: Dem Gemeindesaal, dem Evangelisch-reformierten Kirchgemeindehaus, sowie einem Gesch\u00e4ftshaus mit Detailhandel, B\u00fcror\u00e4umen und Wohnungen. Diese drei Einheiten sind verbunden durch eine umfassende, gegen S\u00fcden abgetreppte Freiraumgestaltung. Die mit einer alleeartigen Baumbepflanzung vereinheitlichte Alte Landstrasse bildet dabei das\u2026","rel":"","context":"In &quot;Baupreis&quot;","block_context":{"text":"Baupreis","link":"https:\/\/afzo.ch\/wp\/category\/baupreis\/"},"img":{"alt_text":"","src":"https:\/\/i0.wp.com\/afzo.ch\/wp\/wp-content\/uploads\/2025\/11\/02201601000.jpg?fit=600%2C300&ssl=1&resize=350%2C200","width":350,"height":200,"srcset":"https:\/\/i0.wp.com\/afzo.ch\/wp\/wp-content\/uploads\/2025\/11\/02201601000.jpg?fit=600%2C300&ssl=1&resize=350%2C200 1x, https:\/\/i0.wp.com\/afzo.ch\/wp\/wp-content\/uploads\/2025\/11\/02201601000.jpg?fit=600%2C300&ssl=1&resize=525%2C300 1.5x"},"classes":[]},{"id":1195,"url":"https:\/\/afzo.ch\/wp\/gruenanlage-am-bakisateich-feldhofstrasse-8610-uster\/","url_meta":{"origin":2455,"position":4},"title":"Gr\u00fcnanlage am Bakisateich | Feldhofstrasse \/ 8610 Uster","author":"admin","date":"November 1, 2025","format":false,"excerpt":"\u00a0\u00a0\u00a0\u00a0\u00a0\u00a0 Baubeschrieb Die Gr\u00fcnanlage mit Wasserfl\u00e4che ist ein erster Schritt der \u00fcbergeordneten Planung \u00abVision Gries\u00bb. Dieses Konzept f\u00fcr die bauliche Entwicklung des Zentrums von Volketswil erstreckt sich von der Zentralstrasse (Zentralschulhaus, Wallberg) \u00fcber die zentral gelegenen, noch unbebauten Fl\u00e4chen hin zum Kultur- und Sportzentrum und zur Oberlandautobahn. Neben einem \u00f6ffentlichen\u2026","rel":"","context":"In &quot;Baupreis&quot;","block_context":{"text":"Baupreis","link":"https:\/\/afzo.ch\/wp\/category\/baupreis\/"},"img":{"alt_text":"","src":"https:\/\/i0.wp.com\/afzo.ch\/wp\/wp-content\/uploads\/2025\/11\/02200501000.jpg?fit=600%2C300&ssl=1&resize=350%2C200","width":350,"height":200,"srcset":"https:\/\/i0.wp.com\/afzo.ch\/wp\/wp-content\/uploads\/2025\/11\/02200501000.jpg?fit=600%2C300&ssl=1&resize=350%2C200 1x, https:\/\/i0.wp.com\/afzo.ch\/wp\/wp-content\/uploads\/2025\/11\/02200501000.jpg?fit=600%2C300&ssl=1&resize=525%2C300 1.5x"},"classes":[]},{"id":1001,"url":"https:\/\/afzo.ch\/wp\/wohn-und-geschaeftshaus-bahnhofstrasse-177-8620-wetzikon\/","url_meta":{"origin":2455,"position":5},"title":"Wohn- und Gesch\u00e4ftshaus | Bahnhofstrasse 177 \/ 8620 Wetzikon","author":"admin","date":"November 1, 2025","format":false,"excerpt":"\u00a0\u00a0\u00a0\u00a0\u00a0\u00a0 Baubeschrieb An prominenter Lage im Zentrum von Wetzikon gelegenes, insgesamt 7-geschossiges Wohn- und Gesch\u00e4ftshaus mit einer Ladenfl\u00e4che im Erdgeschoss und 15 Wohneinheiten in den oberen Geschossen. Frei stehender, allseitig auf die Grenzabst\u00e4nde geplanter Solit\u00e4rbau mit h\u00f6chster Optimierung der Ausn\u00fctzung durch allseitige Erkerausbildung in den Normalgeschossen und die Ausbildung von\u2026","rel":"","context":"In &quot;Baupreis&quot;","block_context":{"text":"Baupreis","link":"https:\/\/afzo.ch\/wp\/category\/baupreis\/"},"img":{"alt_text":"","src":"https:\/\/i0.wp.com\/afzo.ch\/wp\/wp-content\/uploads\/2025\/11\/02201005000.jpg?fit=600%2C300&ssl=1&resize=350%2C200","width":350,"height":200,"srcset":"https:\/\/i0.wp.com\/afzo.ch\/wp\/wp-content\/uploads\/2025\/11\/02201005000.jpg?fit=600%2C300&ssl=1&resize=350%2C200 1x, https:\/\/i0.wp.com\/afzo.ch\/wp\/wp-content\/uploads\/2025\/11\/02201005000.jpg?fit=600%2C300&ssl=1&resize=525%2C300 1.5x"},"classes":[]}],"jetpack_featured_media_url":"https:\/\/i0.wp.com\/afzo.ch\/wp\/wp-content\/uploads\/2025\/11\/02201307000.jpg?fit=600%2C300&ssl=1","_links":{"self":[{"href":"https:\/\/afzo.ch\/wp\/wp-json\/wp\/v2\/posts\/2455","targetHints":{"allow":["GET"]}}],"collection":[{"href":"https:\/\/afzo.ch\/wp\/wp-json\/wp\/v2\/posts"}],"about":[{"href":"https:\/\/afzo.ch\/wp\/wp-json\/wp\/v2\/types\/post"}],"author":[{"embeddable":true,"href":"https:\/\/afzo.ch\/wp\/wp-json\/wp\/v2\/users\/1"}],"replies":[{"embeddable":true,"href":"https:\/\/afzo.ch\/wp\/wp-json\/wp\/v2\/comments?post=2455"}],"version-history":[{"count":1,"href":"https:\/\/afzo.ch\/wp\/wp-json\/wp\/v2\/posts\/2455\/revisions"}],"predecessor-version":[{"id":2535,"href":"https:\/\/afzo.ch\/wp\/wp-json\/wp\/v2\/posts\/2455\/revisions\/2535"}],"wp:featuredmedia":[{"embeddable":true,"href":"https:\/\/afzo.ch\/wp\/wp-json\/wp\/v2\/media\/2536"}],"wp:attachment":[{"href":"https:\/\/afzo.ch\/wp\/wp-json\/wp\/v2\/media?parent=2455"}],"wp:term":[{"taxonomy":"category","embeddable":true,"href":"https:\/\/afzo.ch\/wp\/wp-json\/wp\/v2\/categories?post=2455"},{"taxonomy":"post_tag","embeddable":true,"href":"https:\/\/afzo.ch\/wp\/wp-json\/wp\/v2\/tags?post=2455"}],"curies":[{"name":"wp","href":"https:\/\/api.w.org\/{rel}","templated":true}]}}