{"id":1007,"date":"2025-11-01T08:46:47","date_gmt":"2025-11-01T08:46:47","guid":{"rendered":"https:\/\/afzo.ch\/wp\/einfamilienhaus-im-lenz-im-lenz-8340-hinwil\/"},"modified":"2025-11-01T08:46:47","modified_gmt":"2025-11-01T08:46:47","slug":"einfamilienhaus-im-lenz-im-lenz-8340-hinwil","status":"publish","type":"post","link":"https:\/\/afzo.ch\/wp\/einfamilienhaus-im-lenz-im-lenz-8340-hinwil\/","title":{"rendered":"Einfamilienhaus im Lenz | Im Lenz  \/  8340 Hinwil"},"content":{"rendered":"<p style=\"text-align: left;\"><a href=\"http:\/\/maps.google.ch\/maps?f=q&amp;source=s_q&amp;hl=de&amp;geocode=&amp;q=47.29681,8.843431&amp;sll=46.362093,9.036255&amp;sspn=5.481358,8.514404&amp;ie=UTF8&amp;z=13\" target=\"_blank\"><img decoding=\"async\" src=\"..\/..\/button_lageplan.jpg\" width=\"250\"\/><\/a>&nbsp;&nbsp;&nbsp;&nbsp;&nbsp;&nbsp;<a href=\"..\/..\/images.html?http:\/\/www.afzo.ch\/baupreis\/2007\/03200705.xml\" onclick=\"window.open(this.href, 'width=100%,resizable,scrollbars,toolbar,menubar') ;return false;\"> <img decoding=\"async\" src=\"..\/..\/button_bilder.jpg\" width=\"250\"\/><\/a><\/p>\n<p style=\"text-align: left;\">\n\t\t\t\t<strong>Baubeschrieb<\/strong><\/p>\n<p style=\"margin-top:0.3em\">Kleines Einfamilienhaus mit rhombischer Grundfl\u00e4che, bestehend aus einem Untergeschoss mit Garage und Nebenr\u00e4umen, einem Schlafgeschoss mit vier Zimmern und Nasszellen sowie einem grossz\u00fcgigen Wohnbereich mit K\u00fcche im Dachgeschoss. \u00dcber dem massiven, talseitig freistehenden Untergeschoss tragen gemauerte Innenw\u00e4nde die frei auskragende Betondecke des Erdgeschosses. \u00dcber dieses statische Ger\u00fcst ist die Geb\u00e4udeh\u00fclle als vorfabrizierter Leichtbau in Holzbauweise gest\u00fclpt, wobei der Dachraum als v\u00f6llig freitragendes Fl\u00e4chenfaltwerk ausgebildet ist. Die hinterl\u00fcfteten Holzwerkstoffplatten der Fassaden- und Dachfl\u00e4chen sind homogen mit roten Kunststoffdichtungsbahnen belegt.<\/p>\n<p>\n\t\t\t\t<strong>W\u00fcrdigung<\/strong><\/p>\n<p style=\"margin-top:0.3em\">Das kleine Geb\u00e4ude steht als Solit\u00e4r auf einem knappen Restgrundst\u00fcck im uneinheitlich \u00fcberbauten Einfamilienhausquartier. Die mehrfach geknickten Fassaden- und Dachfl\u00e4chen und die fl\u00e4chenb\u00fcndigen grossen Fenster in freier Setzung unterstreichen zusammen mit der sozusagen nahtlos von den W\u00e4nden in die Dachfl\u00e4chen \u00fcbergehenden roten Fassadenbekleidung das Objekt- und Skulpturhafte des Hauses. Die grob strukturierten, lackierten Holzwerkstoffplatten im roh gehaltenen Innenausbau kontrastieren bewusst mit der ungewohnt glatten Aussenhaut des Geb\u00e4udes. Der st\u00fctzenfrei ausgebildete grosse Wohnbereich mit einem frei eingestellten K\u00fcchenelement unter der fl\u00e4chigen, interessant gefalteten Dachfl\u00e4che \u00fcber einer rhombischen Grundfl\u00e4che ist nicht nur aufregend Umgebung sch\u00f6n, sondern auch ausgesprochen wohnlich.<\/p><\/p>\n","protected":false},"excerpt":{"rendered":"<p>&nbsp;&nbsp;&nbsp;&nbsp;&nbsp;&nbsp; Baubeschrieb Kleines Einfamilienhaus mit rhombischer Grundfl\u00e4che, bestehend aus einem Untergeschoss mit Garage und Nebenr\u00e4umen, einem Schlafgeschoss mit vier Zimmern und Nasszellen sowie einem grossz\u00fcgigen Wohnbereich mit K\u00fcche im Dachgeschoss. \u00dcber dem massiven, talseitig freistehenden Untergeschoss tragen gemauerte Innenw\u00e4nde die frei auskragende Betondecke des Erdgeschosses. \u00dcber dieses statische Ger\u00fcst ist die Geb\u00e4udeh\u00fclle als vorfabrizierter Leichtbau &hellip; <\/p>\n<p class=\"link-more\"><a href=\"https:\/\/afzo.ch\/wp\/einfamilienhaus-im-lenz-im-lenz-8340-hinwil\/\" class=\"more-link\">Mehr <span class=\"screen-reader-text\">\u00fcber &#8222;Einfamilienhaus im Lenz | Im Lenz  \/  8340 Hinwil&#8220; <\/span>Lesen<\/a><\/p>\n","protected":false},"author":1,"featured_media":2495,"comment_status":"closed","ping_status":"closed","sticky":false,"template":"","format":"standard","meta":{"om_disable_all_campaigns":false,"_monsterinsights_skip_tracking":false,"_jetpack_newsletter_access":"","_jetpack_dont_email_post_to_subs":false,"_jetpack_newsletter_tier_id":0,"_jetpack_memberships_contains_paywalled_content":false,"_jetpack_feature_clip_id":0,"_jetpack_memberships_contains_paid_content":false,"footnotes":"","jetpack_post_was_ever_published":false},"categories":[20,21],"tags":[],"class_list":["post-1007","post","type-post","status-publish","format-standard","has-post-thumbnail","hentry","category-baupreis","category-wohnanlagen"],"aioseo_notices":[],"aioseo_head":"\n\t\t<!-- All in One SEO 5.0.0.1 - aioseo.com -->\n\t<meta name=\"description\" content=\"Baubeschrieb Kleines Einfamilienhaus mit rhombischer Grundfl\u00e4che, bestehend aus einem Untergeschoss mit Garage und Nebenr\u00e4umen, einem Schlafgeschoss mit vier Zimmern und Nasszellen sowie einem grossz\u00fcgigen Wohnbereich mit K\u00fcche im Dachgeschoss. \u00dcber dem massiven, talseitig freistehenden Untergeschoss tragen gemauerte Innenw\u00e4nde die frei auskragende Betondecke des Erdgeschosses. \u00dcber dieses statische Ger\u00fcst ist die Geb\u00e4udeh\u00fclle als vorfabrizierter Leichtbau\" \/>\n\t<meta name=\"robots\" content=\"max-image-preview:large\" \/>\n\t<meta name=\"author\" content=\"admin\"\/>\n\t<link rel=\"canonical\" href=\"https:\/\/afzo.ch\/wp\/einfamilienhaus-im-lenz-im-lenz-8340-hinwil\/\" \/>\n\t<meta name=\"generator\" content=\"All in One SEO (AIOSEO) 5.0.0.1\" \/>\n\t\t<meta property=\"og:locale\" content=\"de_DE\" \/>\n\t\t<meta property=\"og:site_name\" content=\"Architekturforum Z\u00fcrcher Oberland -\" \/>\n\t\t<meta property=\"og:type\" content=\"article\" \/>\n\t\t<meta property=\"og:title\" content=\"Einfamilienhaus im Lenz | Im Lenz \/ 8340 Hinwil - Architekturforum Z\u00fcrcher Oberland\" \/>\n\t\t<meta property=\"og:description\" content=\"Baubeschrieb Kleines Einfamilienhaus mit rhombischer Grundfl\u00e4che, bestehend aus einem Untergeschoss mit Garage und Nebenr\u00e4umen, einem Schlafgeschoss mit vier Zimmern und Nasszellen sowie einem grossz\u00fcgigen Wohnbereich mit K\u00fcche im Dachgeschoss. \u00dcber dem massiven, talseitig freistehenden Untergeschoss tragen gemauerte Innenw\u00e4nde die frei auskragende Betondecke des Erdgeschosses. \u00dcber dieses statische Ger\u00fcst ist die Geb\u00e4udeh\u00fclle als vorfabrizierter Leichtbau\" \/>\n\t\t<meta property=\"og:url\" content=\"https:\/\/afzo.ch\/wp\/einfamilienhaus-im-lenz-im-lenz-8340-hinwil\/\" \/>\n\t\t<meta property=\"og:image\" content=\"https:\/\/i0.wp.com\/afzo.ch\/wp\/wp-content\/uploads\/2023\/09\/cropped-logo_afzo_white.png?fit=1619%2C306&#038;ssl=1\" \/>\n\t\t<meta property=\"og:image:secure_url\" content=\"https:\/\/i0.wp.com\/afzo.ch\/wp\/wp-content\/uploads\/2023\/09\/cropped-logo_afzo_white.png?fit=1619%2C306&#038;ssl=1\" \/>\n\t\t<meta property=\"article:published_time\" content=\"2025-11-01T08:46:47+00:00\" \/>\n\t\t<meta property=\"article:modified_time\" content=\"2025-11-01T08:46:47+00:00\" \/>\n\t\t<meta name=\"twitter:card\" content=\"summary_large_image\" \/>\n\t\t<meta name=\"twitter:title\" content=\"Einfamilienhaus im Lenz | Im Lenz \/ 8340 Hinwil - Architekturforum Z\u00fcrcher Oberland\" \/>\n\t\t<meta name=\"twitter:description\" content=\"Baubeschrieb Kleines Einfamilienhaus mit rhombischer Grundfl\u00e4che, bestehend aus einem Untergeschoss mit Garage und Nebenr\u00e4umen, einem Schlafgeschoss mit vier Zimmern und Nasszellen sowie einem grossz\u00fcgigen Wohnbereich mit K\u00fcche im Dachgeschoss. \u00dcber dem massiven, talseitig freistehenden Untergeschoss tragen gemauerte Innenw\u00e4nde die frei auskragende Betondecke des Erdgeschosses. \u00dcber dieses statische Ger\u00fcst ist die Geb\u00e4udeh\u00fclle als vorfabrizierter Leichtbau\" \/>\n\t\t<meta name=\"twitter:image\" content=\"https:\/\/i0.wp.com\/afzo.ch\/wp\/wp-content\/uploads\/2023\/09\/cropped-logo_afzo_white.png?fit=1619%2C306&amp;ssl=1\" \/>\n\t\t<script type=\"application\/ld+json\" class=\"aioseo-schema\">\n\t\t\t{\"@context\":\"https:\\\/\\\/schema.org\",\"@graph\":[{\"@type\":\"BlogPosting\",\"@id\":\"https:\\\/\\\/afzo.ch\\\/wp\\\/einfamilienhaus-im-lenz-im-lenz-8340-hinwil\\\/#blogposting\",\"name\":\"Einfamilienhaus im Lenz | Im Lenz \\\/ 8340 Hinwil - Architekturforum Z\\u00fcrcher Oberland\",\"headline\":\"Einfamilienhaus im Lenz | Im Lenz  \\\/  8340 Hinwil\",\"author\":{\"@id\":\"https:\\\/\\\/afzo.ch\\\/wp\\\/author\\\/werkteam_wt99\\\/#author\"},\"publisher\":{\"@id\":\"https:\\\/\\\/afzo.ch\\\/wp\\\/#organization\"},\"image\":{\"@type\":\"ImageObject\",\"url\":\"https:\\\/\\\/i0.wp.com\\\/afzo.ch\\\/wp\\\/wp-content\\\/uploads\\\/2025\\\/11\\\/02200705000.jpg?fit=600%2C300&ssl=1\",\"width\":600,\"height\":300},\"datePublished\":\"2025-11-01T08:46:47+00:00\",\"dateModified\":\"2025-11-01T08:46:47+00:00\",\"inLanguage\":\"de-DE\",\"mainEntityOfPage\":{\"@id\":\"https:\\\/\\\/afzo.ch\\\/wp\\\/einfamilienhaus-im-lenz-im-lenz-8340-hinwil\\\/#webpage\"},\"isPartOf\":{\"@id\":\"https:\\\/\\\/afzo.ch\\\/wp\\\/einfamilienhaus-im-lenz-im-lenz-8340-hinwil\\\/#webpage\"},\"articleSection\":\"Baupreis, Wohnanlagen\"},{\"@type\":\"BreadcrumbList\",\"@id\":\"https:\\\/\\\/afzo.ch\\\/wp\\\/einfamilienhaus-im-lenz-im-lenz-8340-hinwil\\\/#breadcrumblist\",\"itemListElement\":[{\"@type\":\"ListItem\",\"@id\":\"https:\\\/\\\/afzo.ch\\\/wp#listItem\",\"position\":1,\"name\":\"Home\",\"item\":\"https:\\\/\\\/afzo.ch\\\/wp\",\"nextItem\":{\"@type\":\"ListItem\",\"@id\":\"https:\\\/\\\/afzo.ch\\\/wp\\\/category\\\/baupreis\\\/#listItem\",\"name\":\"Baupreis\"}},{\"@type\":\"ListItem\",\"@id\":\"https:\\\/\\\/afzo.ch\\\/wp\\\/category\\\/baupreis\\\/#listItem\",\"position\":2,\"name\":\"Baupreis\",\"item\":\"https:\\\/\\\/afzo.ch\\\/wp\\\/category\\\/baupreis\\\/\",\"nextItem\":{\"@type\":\"ListItem\",\"@id\":\"https:\\\/\\\/afzo.ch\\\/wp\\\/einfamilienhaus-im-lenz-im-lenz-8340-hinwil\\\/#listItem\",\"name\":\"Einfamilienhaus im Lenz | Im Lenz  \\\/  8340 Hinwil\"},\"previousItem\":{\"@type\":\"ListItem\",\"@id\":\"https:\\\/\\\/afzo.ch\\\/wp#listItem\",\"name\":\"Home\"}},{\"@type\":\"ListItem\",\"@id\":\"https:\\\/\\\/afzo.ch\\\/wp\\\/einfamilienhaus-im-lenz-im-lenz-8340-hinwil\\\/#listItem\",\"position\":3,\"name\":\"Einfamilienhaus im Lenz | Im Lenz  \\\/  8340 Hinwil\",\"previousItem\":{\"@type\":\"ListItem\",\"@id\":\"https:\\\/\\\/afzo.ch\\\/wp\\\/category\\\/baupreis\\\/#listItem\",\"name\":\"Baupreis\"}}]},{\"@type\":\"Organization\",\"@id\":\"https:\\\/\\\/afzo.ch\\\/wp\\\/#organization\",\"name\":\"werkteam architekten ag\",\"url\":\"https:\\\/\\\/afzo.ch\\\/wp\\\/\",\"telephone\":\"+41449974525\",\"logo\":{\"@type\":\"ImageObject\",\"url\":\"https:\\\/\\\/i0.wp.com\\\/afzo.ch\\\/wp\\\/wp-content\\\/uploads\\\/2022\\\/12\\\/werkteam_logo.png?fit=1500%2C176&ssl=1\",\"@id\":\"https:\\\/\\\/afzo.ch\\\/wp\\\/einfamilienhaus-im-lenz-im-lenz-8340-hinwil\\\/#organizationLogo\",\"width\":1500,\"height\":176},\"image\":{\"@id\":\"https:\\\/\\\/afzo.ch\\\/wp\\\/einfamilienhaus-im-lenz-im-lenz-8340-hinwil\\\/#organizationLogo\"}},{\"@type\":\"Person\",\"@id\":\"https:\\\/\\\/afzo.ch\\\/wp\\\/author\\\/werkteam_wt99\\\/#author\",\"url\":\"https:\\\/\\\/afzo.ch\\\/wp\\\/author\\\/werkteam_wt99\\\/\",\"name\":\"admin\",\"image\":{\"@type\":\"ImageObject\",\"@id\":\"https:\\\/\\\/afzo.ch\\\/wp\\\/einfamilienhaus-im-lenz-im-lenz-8340-hinwil\\\/#authorImage\",\"url\":\"https:\\\/\\\/secure.gravatar.com\\\/avatar\\\/080a16143280f0b259f3a0ad237b3a3663a0de5273305a74456e42c79268cb1c?s=96&d=mm&r=g\",\"width\":96,\"height\":96,\"caption\":\"admin\"}},{\"@type\":\"WebPage\",\"@id\":\"https:\\\/\\\/afzo.ch\\\/wp\\\/einfamilienhaus-im-lenz-im-lenz-8340-hinwil\\\/#webpage\",\"url\":\"https:\\\/\\\/afzo.ch\\\/wp\\\/einfamilienhaus-im-lenz-im-lenz-8340-hinwil\\\/\",\"name\":\"Einfamilienhaus im Lenz | Im Lenz \\\/ 8340 Hinwil - Architekturforum Z\\u00fcrcher Oberland\",\"description\":\"Baubeschrieb Kleines Einfamilienhaus mit rhombischer Grundfl\\u00e4che, bestehend aus einem Untergeschoss mit Garage und Nebenr\\u00e4umen, einem Schlafgeschoss mit vier Zimmern und Nasszellen sowie einem grossz\\u00fcgigen Wohnbereich mit K\\u00fcche im Dachgeschoss. \\u00dcber dem massiven, talseitig freistehenden Untergeschoss tragen gemauerte Innenw\\u00e4nde die frei auskragende Betondecke des Erdgeschosses. \\u00dcber dieses statische Ger\\u00fcst ist die Geb\\u00e4udeh\\u00fclle als vorfabrizierter Leichtbau\",\"inLanguage\":\"de-DE\",\"isPartOf\":{\"@id\":\"https:\\\/\\\/afzo.ch\\\/wp\\\/#website\"},\"breadcrumb\":{\"@id\":\"https:\\\/\\\/afzo.ch\\\/wp\\\/einfamilienhaus-im-lenz-im-lenz-8340-hinwil\\\/#breadcrumblist\"},\"author\":{\"@id\":\"https:\\\/\\\/afzo.ch\\\/wp\\\/author\\\/werkteam_wt99\\\/#author\"},\"creator\":{\"@id\":\"https:\\\/\\\/afzo.ch\\\/wp\\\/author\\\/werkteam_wt99\\\/#author\"},\"image\":{\"@type\":\"ImageObject\",\"url\":\"https:\\\/\\\/i0.wp.com\\\/afzo.ch\\\/wp\\\/wp-content\\\/uploads\\\/2025\\\/11\\\/02200705000.jpg?fit=600%2C300&ssl=1\",\"@id\":\"https:\\\/\\\/afzo.ch\\\/wp\\\/einfamilienhaus-im-lenz-im-lenz-8340-hinwil\\\/#mainImage\",\"width\":600,\"height\":300},\"primaryImageOfPage\":{\"@id\":\"https:\\\/\\\/afzo.ch\\\/wp\\\/einfamilienhaus-im-lenz-im-lenz-8340-hinwil\\\/#mainImage\"},\"datePublished\":\"2025-11-01T08:46:47+00:00\",\"dateModified\":\"2025-11-01T08:46:47+00:00\"},{\"@type\":\"WebSite\",\"@id\":\"https:\\\/\\\/afzo.ch\\\/wp\\\/#website\",\"url\":\"https:\\\/\\\/afzo.ch\\\/wp\\\/\",\"name\":\"werkteam architekten ag\",\"inLanguage\":\"de-DE\",\"publisher\":{\"@id\":\"https:\\\/\\\/afzo.ch\\\/wp\\\/#organization\"}}]}\n\t\t<\/script>\n\t\t<!-- All in One SEO -->\n\n","aioseo_head_json":{"title":"Einfamilienhaus im Lenz | Im Lenz \/ 8340 Hinwil - Architekturforum Z\u00fcrcher Oberland","description":"Baubeschrieb Kleines Einfamilienhaus mit rhombischer Grundfl\u00e4che, bestehend aus einem Untergeschoss mit Garage und Nebenr\u00e4umen, einem Schlafgeschoss mit vier Zimmern und Nasszellen sowie einem grossz\u00fcgigen Wohnbereich mit K\u00fcche im Dachgeschoss. \u00dcber dem massiven, talseitig freistehenden Untergeschoss tragen gemauerte Innenw\u00e4nde die frei auskragende Betondecke des Erdgeschosses. \u00dcber dieses statische Ger\u00fcst ist die Geb\u00e4udeh\u00fclle als vorfabrizierter Leichtbau","canonical_url":"https:\/\/afzo.ch\/wp\/einfamilienhaus-im-lenz-im-lenz-8340-hinwil\/","robots":"max-image-preview:large","keywords":"","webmasterTools":{"miscellaneous":""},"schema":{"@context":"https:\/\/schema.org","@graph":[{"@type":"BlogPosting","@id":"https:\/\/afzo.ch\/wp\/einfamilienhaus-im-lenz-im-lenz-8340-hinwil\/#blogposting","name":"Einfamilienhaus im Lenz | Im Lenz \/ 8340 Hinwil - Architekturforum Z\u00fcrcher Oberland","headline":"Einfamilienhaus im Lenz | Im Lenz  \/  8340 Hinwil","author":{"@id":"https:\/\/afzo.ch\/wp\/author\/werkteam_wt99\/#author"},"publisher":{"@id":"https:\/\/afzo.ch\/wp\/#organization"},"image":{"@type":"ImageObject","url":"https:\/\/i0.wp.com\/afzo.ch\/wp\/wp-content\/uploads\/2025\/11\/02200705000.jpg?fit=600%2C300&ssl=1","width":600,"height":300},"datePublished":"2025-11-01T08:46:47+00:00","dateModified":"2025-11-01T08:46:47+00:00","inLanguage":"de-DE","mainEntityOfPage":{"@id":"https:\/\/afzo.ch\/wp\/einfamilienhaus-im-lenz-im-lenz-8340-hinwil\/#webpage"},"isPartOf":{"@id":"https:\/\/afzo.ch\/wp\/einfamilienhaus-im-lenz-im-lenz-8340-hinwil\/#webpage"},"articleSection":"Baupreis, Wohnanlagen"},{"@type":"BreadcrumbList","@id":"https:\/\/afzo.ch\/wp\/einfamilienhaus-im-lenz-im-lenz-8340-hinwil\/#breadcrumblist","itemListElement":[{"@type":"ListItem","@id":"https:\/\/afzo.ch\/wp#listItem","position":1,"name":"Home","item":"https:\/\/afzo.ch\/wp","nextItem":{"@type":"ListItem","@id":"https:\/\/afzo.ch\/wp\/category\/baupreis\/#listItem","name":"Baupreis"}},{"@type":"ListItem","@id":"https:\/\/afzo.ch\/wp\/category\/baupreis\/#listItem","position":2,"name":"Baupreis","item":"https:\/\/afzo.ch\/wp\/category\/baupreis\/","nextItem":{"@type":"ListItem","@id":"https:\/\/afzo.ch\/wp\/einfamilienhaus-im-lenz-im-lenz-8340-hinwil\/#listItem","name":"Einfamilienhaus im Lenz | Im Lenz  \/  8340 Hinwil"},"previousItem":{"@type":"ListItem","@id":"https:\/\/afzo.ch\/wp#listItem","name":"Home"}},{"@type":"ListItem","@id":"https:\/\/afzo.ch\/wp\/einfamilienhaus-im-lenz-im-lenz-8340-hinwil\/#listItem","position":3,"name":"Einfamilienhaus im Lenz | Im Lenz  \/  8340 Hinwil","previousItem":{"@type":"ListItem","@id":"https:\/\/afzo.ch\/wp\/category\/baupreis\/#listItem","name":"Baupreis"}}]},{"@type":"Organization","@id":"https:\/\/afzo.ch\/wp\/#organization","name":"werkteam architekten ag","url":"https:\/\/afzo.ch\/wp\/","telephone":"+41449974525","logo":{"@type":"ImageObject","url":"https:\/\/i0.wp.com\/afzo.ch\/wp\/wp-content\/uploads\/2022\/12\/werkteam_logo.png?fit=1500%2C176&ssl=1","@id":"https:\/\/afzo.ch\/wp\/einfamilienhaus-im-lenz-im-lenz-8340-hinwil\/#organizationLogo","width":1500,"height":176},"image":{"@id":"https:\/\/afzo.ch\/wp\/einfamilienhaus-im-lenz-im-lenz-8340-hinwil\/#organizationLogo"}},{"@type":"Person","@id":"https:\/\/afzo.ch\/wp\/author\/werkteam_wt99\/#author","url":"https:\/\/afzo.ch\/wp\/author\/werkteam_wt99\/","name":"admin","image":{"@type":"ImageObject","@id":"https:\/\/afzo.ch\/wp\/einfamilienhaus-im-lenz-im-lenz-8340-hinwil\/#authorImage","url":"https:\/\/secure.gravatar.com\/avatar\/080a16143280f0b259f3a0ad237b3a3663a0de5273305a74456e42c79268cb1c?s=96&d=mm&r=g","width":96,"height":96,"caption":"admin"}},{"@type":"WebPage","@id":"https:\/\/afzo.ch\/wp\/einfamilienhaus-im-lenz-im-lenz-8340-hinwil\/#webpage","url":"https:\/\/afzo.ch\/wp\/einfamilienhaus-im-lenz-im-lenz-8340-hinwil\/","name":"Einfamilienhaus im Lenz | Im Lenz \/ 8340 Hinwil - Architekturforum Z\u00fcrcher Oberland","description":"Baubeschrieb Kleines Einfamilienhaus mit rhombischer Grundfl\u00e4che, bestehend aus einem Untergeschoss mit Garage und Nebenr\u00e4umen, einem Schlafgeschoss mit vier Zimmern und Nasszellen sowie einem grossz\u00fcgigen Wohnbereich mit K\u00fcche im Dachgeschoss. \u00dcber dem massiven, talseitig freistehenden Untergeschoss tragen gemauerte Innenw\u00e4nde die frei auskragende Betondecke des Erdgeschosses. \u00dcber dieses statische Ger\u00fcst ist die Geb\u00e4udeh\u00fclle als vorfabrizierter Leichtbau","inLanguage":"de-DE","isPartOf":{"@id":"https:\/\/afzo.ch\/wp\/#website"},"breadcrumb":{"@id":"https:\/\/afzo.ch\/wp\/einfamilienhaus-im-lenz-im-lenz-8340-hinwil\/#breadcrumblist"},"author":{"@id":"https:\/\/afzo.ch\/wp\/author\/werkteam_wt99\/#author"},"creator":{"@id":"https:\/\/afzo.ch\/wp\/author\/werkteam_wt99\/#author"},"image":{"@type":"ImageObject","url":"https:\/\/i0.wp.com\/afzo.ch\/wp\/wp-content\/uploads\/2025\/11\/02200705000.jpg?fit=600%2C300&ssl=1","@id":"https:\/\/afzo.ch\/wp\/einfamilienhaus-im-lenz-im-lenz-8340-hinwil\/#mainImage","width":600,"height":300},"primaryImageOfPage":{"@id":"https:\/\/afzo.ch\/wp\/einfamilienhaus-im-lenz-im-lenz-8340-hinwil\/#mainImage"},"datePublished":"2025-11-01T08:46:47+00:00","dateModified":"2025-11-01T08:46:47+00:00"},{"@type":"WebSite","@id":"https:\/\/afzo.ch\/wp\/#website","url":"https:\/\/afzo.ch\/wp\/","name":"werkteam architekten ag","inLanguage":"de-DE","publisher":{"@id":"https:\/\/afzo.ch\/wp\/#organization"}}]},"og:locale":"de_DE","og:site_name":"Architekturforum Z\u00fcrcher Oberland -","og:type":"article","og:title":"Einfamilienhaus im Lenz | Im Lenz \/ 8340 Hinwil - Architekturforum Z\u00fcrcher Oberland","og:description":"Baubeschrieb Kleines Einfamilienhaus mit rhombischer Grundfl\u00e4che, bestehend aus einem Untergeschoss mit Garage und Nebenr\u00e4umen, einem Schlafgeschoss mit vier Zimmern und Nasszellen sowie einem grossz\u00fcgigen Wohnbereich mit K\u00fcche im Dachgeschoss. \u00dcber dem massiven, talseitig freistehenden Untergeschoss tragen gemauerte Innenw\u00e4nde die frei auskragende Betondecke des Erdgeschosses. \u00dcber dieses statische Ger\u00fcst ist die Geb\u00e4udeh\u00fclle als vorfabrizierter Leichtbau","og:url":"https:\/\/afzo.ch\/wp\/einfamilienhaus-im-lenz-im-lenz-8340-hinwil\/","og:image":"https:\/\/i0.wp.com\/afzo.ch\/wp\/wp-content\/uploads\/2023\/09\/cropped-logo_afzo_white.png?fit=1619%2C306&#038;ssl=1","og:image:secure_url":"https:\/\/i0.wp.com\/afzo.ch\/wp\/wp-content\/uploads\/2023\/09\/cropped-logo_afzo_white.png?fit=1619%2C306&#038;ssl=1","article:published_time":"2025-11-01T08:46:47+00:00","article:modified_time":"2025-11-01T08:46:47+00:00","twitter:card":"summary_large_image","twitter:title":"Einfamilienhaus im Lenz | Im Lenz \/ 8340 Hinwil - Architekturforum Z\u00fcrcher Oberland","twitter:description":"Baubeschrieb Kleines Einfamilienhaus mit rhombischer Grundfl\u00e4che, bestehend aus einem Untergeschoss mit Garage und Nebenr\u00e4umen, einem Schlafgeschoss mit vier Zimmern und Nasszellen sowie einem grossz\u00fcgigen Wohnbereich mit K\u00fcche im Dachgeschoss. \u00dcber dem massiven, talseitig freistehenden Untergeschoss tragen gemauerte Innenw\u00e4nde die frei auskragende Betondecke des Erdgeschosses. \u00dcber dieses statische Ger\u00fcst ist die Geb\u00e4udeh\u00fclle als vorfabrizierter Leichtbau","twitter:image":"https:\/\/i0.wp.com\/afzo.ch\/wp\/wp-content\/uploads\/2023\/09\/cropped-logo_afzo_white.png?fit=1619%2C306&ssl=1"},"aioseo_meta_data":{"post_id":"1007","title":null,"description":null,"keywords":null,"keyphrases":null,"primary_term":null,"canonical_url":null,"og_title":null,"og_description":null,"og_object_type":"default","og_image_type":"default","og_image_url":null,"og_image_width":null,"og_image_height":null,"og_image_custom_url":null,"og_image_custom_fields":null,"og_video":null,"og_custom_url":null,"og_article_section":null,"og_article_tags":null,"twitter_use_og":false,"twitter_card":"default","twitter_image_type":"default","twitter_image_url":null,"twitter_image_custom_url":null,"twitter_image_custom_fields":null,"twitter_title":null,"twitter_description":null,"schema":{"blockGraphs":[],"customGraphs":[],"default":{"data":{"Article":[],"Course":[],"Dataset":[],"FAQPage":[],"Movie":[],"Person":[],"Product":[],"ProductReview":[],"Car":[],"Recipe":[],"Service":[],"SoftwareApplication":[],"WebPage":[]},"graphName":"","isEnabled":true},"graphs":[]},"schema_type":"default","schema_type_options":null,"pillar_content":false,"robots_default":true,"robots_noindex":false,"robots_noarchive":false,"robots_nosnippet":false,"robots_nofollow":false,"robots_noimageindex":false,"robots_noodp":false,"robots_notranslate":false,"robots_max_snippet":null,"robots_max_videopreview":null,"robots_max_imagepreview":"large","priority":null,"frequency":null,"local_seo":null,"breadcrumb_settings":null,"limit_modified_date":false,"ai":null,"created":"2025-08-24 09:15:55","updated":"2025-11-01 09:10:00","focus_keyword":null,"additional_keywords":null,"truseo_locale":null,"seo_analyzer_scan_date":null},"aioseo_breadcrumb":"<div class=\"aioseo-breadcrumbs\"><span class=\"aioseo-breadcrumb\">\n\t\t\t<a href=\"https:\/\/afzo.ch\/wp\" title=\"Home\">Home<\/a>\n\t\t<\/span><span class=\"aioseo-breadcrumb-separator\">&raquo;<\/span><span class=\"aioseo-breadcrumb\">\n\t\t\t<a href=\"https:\/\/afzo.ch\/wp\/category\/baupreis\/\" title=\"Baupreis\">Baupreis<\/a>\n\t\t<\/span><span class=\"aioseo-breadcrumb-separator\">&raquo;<\/span><span class=\"aioseo-breadcrumb\">\n\t\t\tEinfamilienhaus im Lenz | Im Lenz  \/  8340 Hinwil\n\t\t<\/span><\/div>","aioseo_breadcrumb_json":[{"label":"Home","link":"https:\/\/afzo.ch\/wp"},{"label":"Baupreis","link":"https:\/\/afzo.ch\/wp\/category\/baupreis\/"},{"label":"Einfamilienhaus im Lenz | Im Lenz  \/  8340 Hinwil","link":"https:\/\/afzo.ch\/wp\/einfamilienhaus-im-lenz-im-lenz-8340-hinwil\/"}],"yoast_head":"<!-- This site is optimized with the Yoast SEO plugin v28.2 - https:\/\/yoast.com\/product\/yoast-seo-wordpress\/ -->\n<title>Einfamilienhaus im Lenz | Im Lenz \/ 8340 Hinwil - Architekturforum Z\u00fcrcher Oberland<\/title>\n<meta name=\"robots\" content=\"index, follow, max-snippet:-1, max-image-preview:large, max-video-preview:-1\" \/>\n<link rel=\"canonical\" href=\"https:\/\/afzo.ch\/wp\/einfamilienhaus-im-lenz-im-lenz-8340-hinwil\/\" \/>\n<meta property=\"og:locale\" content=\"de_DE\" \/>\n<meta property=\"og:type\" content=\"article\" \/>\n<meta property=\"og:title\" content=\"Einfamilienhaus im Lenz | Im Lenz \/ 8340 Hinwil - Architekturforum Z\u00fcrcher Oberland\" \/>\n<meta property=\"og:description\" content=\"&nbsp;&nbsp;&nbsp;&nbsp;&nbsp;&nbsp; Baubeschrieb Kleines Einfamilienhaus mit rhombischer Grundfl\u00e4che, bestehend aus einem Untergeschoss mit Garage und Nebenr\u00e4umen, einem Schlafgeschoss mit vier Zimmern und Nasszellen sowie einem grossz\u00fcgigen Wohnbereich mit K\u00fcche im Dachgeschoss. \u00dcber dem massiven, talseitig freistehenden Untergeschoss tragen gemauerte Innenw\u00e4nde die frei auskragende Betondecke des Erdgeschosses. \u00dcber dieses statische Ger\u00fcst ist die Geb\u00e4udeh\u00fclle als vorfabrizierter Leichtbau &hellip; Mehr \u00fcber &quot;Einfamilienhaus im Lenz | Im Lenz \/ 8340 Hinwil&quot; Lesen\" \/>\n<meta property=\"og:url\" content=\"https:\/\/afzo.ch\/wp\/einfamilienhaus-im-lenz-im-lenz-8340-hinwil\/\" \/>\n<meta property=\"og:site_name\" content=\"Architekturforum Z\u00fcrcher Oberland\" \/>\n<meta property=\"article:published_time\" content=\"2025-11-01T08:46:47+00:00\" \/>\n<meta property=\"og:image\" content=\"http:\/\/afzo.ch\/wp\/wp-content\/uploads\/2025\/11\/02200705000.jpg\" \/>\n\t<meta property=\"og:image:width\" content=\"600\" \/>\n\t<meta property=\"og:image:height\" content=\"300\" \/>\n\t<meta property=\"og:image:type\" content=\"image\/jpeg\" \/>\n<meta name=\"author\" content=\"admin\" \/>\n<meta name=\"twitter:card\" content=\"summary_large_image\" \/>\n<meta name=\"twitter:label1\" content=\"Verfasst von\" \/>\n\t<meta name=\"twitter:data1\" content=\"admin\" \/>\n\t<meta name=\"twitter:label2\" content=\"Gesch\u00e4tzte Lesezeit\" \/>\n\t<meta name=\"twitter:data2\" content=\"1\u00a0Minute\" \/>\n<script type=\"application\/ld+json\" class=\"yoast-schema-graph\">{\"@context\":\"https:\\\/\\\/schema.org\",\"@graph\":[{\"@type\":\"Article\",\"@id\":\"https:\\\/\\\/afzo.ch\\\/wp\\\/einfamilienhaus-im-lenz-im-lenz-8340-hinwil\\\/#article\",\"isPartOf\":{\"@id\":\"https:\\\/\\\/afzo.ch\\\/wp\\\/einfamilienhaus-im-lenz-im-lenz-8340-hinwil\\\/\"},\"author\":{\"name\":\"admin\",\"@id\":\"https:\\\/\\\/afzo.ch\\\/wp\\\/#\\\/schema\\\/person\\\/95e5a63362ecd7409114715476fb9e75\"},\"headline\":\"Einfamilienhaus im Lenz | Im Lenz \\\/ 8340 Hinwil\",\"datePublished\":\"2025-11-01T08:46:47+00:00\",\"mainEntityOfPage\":{\"@id\":\"https:\\\/\\\/afzo.ch\\\/wp\\\/einfamilienhaus-im-lenz-im-lenz-8340-hinwil\\\/\"},\"wordCount\":218,\"publisher\":{\"@id\":\"https:\\\/\\\/afzo.ch\\\/wp\\\/#organization\"},\"image\":{\"@id\":\"https:\\\/\\\/afzo.ch\\\/wp\\\/einfamilienhaus-im-lenz-im-lenz-8340-hinwil\\\/#primaryimage\"},\"thumbnailUrl\":\"https:\\\/\\\/i0.wp.com\\\/afzo.ch\\\/wp\\\/wp-content\\\/uploads\\\/2025\\\/11\\\/02200705000.jpg?fit=600%2C300&ssl=1\",\"articleSection\":[\"Baupreis\",\"Wohnanlagen\"],\"inLanguage\":\"de\"},{\"@type\":\"WebPage\",\"@id\":\"https:\\\/\\\/afzo.ch\\\/wp\\\/einfamilienhaus-im-lenz-im-lenz-8340-hinwil\\\/\",\"url\":\"https:\\\/\\\/afzo.ch\\\/wp\\\/einfamilienhaus-im-lenz-im-lenz-8340-hinwil\\\/\",\"name\":\"Einfamilienhaus im Lenz | Im Lenz \\\/ 8340 Hinwil - Architekturforum Z\u00fcrcher Oberland\",\"isPartOf\":{\"@id\":\"https:\\\/\\\/afzo.ch\\\/wp\\\/#website\"},\"primaryImageOfPage\":{\"@id\":\"https:\\\/\\\/afzo.ch\\\/wp\\\/einfamilienhaus-im-lenz-im-lenz-8340-hinwil\\\/#primaryimage\"},\"image\":{\"@id\":\"https:\\\/\\\/afzo.ch\\\/wp\\\/einfamilienhaus-im-lenz-im-lenz-8340-hinwil\\\/#primaryimage\"},\"thumbnailUrl\":\"https:\\\/\\\/i0.wp.com\\\/afzo.ch\\\/wp\\\/wp-content\\\/uploads\\\/2025\\\/11\\\/02200705000.jpg?fit=600%2C300&ssl=1\",\"datePublished\":\"2025-11-01T08:46:47+00:00\",\"breadcrumb\":{\"@id\":\"https:\\\/\\\/afzo.ch\\\/wp\\\/einfamilienhaus-im-lenz-im-lenz-8340-hinwil\\\/#breadcrumb\"},\"inLanguage\":\"de\",\"potentialAction\":[{\"@type\":\"ReadAction\",\"target\":[\"https:\\\/\\\/afzo.ch\\\/wp\\\/einfamilienhaus-im-lenz-im-lenz-8340-hinwil\\\/\"]}]},{\"@type\":\"ImageObject\",\"inLanguage\":\"de\",\"@id\":\"https:\\\/\\\/afzo.ch\\\/wp\\\/einfamilienhaus-im-lenz-im-lenz-8340-hinwil\\\/#primaryimage\",\"url\":\"https:\\\/\\\/i0.wp.com\\\/afzo.ch\\\/wp\\\/wp-content\\\/uploads\\\/2025\\\/11\\\/02200705000.jpg?fit=600%2C300&ssl=1\",\"contentUrl\":\"https:\\\/\\\/i0.wp.com\\\/afzo.ch\\\/wp\\\/wp-content\\\/uploads\\\/2025\\\/11\\\/02200705000.jpg?fit=600%2C300&ssl=1\",\"width\":600,\"height\":300},{\"@type\":\"BreadcrumbList\",\"@id\":\"https:\\\/\\\/afzo.ch\\\/wp\\\/einfamilienhaus-im-lenz-im-lenz-8340-hinwil\\\/#breadcrumb\",\"itemListElement\":[{\"@type\":\"ListItem\",\"position\":1,\"name\":\"Startseite\",\"item\":\"https:\\\/\\\/afzo.ch\\\/wp\\\/\"},{\"@type\":\"ListItem\",\"position\":2,\"name\":\"Einfamilienhaus im Lenz | Im Lenz \\\/ 8340 Hinwil\"}]},{\"@type\":\"WebSite\",\"@id\":\"https:\\\/\\\/afzo.ch\\\/wp\\\/#website\",\"url\":\"https:\\\/\\\/afzo.ch\\\/wp\\\/\",\"name\":\"Architekturforum Z\u00fcrcher Oberland\",\"description\":\"\",\"publisher\":{\"@id\":\"https:\\\/\\\/afzo.ch\\\/wp\\\/#organization\"},\"potentialAction\":[{\"@type\":\"SearchAction\",\"target\":{\"@type\":\"EntryPoint\",\"urlTemplate\":\"https:\\\/\\\/afzo.ch\\\/wp\\\/?s={search_term_string}\"},\"query-input\":{\"@type\":\"PropertyValueSpecification\",\"valueRequired\":true,\"valueName\":\"search_term_string\"}}],\"inLanguage\":\"de\"},{\"@type\":\"Organization\",\"@id\":\"https:\\\/\\\/afzo.ch\\\/wp\\\/#organization\",\"name\":\"Architekturforum Z\u00fcrcher Oberland\",\"url\":\"https:\\\/\\\/afzo.ch\\\/wp\\\/\",\"logo\":{\"@type\":\"ImageObject\",\"inLanguage\":\"de\",\"@id\":\"https:\\\/\\\/afzo.ch\\\/wp\\\/#\\\/schema\\\/logo\\\/image\\\/\",\"url\":\"https:\\\/\\\/i0.wp.com\\\/afzo.ch\\\/wp\\\/wp-content\\\/uploads\\\/2023\\\/09\\\/cropped-logo_afzo_white.png?fit=1619%2C306&ssl=1\",\"contentUrl\":\"https:\\\/\\\/i0.wp.com\\\/afzo.ch\\\/wp\\\/wp-content\\\/uploads\\\/2023\\\/09\\\/cropped-logo_afzo_white.png?fit=1619%2C306&ssl=1\",\"width\":1619,\"height\":306,\"caption\":\"Architekturforum Z\u00fcrcher Oberland\"},\"image\":{\"@id\":\"https:\\\/\\\/afzo.ch\\\/wp\\\/#\\\/schema\\\/logo\\\/image\\\/\"}},{\"@type\":\"Person\",\"@id\":\"https:\\\/\\\/afzo.ch\\\/wp\\\/#\\\/schema\\\/person\\\/95e5a63362ecd7409114715476fb9e75\",\"name\":\"admin\",\"image\":{\"@type\":\"ImageObject\",\"inLanguage\":\"de\",\"@id\":\"https:\\\/\\\/secure.gravatar.com\\\/avatar\\\/080a16143280f0b259f3a0ad237b3a3663a0de5273305a74456e42c79268cb1c?s=96&d=mm&r=g\",\"url\":\"https:\\\/\\\/secure.gravatar.com\\\/avatar\\\/080a16143280f0b259f3a0ad237b3a3663a0de5273305a74456e42c79268cb1c?s=96&d=mm&r=g\",\"contentUrl\":\"https:\\\/\\\/secure.gravatar.com\\\/avatar\\\/080a16143280f0b259f3a0ad237b3a3663a0de5273305a74456e42c79268cb1c?s=96&d=mm&r=g\",\"caption\":\"admin\"},\"sameAs\":[\"http:\\\/\\\/afzo.ch\\\/wp\"],\"url\":\"https:\\\/\\\/afzo.ch\\\/wp\\\/author\\\/werkteam_wt99\\\/\"}]}<\/script>\n<!-- \/ Yoast SEO plugin. -->","yoast_head_json":{"title":"Einfamilienhaus im Lenz | Im Lenz \/ 8340 Hinwil - Architekturforum Z\u00fcrcher Oberland","robots":{"index":"index","follow":"follow","max-snippet":"max-snippet:-1","max-image-preview":"max-image-preview:large","max-video-preview":"max-video-preview:-1"},"canonical":"https:\/\/afzo.ch\/wp\/einfamilienhaus-im-lenz-im-lenz-8340-hinwil\/","og_locale":"de_DE","og_type":"article","og_title":"Einfamilienhaus im Lenz | Im Lenz \/ 8340 Hinwil - Architekturforum Z\u00fcrcher Oberland","og_description":"&nbsp;&nbsp;&nbsp;&nbsp;&nbsp;&nbsp; Baubeschrieb Kleines Einfamilienhaus mit rhombischer Grundfl\u00e4che, bestehend aus einem Untergeschoss mit Garage und Nebenr\u00e4umen, einem Schlafgeschoss mit vier Zimmern und Nasszellen sowie einem grossz\u00fcgigen Wohnbereich mit K\u00fcche im Dachgeschoss. \u00dcber dem massiven, talseitig freistehenden Untergeschoss tragen gemauerte Innenw\u00e4nde die frei auskragende Betondecke des Erdgeschosses. \u00dcber dieses statische Ger\u00fcst ist die Geb\u00e4udeh\u00fclle als vorfabrizierter Leichtbau &hellip; Mehr \u00fcber \"Einfamilienhaus im Lenz | Im Lenz \/ 8340 Hinwil\" Lesen","og_url":"https:\/\/afzo.ch\/wp\/einfamilienhaus-im-lenz-im-lenz-8340-hinwil\/","og_site_name":"Architekturforum Z\u00fcrcher Oberland","article_published_time":"2025-11-01T08:46:47+00:00","og_image":[{"width":600,"height":300,"url":"http:\/\/afzo.ch\/wp\/wp-content\/uploads\/2025\/11\/02200705000.jpg","type":"image\/jpeg"}],"author":"admin","twitter_card":"summary_large_image","twitter_misc":{"Verfasst von":"admin","Gesch\u00e4tzte Lesezeit":"1\u00a0Minute"},"schema":{"@context":"https:\/\/schema.org","@graph":[{"@type":"Article","@id":"https:\/\/afzo.ch\/wp\/einfamilienhaus-im-lenz-im-lenz-8340-hinwil\/#article","isPartOf":{"@id":"https:\/\/afzo.ch\/wp\/einfamilienhaus-im-lenz-im-lenz-8340-hinwil\/"},"author":{"name":"admin","@id":"https:\/\/afzo.ch\/wp\/#\/schema\/person\/95e5a63362ecd7409114715476fb9e75"},"headline":"Einfamilienhaus im Lenz | Im Lenz \/ 8340 Hinwil","datePublished":"2025-11-01T08:46:47+00:00","mainEntityOfPage":{"@id":"https:\/\/afzo.ch\/wp\/einfamilienhaus-im-lenz-im-lenz-8340-hinwil\/"},"wordCount":218,"publisher":{"@id":"https:\/\/afzo.ch\/wp\/#organization"},"image":{"@id":"https:\/\/afzo.ch\/wp\/einfamilienhaus-im-lenz-im-lenz-8340-hinwil\/#primaryimage"},"thumbnailUrl":"https:\/\/i0.wp.com\/afzo.ch\/wp\/wp-content\/uploads\/2025\/11\/02200705000.jpg?fit=600%2C300&ssl=1","articleSection":["Baupreis","Wohnanlagen"],"inLanguage":"de"},{"@type":"WebPage","@id":"https:\/\/afzo.ch\/wp\/einfamilienhaus-im-lenz-im-lenz-8340-hinwil\/","url":"https:\/\/afzo.ch\/wp\/einfamilienhaus-im-lenz-im-lenz-8340-hinwil\/","name":"Einfamilienhaus im Lenz | Im Lenz \/ 8340 Hinwil - Architekturforum Z\u00fcrcher Oberland","isPartOf":{"@id":"https:\/\/afzo.ch\/wp\/#website"},"primaryImageOfPage":{"@id":"https:\/\/afzo.ch\/wp\/einfamilienhaus-im-lenz-im-lenz-8340-hinwil\/#primaryimage"},"image":{"@id":"https:\/\/afzo.ch\/wp\/einfamilienhaus-im-lenz-im-lenz-8340-hinwil\/#primaryimage"},"thumbnailUrl":"https:\/\/i0.wp.com\/afzo.ch\/wp\/wp-content\/uploads\/2025\/11\/02200705000.jpg?fit=600%2C300&ssl=1","datePublished":"2025-11-01T08:46:47+00:00","breadcrumb":{"@id":"https:\/\/afzo.ch\/wp\/einfamilienhaus-im-lenz-im-lenz-8340-hinwil\/#breadcrumb"},"inLanguage":"de","potentialAction":[{"@type":"ReadAction","target":["https:\/\/afzo.ch\/wp\/einfamilienhaus-im-lenz-im-lenz-8340-hinwil\/"]}]},{"@type":"ImageObject","inLanguage":"de","@id":"https:\/\/afzo.ch\/wp\/einfamilienhaus-im-lenz-im-lenz-8340-hinwil\/#primaryimage","url":"https:\/\/i0.wp.com\/afzo.ch\/wp\/wp-content\/uploads\/2025\/11\/02200705000.jpg?fit=600%2C300&ssl=1","contentUrl":"https:\/\/i0.wp.com\/afzo.ch\/wp\/wp-content\/uploads\/2025\/11\/02200705000.jpg?fit=600%2C300&ssl=1","width":600,"height":300},{"@type":"BreadcrumbList","@id":"https:\/\/afzo.ch\/wp\/einfamilienhaus-im-lenz-im-lenz-8340-hinwil\/#breadcrumb","itemListElement":[{"@type":"ListItem","position":1,"name":"Startseite","item":"https:\/\/afzo.ch\/wp\/"},{"@type":"ListItem","position":2,"name":"Einfamilienhaus im Lenz | Im Lenz \/ 8340 Hinwil"}]},{"@type":"WebSite","@id":"https:\/\/afzo.ch\/wp\/#website","url":"https:\/\/afzo.ch\/wp\/","name":"Architekturforum Z\u00fcrcher Oberland","description":"","publisher":{"@id":"https:\/\/afzo.ch\/wp\/#organization"},"potentialAction":[{"@type":"SearchAction","target":{"@type":"EntryPoint","urlTemplate":"https:\/\/afzo.ch\/wp\/?s={search_term_string}"},"query-input":{"@type":"PropertyValueSpecification","valueRequired":true,"valueName":"search_term_string"}}],"inLanguage":"de"},{"@type":"Organization","@id":"https:\/\/afzo.ch\/wp\/#organization","name":"Architekturforum Z\u00fcrcher Oberland","url":"https:\/\/afzo.ch\/wp\/","logo":{"@type":"ImageObject","inLanguage":"de","@id":"https:\/\/afzo.ch\/wp\/#\/schema\/logo\/image\/","url":"https:\/\/i0.wp.com\/afzo.ch\/wp\/wp-content\/uploads\/2023\/09\/cropped-logo_afzo_white.png?fit=1619%2C306&ssl=1","contentUrl":"https:\/\/i0.wp.com\/afzo.ch\/wp\/wp-content\/uploads\/2023\/09\/cropped-logo_afzo_white.png?fit=1619%2C306&ssl=1","width":1619,"height":306,"caption":"Architekturforum Z\u00fcrcher Oberland"},"image":{"@id":"https:\/\/afzo.ch\/wp\/#\/schema\/logo\/image\/"}},{"@type":"Person","@id":"https:\/\/afzo.ch\/wp\/#\/schema\/person\/95e5a63362ecd7409114715476fb9e75","name":"admin","image":{"@type":"ImageObject","inLanguage":"de","@id":"https:\/\/secure.gravatar.com\/avatar\/080a16143280f0b259f3a0ad237b3a3663a0de5273305a74456e42c79268cb1c?s=96&d=mm&r=g","url":"https:\/\/secure.gravatar.com\/avatar\/080a16143280f0b259f3a0ad237b3a3663a0de5273305a74456e42c79268cb1c?s=96&d=mm&r=g","contentUrl":"https:\/\/secure.gravatar.com\/avatar\/080a16143280f0b259f3a0ad237b3a3663a0de5273305a74456e42c79268cb1c?s=96&d=mm&r=g","caption":"admin"},"sameAs":["http:\/\/afzo.ch\/wp"],"url":"https:\/\/afzo.ch\/wp\/author\/werkteam_wt99\/"}]}},"jetpack_sharing_enabled":true,"jetpack-related-posts":[{"id":1023,"url":"https:\/\/afzo.ch\/wp\/einfamilienhaus-bergholzstrasse-4-8330-pfaeffikon\/","url_meta":{"origin":1007,"position":0},"title":"Einfamilienhaus | Bergholzstrasse 4 \/ 8330 Pf\u00e4ffikon","author":"admin","date":"November 1, 2025","format":false,"excerpt":"\u00a0\u00a0\u00a0\u00a0\u00a0\u00a0 Baubeschrieb Eingeschossiges, nur teilweise unterkellertes Einfamilienhaus in Holzst\u00e4nderbauweise \u00fcbereinem Betonsockel. \u00d6kologische Bauweiseund Minergiestandard mit W\u00e4rmepumpe und Erdregister. Betont minimale Eingriffe in die bestehendeGel\u00e4ndeform. W\u00fcrdigung Am obersten Rand des Siedlungsgebietes steht der Bauk\u00f6rper leicht und scheinbarohne sie zu ber\u00fchren auf einer grossen, gegen S\u00fcden abfallenden Wiese. Die lang gezogene, schwach\u2026","rel":"","context":"In &quot;Baupreis&quot;","block_context":{"text":"Baupreis","link":"https:\/\/afzo.ch\/wp\/category\/baupreis\/"},"img":{"alt_text":"","src":"https:\/\/i0.wp.com\/afzo.ch\/wp\/wp-content\/uploads\/2025\/11\/02200312000.jpg?fit=600%2C300&ssl=1&resize=350%2C200","width":350,"height":200,"srcset":"https:\/\/i0.wp.com\/afzo.ch\/wp\/wp-content\/uploads\/2025\/11\/02200312000.jpg?fit=600%2C300&ssl=1&resize=350%2C200 1x, https:\/\/i0.wp.com\/afzo.ch\/wp\/wp-content\/uploads\/2025\/11\/02200312000.jpg?fit=600%2C300&ssl=1&resize=525%2C300 1.5x"},"classes":[]},{"id":1027,"url":"https:\/\/afzo.ch\/wp\/einfamilienhaus-pfarrwiese-11-8489-wildberg\/","url_meta":{"origin":1007,"position":1},"title":"Einfamilienhaus | Pfarrwiese 11 \/ 8489 Wildberg","author":"admin","date":"November 1, 2025","format":false,"excerpt":"\u00a0\u00a0\u00a0\u00a0\u00a0\u00a0 Baubeschrieb Zweigeschossiges, teilweise unterkellertes Einfamilienhaus in Holzelementbau. Kchherdzentralheizung mit Speicher. W\u00e4rmed\u00e4mmung im Niedrigenergie-Standard. Einfaches typisiertes Fassadensystem mit raumhohen Fenster und Schiebel\u00e4den. W\u00fcrdigung Eine ausserordentlichklare kubische und formale Gestaltung zeichnet dieses Objekt aus. Konsequent \u00f6konomischer Bauk\u00f6rper mit \u00fcberzeugend typisiertem Konzept. Strenges, jedoch infolge der verschiebbaren L\u00e4den trotzdem spielerisches und interessantes\u2026","rel":"","context":"In &quot;Baupreis&quot;","block_context":{"text":"Baupreis","link":"https:\/\/afzo.ch\/wp\/category\/baupreis\/"},"img":{"alt_text":"","src":"https:\/\/i0.wp.com\/afzo.ch\/wp\/wp-content\/uploads\/2025\/11\/02200103000.jpg?fit=600%2C300&ssl=1&resize=350%2C200","width":350,"height":200,"srcset":"https:\/\/i0.wp.com\/afzo.ch\/wp\/wp-content\/uploads\/2025\/11\/02200103000.jpg?fit=600%2C300&ssl=1&resize=350%2C200 1x, https:\/\/i0.wp.com\/afzo.ch\/wp\/wp-content\/uploads\/2025\/11\/02200103000.jpg?fit=600%2C300&ssl=1&resize=525%2C300 1.5x"},"classes":[]},{"id":983,"url":"https:\/\/afzo.ch\/wp\/mehrfamilienhaus-claridapark-claridapark-8636-wald\/","url_meta":{"origin":1007,"position":2},"title":"Mehrfamilienhaus Claridapark | Claridapark \/ 8636 Wald","author":"admin","date":"November 1, 2025","format":false,"excerpt":"\u00a0\u00a0\u00a0\u00a0\u00a0\u00a0 Baubeschrieb Das zentrumsnah in einer Parklandschaft liegende L-f\u00f6rmige Wohngeb\u00e4ude umfasst auf 4 Geschossen 20 Mietwohnungen. Im Untergeschoss befinden sich die Nebenr\u00e4ume und eine grosse Einstellhalle. Auf jedem der identischen Geschosse befinden sich 5 Wohnungen mit je 1 \u00bd, 2 \u00bd, 3 \u00bd, 4 \u00bd und 5 \u00bd Zimmern. Jede\u2026","rel":"","context":"In &quot;Baupreis&quot;","block_context":{"text":"Baupreis","link":"https:\/\/afzo.ch\/wp\/category\/baupreis\/"},"img":{"alt_text":"","src":"https:\/\/i0.wp.com\/afzo.ch\/wp\/wp-content\/uploads\/2025\/11\/02201604000.jpg?fit=600%2C300&ssl=1&resize=350%2C200","width":350,"height":200,"srcset":"https:\/\/i0.wp.com\/afzo.ch\/wp\/wp-content\/uploads\/2025\/11\/02201604000.jpg?fit=600%2C300&ssl=1&resize=350%2C200 1x, https:\/\/i0.wp.com\/afzo.ch\/wp\/wp-content\/uploads\/2025\/11\/02201604000.jpg?fit=600%2C300&ssl=1&resize=525%2C300 1.5x"},"classes":[]},{"id":1019,"url":"https:\/\/afzo.ch\/wp\/wohnueberbauung-widmenwies-widmenwiesstrasse-8620-wetzikon\/","url_meta":{"origin":1007,"position":3},"title":"Wohn\u00fcberbauung Widmenwies | Widmenwiesstrasse \/ 8620 Wetzikon","author":"admin","date":"November 1, 2025","format":false,"excerpt":"\u00a0\u00a0\u00a0\u00a0\u00a0\u00a0 Baubeschrieb Wohn\u00fcberbauung mit 22 Wohneinheiten, bestehend aus sechs linear aneinander gereihten, dreigeschossigen Geb\u00e4uden mit Unterkellerung und Attikageschoss, verbundendurch f\u00fcnf dazwischenliegende Treppenh\u00e4user. Die Geb\u00e4ude weisen im Regelfall im Erdgeschoss und im 1.Obergeschoss je eine grosse Geschosswohnung und im 2.Obergeschosszwei in die Attika reichende Maisonettewohnungen auf. Im r\u00fcckseitig frei liegenden Untergeschoss\u2026","rel":"","context":"In &quot;Baupreis&quot;","block_context":{"text":"Baupreis","link":"https:\/\/afzo.ch\/wp\/category\/baupreis\/"},"img":{"alt_text":"","src":"https:\/\/i0.wp.com\/afzo.ch\/wp\/wp-content\/uploads\/2025\/11\/02200307000.jpg?fit=600%2C300&ssl=1&resize=350%2C200","width":350,"height":200,"srcset":"https:\/\/i0.wp.com\/afzo.ch\/wp\/wp-content\/uploads\/2025\/11\/02200307000.jpg?fit=600%2C300&ssl=1&resize=350%2C200 1x, https:\/\/i0.wp.com\/afzo.ch\/wp\/wp-content\/uploads\/2025\/11\/02200307000.jpg?fit=600%2C300&ssl=1&resize=525%2C300 1.5x"},"classes":[]},{"id":997,"url":"https:\/\/afzo.ch\/wp\/wohnhaus-mit-gewerbeteil-florastrasse-49-8610-uster\/","url_meta":{"origin":1007,"position":4},"title":"Wohnhaus mit Gewerbeteil | Florastrasse 49 \/ 8610 Uster","author":"admin","date":"November 1, 2025","format":false,"excerpt":"\u00a0\u00a0\u00a0\u00a0\u00a0\u00a0 Baubeschrieb Genossenschaftlicher Wohnbau mit 8 Wohneinheiten, Gemeinschaftsraum und Gewerbeteil, sowie mit gemeinschaftlicher Dachterrasse. Der lange, rechteckige Holzelementbau im Minergie-Standard \u00fcber massivem Untergeschoss ist zweigeschossig und weist zwei Dachaufbauten auf. Das Geb\u00e4ude basiert auf einem Raster und ist einfach, \u00fcbersichtlich und \u00f6konomisch aufgebaut. Die Erschliessung erfolgt von einem durchlaufenden inneren\u2026","rel":"","context":"In &quot;Baupreis&quot;","block_context":{"text":"Baupreis","link":"https:\/\/afzo.ch\/wp\/category\/baupreis\/"},"img":{"alt_text":"","src":"https:\/\/i0.wp.com\/afzo.ch\/wp\/wp-content\/uploads\/2025\/11\/02201003000.jpg?fit=600%2C300&ssl=1&resize=350%2C200","width":350,"height":200,"srcset":"https:\/\/i0.wp.com\/afzo.ch\/wp\/wp-content\/uploads\/2025\/11\/02201003000.jpg?fit=600%2C300&ssl=1&resize=350%2C200 1x, https:\/\/i0.wp.com\/afzo.ch\/wp\/wp-content\/uploads\/2025\/11\/02201003000.jpg?fit=600%2C300&ssl=1&resize=525%2C300 1.5x"},"classes":[]},{"id":1025,"url":"https:\/\/afzo.ch\/wp\/wohnueberbauung-wingerstrasse-wingerstrasse-8307-illnau-effretikon\/","url_meta":{"origin":1007,"position":5},"title":"Wohn\u00fcberbauung Wingerstrasse | Wingerstrasse \/ 8307 Illnau-Effretikon","author":"admin","date":"November 1, 2025","format":false,"excerpt":"\u00a0\u00a0\u00a0\u00a0\u00a0\u00a0 Baubeschrieb In 4 Etappen (10\/3\/2\/3 Einheiten) erstellte Reihenhaussiedlung mit 6 Geb\u00e4udetrakten. Dreigeschossige Holzelementbauten in Betonwanne. \u00d6kologische Niedrigenergiebauweise. Holzschnitzelheizungen, Sonnenkollektoranlagen f\u00fcr Warmwassererzeugung, Regenwassernutzung. Bewusst naturnahe Umgebungsgestaltung. W\u00fcrdigung Mit grossem pers\u00f6nlichen Engagement konsequent geplante und gestaltete \u00f6kologische Siedlung. Vielf\u00e4ltiges, grossz\u00fcgiges und zeitgem\u00e4ss gestaltetes, individuelle W\u00fcnsche ber\u00fccksichtigendes Raumangebot. Interessantes, im Inneren sehr\u2026","rel":"","context":"In &quot;Baupreis&quot;","block_context":{"text":"Baupreis","link":"https:\/\/afzo.ch\/wp\/category\/baupreis\/"},"img":{"alt_text":"","src":"https:\/\/i0.wp.com\/afzo.ch\/wp\/wp-content\/uploads\/2025\/11\/02200101000.jpg?fit=600%2C300&ssl=1&resize=350%2C200","width":350,"height":200,"srcset":"https:\/\/i0.wp.com\/afzo.ch\/wp\/wp-content\/uploads\/2025\/11\/02200101000.jpg?fit=600%2C300&ssl=1&resize=350%2C200 1x, https:\/\/i0.wp.com\/afzo.ch\/wp\/wp-content\/uploads\/2025\/11\/02200101000.jpg?fit=600%2C300&ssl=1&resize=525%2C300 1.5x"},"classes":[]}],"jetpack_featured_media_url":"https:\/\/i0.wp.com\/afzo.ch\/wp\/wp-content\/uploads\/2025\/11\/02200705000.jpg?fit=600%2C300&ssl=1","_links":{"self":[{"href":"https:\/\/afzo.ch\/wp\/wp-json\/wp\/v2\/posts\/1007","targetHints":{"allow":["GET"]}}],"collection":[{"href":"https:\/\/afzo.ch\/wp\/wp-json\/wp\/v2\/posts"}],"about":[{"href":"https:\/\/afzo.ch\/wp\/wp-json\/wp\/v2\/types\/post"}],"author":[{"embeddable":true,"href":"https:\/\/afzo.ch\/wp\/wp-json\/wp\/v2\/users\/1"}],"replies":[{"embeddable":true,"href":"https:\/\/afzo.ch\/wp\/wp-json\/wp\/v2\/comments?post=1007"}],"version-history":[{"count":6,"href":"https:\/\/afzo.ch\/wp\/wp-json\/wp\/v2\/posts\/1007\/revisions"}],"predecessor-version":[{"id":2494,"href":"https:\/\/afzo.ch\/wp\/wp-json\/wp\/v2\/posts\/1007\/revisions\/2494"}],"wp:featuredmedia":[{"embeddable":true,"href":"https:\/\/afzo.ch\/wp\/wp-json\/wp\/v2\/media\/2495"}],"wp:attachment":[{"href":"https:\/\/afzo.ch\/wp\/wp-json\/wp\/v2\/media?parent=1007"}],"wp:term":[{"taxonomy":"category","embeddable":true,"href":"https:\/\/afzo.ch\/wp\/wp-json\/wp\/v2\/categories?post=1007"},{"taxonomy":"post_tag","embeddable":true,"href":"https:\/\/afzo.ch\/wp\/wp-json\/wp\/v2\/tags?post=1007"}],"curies":[{"name":"wp","href":"https:\/\/api.w.org\/{rel}","templated":true}]}}